{"id":368026,"date":"2023-11-12T00:01:00","date_gmt":"2023-11-11T23:01:00","guid":{"rendered":"https:\/\/medizinonline.com\/la-dynamique-des-reseaux-neuronaux-sous-la-loupe\/"},"modified":"2023-11-12T00:01:03","modified_gmt":"2023-11-11T23:01:03","slug":"la-dynamique-des-reseaux-neuronaux-sous-la-loupe","status":"publish","type":"post","link":"https:\/\/medizinonline.com\/fr\/la-dynamique-des-reseaux-neuronaux-sous-la-loupe\/","title":{"rendered":"La dynamique des r\u00e9seaux neuronaux sous la loupe"},"content":{"rendered":"\n<p><strong>C&#8217;est l&#8217;un des organes les plus fascinants et les plus myst\u00e9rieux de notre corps &#8211; le cerveau. Il traite les impressions sensorielles, contr\u00f4le notre corps, stocke les informations et fa\u00e7onne notre conscience. L&#8217;un des plus grands myst\u00e8res de la science est de savoir comment les impulsions neuronales empruntent le chemin exact du r\u00e9seau dynamique tr\u00e8s complexe de quelque 100 milliards de neurones et comment les diff\u00e9rentes zones du cerveau interagissent dans l&#8217;espace et dans le temps.  <\/strong><\/p>\n\n<!--more-->\n\n<p><em>(red)  <\/em>Presque tous les processus sensorimoteurs et cognitifs reposent sur l&#8217;activit\u00e9 de grands r\u00e9seaux dans notre cerveau. Pour \u00e9changer et int\u00e9grer des informations, diff\u00e9rentes r\u00e9gions du cerveau doivent se coupler entre elles de mani\u00e8re dynamique. L&#8217;existence de tels couplages a \u00e9t\u00e9 d\u00e9couverte il y a plus de 30 ans. Mais \u00e0 ce jour, on ne sait toujours pas quelle est leur signification fonctionnelle exacte. &#8220;Une fois que nous aurons d\u00e9crypt\u00e9 les m\u00e9canismes sur des sujets sains, nous pourrons \u00e9galement mieux comprendre les pathologies neurologiques et psychiatriques dans lesquelles la communication des r\u00e9seaux c\u00e9r\u00e9braux est modifi\u00e9e&#8221;, a d\u00e9clar\u00e9 le professeur Andreas K. Engel, de Villingen-Schwenningen (Allemagne). Un consortium de recherche interdisciplinaire \u00e9tudie la communication dans les r\u00e9seaux neuronaux du cerveau en \u00e9troite collaboration avec la neurophysiologie, la neurologie, la psychiatrie, les neurosciences syst\u00e9miques et les neurosciences computationnelles. Les m\u00e9thodes utilis\u00e9es par les neuroscientifiques des r\u00e9seaux comprennent par exemple l&#8217;\u00e9lectroenc\u00e9phalographie (EEG, \u00e9lectroenc\u00e9phalogramme), la magn\u00e9toenc\u00e9phalographie (MEG), l&#8217;imagerie par r\u00e9sonance magn\u00e9tique (IRM) structurelle et fonctionnelle, la stimulation magn\u00e9tique transcr\u00e2nienne multifocale (TMS) et la mod\u00e9lisation informatique de r\u00e9seaux neuronaux complexes.<\/p>\n\n<p>Les r\u00e9sultats obtenus jusqu&#8217;\u00e0 pr\u00e9sent par la mod\u00e9lisation, l&#8217;imagerie neuroscientifique et l&#8217;\u00e9lectrophysiologie indiquent que les couplages dynamiques des signaux dans le cortex jouent un r\u00f4le cl\u00e9 dans le d\u00e9veloppement de la perception, de l&#8217;attention, de la m\u00e9moire, du langage, du raisonnement et de la r\u00e9solution de probl\u00e8mes. &#8220;La comparaison des donn\u00e9es sur la dynamique des signaux neuronaux dans le cerveau sain et dans le cerveau malade a \u00e9galement permis d&#8217;obtenir des indications sur le r\u00f4le que joue la dynamique modifi\u00e9e du r\u00e9seau dans des maladies telles que la schizophr\u00e9nie&#8221;, a rapport\u00e9 l&#8217;expert.<\/p>\n\n<h3 id=\"la-dynamique-de-reseau-comme-biomarqueur-de-levolution-des-maladies-psychiatriques\" class=\"wp-block-heading\">La dynamique de r\u00e9seau comme biomarqueur de l&#8217;\u00e9volution des maladies psychiatriques<\/h3>\n\n<p>Chez les personnes pr\u00e9sentant les premiers sympt\u00f4mes ou risquant de d\u00e9velopper une psychose, des exp\u00e9riences de MEG visant \u00e0 mesurer l&#8217;activit\u00e9 c\u00e9r\u00e9brale ont mis en \u00e9vidence des d\u00e9ficits li\u00e9s \u00e0 la maladie par rapport \u00e0 des t\u00e9moins sains. Les changements caract\u00e9ristiques de l&#8217;activit\u00e9 c\u00e9r\u00e9brale dans le cortex auditif primaire peuvent \u00eatre consid\u00e9r\u00e9s comme des biomarqueurs potentiels pour pr\u00e9dire l&#8217;\u00e9volution clinique de maladies psychiatriques telles que la psychose.  <\/p>\n\n<p>De nombreux processus se d\u00e9roulent en parall\u00e8le lors du traitement des impressions sensorielles. L&#8217;homme est multit\u00e2che et peut, par exemple, faire le m\u00e9nage et \u00e9couter la radio en m\u00eame temps. Dans la vie quotidienne, le processus d&#8217;int\u00e9gration multisensorielle, qui permet l&#8217;\u00e9change d&#8217;informations entre les syst\u00e8mes sensoriels respectivement impliqu\u00e9s, est d&#8217;une grande importance. En cas de maladie, le traitement simultan\u00e9 des impressions sensorielles peut \u00eatre modifi\u00e9. En prenant l&#8217;exemple du traitement des signaux visuels et sonores, des chercheurs berlinois ont d\u00e9couvert, gr\u00e2ce \u00e0 des mesures de l&#8217;activit\u00e9 c\u00e9r\u00e9brale par EEG, que l&#8217;int\u00e9gration multisensorielle peut aider \u00e0 compenser les d\u00e9ficits d&#8217;attention qui existent dans le traitement des canaux sensoriels individuels chez les personnes atteintes de schizophr\u00e9nie.<\/p>\n\n<h3 id=\"influence-de-lactivite-neuromodulatrice-sur-les-reseaux-cerebraux\" class=\"wp-block-heading\">Influence de l&#8217;activit\u00e9 neuromodulatrice sur les r\u00e9seaux c\u00e9r\u00e9braux<\/h3>\n\n<p>Dans un environnement changeant, le comportement doit \u00eatre constamment adapt\u00e9 avec souplesse. Cela est notamment rendu possible par la lib\u00e9ration de neuromodulateurs \u00e0 partir des noyaux sous-corticaux, qui contr\u00f4lent de mani\u00e8re dynamique l&#8217;excitabilit\u00e9 neuronale dans le reste du cerveau. Jusqu&#8217;\u00e0 pr\u00e9sent, il \u00e9tait difficile d&#8217;\u00e9valuer ce ph\u00e9nom\u00e8ne de mani\u00e8re non invasive. Des recherches r\u00e9centes indiquent d\u00e9sormais qu&#8217;il existe un lien \u00e9troit entre la dilatation des pupilles et l&#8217;effet des signaux neuromodulateurs sur les sch\u00e9mas d&#8217;activit\u00e9 du cortex c\u00e9r\u00e9bral. &#8220;Les r\u00e9sultats de la recherche sur le lien entre la neuromodulation, la dynamique corticale et le comportement jettent les bases d&#8217;une meilleure compr\u00e9hension de l&#8217;adaptation des processus cognitifs \u00e0 un environnement dans lequel les stimuli changent de plus en plus rapidement&#8221;, a comment\u00e9 Engel.<\/p>\n\n<p>D&#8217;autres activit\u00e9s de recherche visent \u00e0 \u00e9tudier les diff\u00e9rentes dynamiques de r\u00e9seau dans le cerveau qui se produisent \u00e0 l&#8217;\u00e9tat de veille, pendant le sommeil ou sous anesth\u00e9sie. L&#8217;activit\u00e9 \u00e9lectrique c\u00e9r\u00e9brale continue g\u00e9n\u00e8re des motifs EEG reproductibles \u00e0 la surface du cuir chevelu, qui refl\u00e8tent les changements d&#8217;\u00e9tat de conscience. La modification de ces sch\u00e9mas EEG est caract\u00e9ristique de diff\u00e9rentes formes de conscience r\u00e9duite pendant le sommeil ou sous anesth\u00e9sie. Mais pour appr\u00e9hender ces changements avec pr\u00e9cision, il est tr\u00e8s probable que des mod\u00e8les complexes de l&#8217;activit\u00e9 de l&#8217;ensemble du cerveau soient n\u00e9cessaires.<\/p>\n\n<p><em>Source: \u00abWie das Gehirn funktioniert: neue Erkenntnisse zur Dynamik neuronaler Netze\u00bb, Prof. Andreas K. Engel: Wie Bewusstsein entsteht, das Gehirn Entscheidungen vorbereitet und die Sinne zusammenwirken: neue Erkenntnisse zur Dynamik neuronaler Netzwerke, DGKN 2023.<\/em><\/p>\n\n<p><\/p>\n\n<p><\/p>\n\n<p class=\"has-small-font-size\"><em>InFo NEUROLOGIE &amp; PSYCHIATRIE 2023; 21(5): 18 <\/em><\/p>\n","protected":false},"excerpt":{"rendered":"<p>C&#8217;est l&#8217;un des organes les plus fascinants et les plus myst\u00e9rieux de notre corps &#8211; le cerveau. Il traite les impressions sensorielles, contr\u00f4le notre corps, stocke les informations et fa\u00e7onne&hellip;<\/p>\n","protected":false},"author":7,"featured_media":368042,"comment_status":"closed","ping_status":"closed","sticky":false,"template":"","format":"standard","meta":{"_acf_changed":false,"pmpro_default_level":"","cat_1_feature_home_top":false,"cat_2_editor_pick":false,"csco_eyebrow_text":"Fonctions du cerveau","footnotes":""},"category":[11383,11535,11549],"tags":[71619,71617,71615],"powerkit_post_featured":[],"class_list":["post-368026","post","type-post","status-publish","format-standard","has-post-thumbnail","category-neurologie-fr","category-rapports-de-congres","category-rx-fr","tag-cellules-nerveuses","tag-neurones","tag-zones-du-cerveau","pmpro-has-access"],"acf":[],"publishpress_future_action":{"enabled":false,"date":"2026-05-05 02:48:08","action":"change-status","newStatus":"draft","terms":[],"taxonomy":"category","extraData":[]},"publishpress_future_workflow_manual_trigger":{"enabledWorkflows":[]},"wpml_current_locale":"fr_FR","wpml_translations":{"it_IT":{"locale":"it_IT","id":368046,"slug":"la-dinamica-delle-reti-neurali-al-microscopio","post_title":"La dinamica delle reti neurali al microscopio","href":"https:\/\/medizinonline.com\/it\/la-dinamica-delle-reti-neurali-al-microscopio\/"},"pt_PT":{"locale":"pt_PT","id":368064,"slug":"a-dinamica-das-redes-neuronais-ao-microscopio","post_title":"A din\u00e2mica das redes neuronais ao microsc\u00f3pio","href":"https:\/\/medizinonline.com\/pt-pt\/a-dinamica-das-redes-neuronais-ao-microscopio\/"},"es_ES":{"locale":"es_ES","id":368074,"slug":"la-dinamica-de-las-redes-neuronales-bajo-el-microscopio","post_title":"La din\u00e1mica de las redes neuronales bajo el microscopio","href":"https:\/\/medizinonline.com\/es\/la-dinamica-de-las-redes-neuronales-bajo-el-microscopio\/"}},"_links":{"self":[{"href":"https:\/\/medizinonline.com\/fr\/wp-json\/wp\/v2\/posts\/368026","targetHints":{"allow":["GET"]}}],"collection":[{"href":"https:\/\/medizinonline.com\/fr\/wp-json\/wp\/v2\/posts"}],"about":[{"href":"https:\/\/medizinonline.com\/fr\/wp-json\/wp\/v2\/types\/post"}],"author":[{"embeddable":true,"href":"https:\/\/medizinonline.com\/fr\/wp-json\/wp\/v2\/users\/7"}],"replies":[{"embeddable":true,"href":"https:\/\/medizinonline.com\/fr\/wp-json\/wp\/v2\/comments?post=368026"}],"version-history":[{"count":2,"href":"https:\/\/medizinonline.com\/fr\/wp-json\/wp\/v2\/posts\/368026\/revisions"}],"predecessor-version":[{"id":369585,"href":"https:\/\/medizinonline.com\/fr\/wp-json\/wp\/v2\/posts\/368026\/revisions\/369585"}],"wp:featuredmedia":[{"embeddable":true,"href":"https:\/\/medizinonline.com\/fr\/wp-json\/wp\/v2\/media\/368042"}],"wp:attachment":[{"href":"https:\/\/medizinonline.com\/fr\/wp-json\/wp\/v2\/media?parent=368026"}],"wp:term":[{"taxonomy":"category","embeddable":true,"href":"https:\/\/medizinonline.com\/fr\/wp-json\/wp\/v2\/category?post=368026"},{"taxonomy":"post_tag","embeddable":true,"href":"https:\/\/medizinonline.com\/fr\/wp-json\/wp\/v2\/tags?post=368026"},{"taxonomy":"powerkit_post_featured","embeddable":true,"href":"https:\/\/medizinonline.com\/fr\/wp-json\/wp\/v2\/powerkit_post_featured?post=368026"}],"curies":[{"name":"wp","href":"https:\/\/api.w.org\/{rel}","templated":true}]}}