{"id":368457,"date":"2023-11-26T00:01:00","date_gmt":"2023-11-25T23:01:00","guid":{"rendered":"https:\/\/medizinonline.com\/lancement-dun-projet-innovant-et-pionnier\/"},"modified":"2023-10-30T14:50:14","modified_gmt":"2023-10-30T13:50:14","slug":"lancement-dun-projet-innovant-et-pionnier","status":"publish","type":"post","link":"https:\/\/medizinonline.com\/fr\/lancement-dun-projet-innovant-et-pionnier\/","title":{"rendered":"Lancement d&#8217;un projet innovant et pionnier"},"content":{"rendered":"\n<p><strong>Dans le contexte de l&#8217;\u00e9volution d\u00e9mographique et de l&#8217;augmentation du nombre de patients souffrant de maladies chroniques et de multimorbidit\u00e9, les soins de sant\u00e9 coordonn\u00e9s et en r\u00e9seau gagnent en importance. Pour traiter les patients en fonction de leurs besoins, il sera probablement n\u00e9cessaire de passer encore davantage du secteur hospitalier \u00e0 des mod\u00e8les de soins ambulatoires, int\u00e9gr\u00e9s et de proximit\u00e9. Le &#8220;R\u00e9seau de l&#8217;Arc&#8221; est un exemple de mod\u00e8le de soins int\u00e9gr\u00e9s pour la r\u00e9gion de l&#8217;Arc jurassien.  <\/strong><\/p>\n\n<!--more-->\n\n<p>Lorsqu&#8217;un nombre croissant de personnes souffrant de maladies chroniques et ayant des besoins diff\u00e9rents est confront\u00e9 \u00e0 des ressources limit\u00e9es en professionnels de la sant\u00e9, de nouvelles solutions sont n\u00e9cessaires. Un rapport de la Conf\u00e9rence suisse des directrices et directeurs cantonaux de la sant\u00e9 (CDS) publi\u00e9 en 2019 indique qu&#8217;une r\u00e9ponse centrale \u00e0 ces \u00e9volutions r\u00e9side dans une meilleure mise en r\u00e9seau et coordination des soins de sant\u00e9 [1]. C&#8217;est ce que l&#8217;on appelle les &#8220;soins int\u00e9gr\u00e9s&#8221;, un sujet toujours d&#8217;actualit\u00e9 et tr\u00e8s d\u00e9battu. Le projet &#8220;R\u00e9seau de l&#8217;Arc&#8221; est un exemple de nouvelle impulsion donn\u00e9e au syst\u00e8me de sant\u00e9 qui va dans ce sens &#8211; d\u00e8s 2024, un produit alternatif d&#8217;assurance de base bas\u00e9 sur un remboursement forfaitaire par adh\u00e9rent devrait \u00eatre lanc\u00e9 sur le march\u00e9 [2]. L&#8217;introduction du produit alternatif d&#8217;assurance de base conforme \u00e0 la LAMal &#8220;R\u00e9seau de l&#8217;Arc&#8221; est pr\u00e9vue pour l&#8217;ann\u00e9e d&#8217;assurance 2024, comme l&#8217;indique un communiqu\u00e9 de presse du canton de Berne [2]. Selon lui, il s&#8217;agit d&#8217;une initiative importante pour garantir les soins m\u00e9dicaux de base m\u00eame dans les r\u00e9gions p\u00e9riph\u00e9riques.<\/p>\n\n<h3 id=\"objectif-des-soins-de-sante-efficaces-et-axes-sur-le-patient\" class=\"wp-block-heading\">Objectif : des soins de sant\u00e9 efficaces et ax\u00e9s sur le patient  <\/h3>\n\n<p>La pr\u00e9valence des maladies chroniques telles que le diab\u00e8te, la BPCO, l&#8217;asthme ou la d\u00e9pression est en augmentation et les possibilit\u00e9s m\u00e9dicales se sont \u00e9largies. D&#8217;autre part, le traitement et le suivi des patients se sont fortement sp\u00e9cialis\u00e9s et fragment\u00e9s au cours des derni\u00e8res d\u00e9cennies, ce qui entra\u00eene un risque de manque d&#8217;informations ou de perte d&#8217;informations importantes [1]. Il en r\u00e9sulte un besoin de mieux coordonner les diff\u00e9rentes \u00e9tapes du traitement. Le potentiel des soins int\u00e9gr\u00e9s pour am\u00e9liorer l&#8217;efficacit\u00e9, la s\u00e9curit\u00e9 des patients et la qualit\u00e9 des r\u00e9sultats n&#8217;est actuellement exploit\u00e9 que dans une faible mesure. Des initiatives sont donc n\u00e9cessaires pour promouvoir de mani\u00e8re cibl\u00e9e la mise en r\u00e9seau et la coordination dans l&#8217;optique de soins int\u00e9gr\u00e9s.  <\/p>\n\n<h3 id=\"tous-les-services-integres-dans-une-seule-organisation\" class=\"wp-block-heading\">Tous les services int\u00e9gr\u00e9s dans une seule organisation  <\/h3>\n\n<p>Le Swiss Medical Network, Visana et le canton de Berne souhaitent lancer ensemble un syst\u00e8me de sant\u00e9 enti\u00e8rement int\u00e9gr\u00e9 qui, avec les deux sites hospitaliers de Moutier et Saint-Imier, les diff\u00e9rents Medicentres et le P\u00f4le Sant\u00e9 Mentale, pourra offrir aux habitants de l&#8217;Arc jurassien, pour la premi\u00e8re fois en Suisse, toutes les prestations m\u00e9dicales (pr\u00e9vention, soins de base, prestations hospitali\u00e8res et soins aux personnes \u00e2g\u00e9es) \u00e0 partir d&#8217;une seule source et avec un produit d&#8217;assurance maladie correspondant [2]. Le R\u00e9seau de l&#8217;Arc compl\u00e8tera progressivement son offre de soins en int\u00e9grant d&#8217;autres prestataires de soins, par exemple dans le domaine des soins ambulatoires, et en mettant en place des partenariats cibl\u00e9s, adapt\u00e9s aux besoins de chacun de ses membres.<\/p>\n\n<h3 id=\"modele-dassurance-approuve-par-lofsp-kaiser-permanente-comme-modele\" class=\"wp-block-heading\">Mod\u00e8le d&#8217;assurance approuv\u00e9 par l&#8217;OFSP &#8211; Kaiser Permanente comme mod\u00e8le  <\/h3>\n\n<p>Le Swiss Medical Network est un groupe de cliniques, d&#8217;h\u00f4pitaux et de centres m\u00e9dicaux pr\u00e9sents dans toutes les r\u00e9gions linguistiques de Suisse. Selon un communiqu\u00e9 de presse, Swiss Medical Network et le groupe d&#8217;assurance bernois Visana ont renforc\u00e9 leur partenariat dans le domaine des soins int\u00e9gr\u00e9s et leur mod\u00e8le d&#8217;assurance a \u00e9t\u00e9 approuv\u00e9 le 18 septembre 2023 par l&#8217;Office f\u00e9d\u00e9ral de la sant\u00e9 publique (OFSP) [3]. Le mod\u00e8le \u00e9conomique du &#8220;R\u00e9seau de l&#8217;Arc&#8221; repose sur une approche inspir\u00e9e de Kaiser Permanente, un pionnier des soins int\u00e9gr\u00e9s sur la c\u00f4te ouest des \u00c9tats-Unis. Afin d&#8217;inciter tous les acteurs, y compris les assur\u00e9s, \u00e0 agir de mani\u00e8re responsable, le syst\u00e8me de r\u00e9mun\u00e9ration des prestations individuelles est remplac\u00e9 par un financement par membre. L&#8217;organisation de la sant\u00e9 et ses diff\u00e9rents acteurs sont donc directement incit\u00e9s \u00e0 maintenir les personnes en bonne sant\u00e9 et \u00e0 fournir les services les plus efficaces aux membres qui en ont besoin. Les incitations quantitatives disparaissent et l&#8217;on part du principe que tous les acteurs sont motiv\u00e9s pour assurer le flux d&#8217;informations pour des soins plus efficaces. Cela devrait permettre d&#8217;am\u00e9liorer l&#8217;efficacit\u00e9 et la qualit\u00e9 et de r\u00e9duire les co\u00fbts. En Espagne, l&#8217;organisation &#8220;Ribera Salud&#8221; g\u00e8re \u00e9galement un syst\u00e8me similaire avec succ\u00e8s dans certaines r\u00e9gions depuis plus de 20 ans [2].  <\/p>\n\n<p>Litt\u00e9rature :<\/p>\n\n<ol class=\"wp-block-list\">\n<li>&#8220;Impulsions pour les soins int\u00e9gr\u00e9s dans les cantons : un guide&#8221;, 2019, <a href=\"http:\/\/www.gdk-cds.ch\" target=\"_blank\" rel=\"noopener\">www.gdk-cds.ch<\/a> (derni\u00e8re consultation 10.10.2023).  <\/li>\n\n\n\n<li>&#8220;Changement de paradigme dans le syst\u00e8me de sant\u00e9 suisse : premi\u00e8re organisation de soins int\u00e9gr\u00e9s de Suisse pour l&#8217;Arc jurassien&#8221;, 28.10.2022, <a href=\"http:\/\/www.gsi.be.ch\" target=\"_blank\" rel=\"noopener\">www.gsi.be.ch,<\/a>(derni\u00e8re consultation 10.10.2023).  <\/li>\n\n\n\n<li>&#8220;Nous avons besoin d&#8217;une consolidation et d&#8217;un approvisionnement plus efficace&#8221;, 25.09.2023, <a href=\"http:\/\/www.swissmedical.net\" target=\"_blank\" rel=\"noopener\">www.swissmedical.net,<\/a>(derni\u00e8re consultation 10.10.2023).<\/li>\n<\/ol>\n\n<p><\/p>\n\n<p class=\"has-small-font-size\"><em>HAUSARZT PRAXIS 2023 ; 18(10) : 47 (publi\u00e9 le 30.10.23, ahead of print)<\/em><\/p>\n","protected":false},"excerpt":{"rendered":"<p>Dans le contexte de l&#8217;\u00e9volution d\u00e9mographique et de l&#8217;augmentation du nombre de patients souffrant de maladies chroniques et de multimorbidit\u00e9, les soins de sant\u00e9 coordonn\u00e9s et en r\u00e9seau gagnent en&hellip;<\/p>\n","protected":false},"author":7,"featured_media":368464,"comment_status":"closed","ping_status":"closed","sticky":false,"template":"","format":"standard","meta":{"_acf_changed":false,"pmpro_default_level":"","cat_1_feature_home_top":false,"cat_2_editor_pick":false,"csco_eyebrow_text":"Mod\u00e8les de soins int\u00e9gr\u00e9s  ","footnotes":""},"category":[11546,11315,11482,11549],"tags":[71806,71805],"powerkit_post_featured":[],"class_list":["post-368457","post","type-post","status-publish","format-standard","has-post-thumbnail","category-gestion-du-cabinet-medical","category-medecine-interne-generale","category-prevention-et-soins-de-sante","category-rx-fr","tag-modele-de-soins-integres","tag-modeles-de-soins-integres","pmpro-has-access"],"acf":[],"publishpress_future_action":{"enabled":false,"date":"2026-05-08 13:14:02","action":"change-status","newStatus":"draft","terms":[],"taxonomy":"category","extraData":[]},"publishpress_future_workflow_manual_trigger":{"enabledWorkflows":[]},"wpml_current_locale":"fr_FR","wpml_translations":{"it_IT":{"locale":"it_IT","id":368469,"slug":"lancio-di-un-progetto-innovativo-dal-carattere-pionieristico","post_title":"Lancio di un progetto innovativo dal carattere pionieristico","href":"https:\/\/medizinonline.com\/it\/lancio-di-un-progetto-innovativo-dal-carattere-pionieristico\/"},"pt_PT":{"locale":"pt_PT","id":368474,"slug":"lancamento-de-um-projeto-inovador-com-caracter-pioneiro","post_title":"Lan\u00e7amento de um projeto inovador com car\u00e1cter pioneiro","href":"https:\/\/medizinonline.com\/pt-pt\/lancamento-de-um-projeto-inovador-com-caracter-pioneiro\/"},"es_ES":{"locale":"es_ES","id":368485,"slug":"lanzamiento-de-un-proyecto-innovador-con-caracter-pionero","post_title":"Lanzamiento de un proyecto innovador con car\u00e1cter pionero","href":"https:\/\/medizinonline.com\/es\/lanzamiento-de-un-proyecto-innovador-con-caracter-pionero\/"}},"_links":{"self":[{"href":"https:\/\/medizinonline.com\/fr\/wp-json\/wp\/v2\/posts\/368457","targetHints":{"allow":["GET"]}}],"collection":[{"href":"https:\/\/medizinonline.com\/fr\/wp-json\/wp\/v2\/posts"}],"about":[{"href":"https:\/\/medizinonline.com\/fr\/wp-json\/wp\/v2\/types\/post"}],"author":[{"embeddable":true,"href":"https:\/\/medizinonline.com\/fr\/wp-json\/wp\/v2\/users\/7"}],"replies":[{"embeddable":true,"href":"https:\/\/medizinonline.com\/fr\/wp-json\/wp\/v2\/comments?post=368457"}],"version-history":[{"count":1,"href":"https:\/\/medizinonline.com\/fr\/wp-json\/wp\/v2\/posts\/368457\/revisions"}],"predecessor-version":[{"id":368465,"href":"https:\/\/medizinonline.com\/fr\/wp-json\/wp\/v2\/posts\/368457\/revisions\/368465"}],"wp:featuredmedia":[{"embeddable":true,"href":"https:\/\/medizinonline.com\/fr\/wp-json\/wp\/v2\/media\/368464"}],"wp:attachment":[{"href":"https:\/\/medizinonline.com\/fr\/wp-json\/wp\/v2\/media?parent=368457"}],"wp:term":[{"taxonomy":"category","embeddable":true,"href":"https:\/\/medizinonline.com\/fr\/wp-json\/wp\/v2\/category?post=368457"},{"taxonomy":"post_tag","embeddable":true,"href":"https:\/\/medizinonline.com\/fr\/wp-json\/wp\/v2\/tags?post=368457"},{"taxonomy":"powerkit_post_featured","embeddable":true,"href":"https:\/\/medizinonline.com\/fr\/wp-json\/wp\/v2\/powerkit_post_featured?post=368457"}],"curies":[{"name":"wp","href":"https:\/\/api.w.org\/{rel}","templated":true}]}}