{"id":368510,"date":"2023-11-05T14:00:00","date_gmt":"2023-11-05T13:00:00","guid":{"rendered":"https:\/\/medizinonline.com\/mortalite-hospitaliere-un-regard-sur-la-situation-actuelle\/"},"modified":"2023-11-05T14:00:07","modified_gmt":"2023-11-05T13:00:07","slug":"mortalite-hospitaliere-un-regard-sur-la-situation-actuelle","status":"publish","type":"post","link":"https:\/\/medizinonline.com\/fr\/mortalite-hospitaliere-un-regard-sur-la-situation-actuelle\/","title":{"rendered":"Mortalit\u00e9 hospitali\u00e8re &#8211; Un regard sur la situation actuelle"},"content":{"rendered":"\n<p><strong>Une \u00e9tude de cohorte repr\u00e9sentative portant sur les donn\u00e9es de plus de 5000 patients hospitalis\u00e9s en Suisse montre que, par rapport \u00e0 la grippe A ou B, le variant Omikron de Corona \u00e9tait associ\u00e9 \u00e0 un risque de mortalit\u00e9 1,5 fois plus \u00e9lev\u00e9. Le professeur Christoph Spinner, chef de clinique en infectiologie clinique \u00e0 l&#8217;h\u00f4pital Klinikum rechts der Isar de l&#8217;universit\u00e9 technique de Munich, donne un aper\u00e7u de la situation actuelle du COVID en termes de mortalit\u00e9 hospitali\u00e8re [1].<\/strong><\/p>\n\n<!--more-->\n\n<p>Les coronavirus tirent leur nom des \u00e9pines en forme de couronne qui se trouvent \u00e0 leur surface. Il s&#8217;agit de virus \u00e0 acide ribonucl\u00e9ique (ARN) envelopp\u00e9s, \u00e0 brin positif, qui sont par cons\u00e9quent sensibles aux influences environnementales. Bien que, comme tous les virus envelopp\u00e9s, ils ne puissent pas se maintenir \u00e9ternellement, les coronavirus humains jouent depuis longtemps un r\u00f4le important en tant qu&#8217;agents pathog\u00e8nes des infections respiratoires saisonni\u00e8res. Ils peuvent provoquer des pathologies associ\u00e9es \u00e0 la grippe g\u00e9n\u00e9rale mais aussi \u00e0 des maladies respiratoires banales. Le syndrome respiratoire du Moyen-Orient (MERS) et le coronavirus du syndrome respiratoire aigu s\u00e9v\u00e8re (SRAS-CoV-1) ont \u00e9t\u00e9 les premiers agents pathog\u00e8nes \u00e0 provoquer des pneumonies profondes et des maladies graves, respectivement en 2012 et 2002. Cependant, contrairement au SRAS-CoV-2, qui appartient \u00e9galement \u00e0 la famille des b\u00eata-coronavirus et a \u00e9t\u00e9 observ\u00e9 pour la premi\u00e8re fois en d\u00e9cembre 2019, ces derniers se sont arr\u00eat\u00e9s d&#8217;eux-m\u00eames. En r\u00e8gle g\u00e9n\u00e9rale, tous les coronavirus ont un h\u00f4te naturel dans lequel ils peuvent se multiplier de mani\u00e8re significative et \u00e0 une \u00e9chelle pertinente avant de passer \u00e0 des h\u00f4tes interm\u00e9diaires. Jusqu&#8217;\u00e0 pr\u00e9sent, il n&#8217;a toutefois pas \u00e9t\u00e9 possible de d\u00e9terminer de mani\u00e8re d\u00e9finitive quel h\u00f4te interm\u00e9diaire a introduit les infections par le SRAS-CoV-2 dans l&#8217;humanit\u00e9 et a ainsi d\u00e9clench\u00e9 la pand\u00e9mie de COVID-19.  <\/p>\n\n<h3 id=\"historique-covid-19-omicron\" class=\"wp-block-heading\">Historique COVID-19 (Omicron)<\/h3>\n\n<p>Apr\u00e8s la phase initiale d&#8217;infection, il y a une sorte de p\u00e9riode de latence dans les premiers jours, comme pour toutes les variantes du virus du SRAS-CoV-2. On sait d\u00e9sormais que la p\u00e9riode d&#8217;incubation est en moyenne de quelques jours (trois \u00e0 cinq jours) et que la maladie est infectieuse avant m\u00eame le d\u00e9but des sympt\u00f4mes. Camilla Rothe, de l&#8217;Institut tropical, a d\u00e9crit ce ph\u00e9nom\u00e8ne d\u00e8s le premier patient hors d&#8217;Asie au printemps 2020. Comme on le sait d\u00e9j\u00e0 pour d&#8217;autres maladies respiratoires, l&#8217;infectiosit\u00e9 du SRAS-CoV-2 est apparue un \u00e0 deux jours avant le d\u00e9but des sympt\u00f4mes. Apr\u00e8s la p\u00e9riode initiale de latence et d&#8217;incubation d&#8217;environ quelques jours \u00e0 une semaine, la symptomatologie dure g\u00e9n\u00e9ralement une semaine et correspond \u00e0 une maladie respiratoire classique avec des sympt\u00f4mes g\u00e9n\u00e9raux tels que fi\u00e8vre, douleurs musculaires mais aussi des sympt\u00f4mes respiratoires comme c&#8217;est le cas pour d&#8217;autres maladies respiratoires saisonni\u00e8res. L&#8217;infectiosit\u00e9 persiste pendant quelques jours apr\u00e8s la disparition des sympt\u00f4mes. En outre, les personnes vaccin\u00e9es sont tout aussi susceptibles de transmettre l&#8217;infection que les personnes non vaccin\u00e9es, ce qui fait de la transmissibilit\u00e9 du SRAS-CoV-2 un probl\u00e8me majeur \u00e0 ce jour, car le virus se transmet beaucoup plus facilement que d&#8217;autres maladies respiratoires [2,3]. Les donn\u00e9es su\u00e9doises montrent que les personnes non vaccin\u00e9es \u00e9taient particuli\u00e8rement expos\u00e9es \u00e0 une probabilit\u00e9 allant jusqu&#8217;\u00e0 37% de d\u00e9velopper une forme grave de COVID-19, alors que la vaccination permettait g\u00e9n\u00e9ralement d&#8217;obtenir une nette diminution de la gravit\u00e9 de la maladie dans la population g\u00e9n\u00e9rale [4].<\/p>\n\n<h3 id=\"la-mortalite-liee-au-covid-19-a-nettement-regresse-au-cours-de-la-pandemie\" class=\"wp-block-heading\">La mortalit\u00e9 li\u00e9e au COVID-19 a nettement r\u00e9gress\u00e9 au cours de la pand\u00e9mie<\/h3>\n\n<p>Une pr\u00e9sentation du Financial Times montre que la mortalit\u00e9 li\u00e9e au COVID-19 a consid\u00e9rablement \u00e9volu\u00e9 pendant la pand\u00e9mie. Au d\u00e9but de la pand\u00e9mie, en juillet 2020, la mortalit\u00e9 li\u00e9e \u00e0 une maladie COVID-19 sera encore environ 20 fois plus \u00e9lev\u00e9e que la mortalit\u00e9 li\u00e9e \u00e0 la grippe. En immunisant principalement les groupes dits vuln\u00e9rables, au d\u00e9but de la disponibilit\u00e9 de la campagne de vaccination \u00e0 partir de fin 2020 et d\u00e9but 2021, nous avons r\u00e9ussi \u00e0 r\u00e9duire la mortalit\u00e9 d&#8217;un facteur cinq environ par rapport \u00e0 la grippe. En outre, l&#8217;application de la campagne de rappel n\u00e9cessaire au cours de l&#8217;ann\u00e9e a permis de r\u00e9duire encore la mortalit\u00e9 et la virulence r\u00e9duite d&#8217;Omikron a \u00e9galement rendu COVID-19 moins effrayant et moins dangereux. Les donn\u00e9es du Royaume-Uni montrent que la mortalit\u00e9 due au COVID-19 a maintenant consid\u00e9rablement diminu\u00e9 par rapport \u00e0 celle due \u00e0 la grippe [5].  <\/p>\n<div class=\"wp-block-image\">\n<figure class=\"aligncenter size-full is-resized\"><a href=\"https:\/\/medizinonline.com\/wp-content\/uploads\/2023\/10\/abb1_HP10_s31.png\"><img fetchpriority=\"high\" decoding=\"async\" width=\"1479\" height=\"916\" src=\"https:\/\/medizinonline.com\/wp-content\/uploads\/2023\/10\/abb1_HP10_s31.png\" alt=\"\" class=\"wp-image-368276\" style=\"width:500px\" srcset=\"https:\/\/medizinonline.com\/wp-content\/uploads\/2023\/10\/abb1_HP10_s31.png 1479w, https:\/\/medizinonline.com\/wp-content\/uploads\/2023\/10\/abb1_HP10_s31-800x495.png 800w, https:\/\/medizinonline.com\/wp-content\/uploads\/2023\/10\/abb1_HP10_s31-1160x718.png 1160w, https:\/\/medizinonline.com\/wp-content\/uploads\/2023\/10\/abb1_HP10_s31-120x74.png 120w, https:\/\/medizinonline.com\/wp-content\/uploads\/2023\/10\/abb1_HP10_s31-90x56.png 90w, https:\/\/medizinonline.com\/wp-content\/uploads\/2023\/10\/abb1_HP10_s31-320x198.png 320w, https:\/\/medizinonline.com\/wp-content\/uploads\/2023\/10\/abb1_HP10_s31-560x347.png 560w, https:\/\/medizinonline.com\/wp-content\/uploads\/2023\/10\/abb1_HP10_s31-240x149.png 240w, https:\/\/medizinonline.com\/wp-content\/uploads\/2023\/10\/abb1_HP10_s31-180x111.png 180w, https:\/\/medizinonline.com\/wp-content\/uploads\/2023\/10\/abb1_HP10_s31-640x396.png 640w, https:\/\/medizinonline.com\/wp-content\/uploads\/2023\/10\/abb1_HP10_s31-1120x694.png 1120w\" sizes=\"(max-width: 1479px) 100vw, 1479px\" \/><\/a><\/figure>\n<\/div>\n<h3 id=\"comparaison-de-la-mortalite-due-au-covid-19-avec-la-couverture-vaccinale-dans-trois-pays\" class=\"wp-block-heading\">Comparaison de la mortalit\u00e9 due au COVID-19 avec la couverture vaccinale dans trois pays<\/h3>\n\n<p>Au d\u00e9but de la pand\u00e9mie, la mortalit\u00e9 due \u00e0 COVID-19 \u00e9tait significativement \u00e9lev\u00e9e aux \u00c9tats-Unis d&#8217;Am\u00e9rique, en Allemagne et au Japon. Le taux de mortalit\u00e9 a \u00e9volu\u00e9 au cours de la pand\u00e9mie : alors que le taux de mortalit\u00e9 aux \u00c9tats-Unis est toujours d&#8217;environ 1% \u00e0 la mi-2023, il est pass\u00e9 bien en dessous de 0,5% en Allemagne et m\u00eame de 0,2% au Japon<strong> (figure 1)<\/strong> [6]. En effet, plus de 80% des Japonais, plus de 75% des Allemands et moins de 70% des Am\u00e9ricains ont re\u00e7u un ou plusieurs vaccins contre le COVID-19<strong> (figure 2) <\/strong>[6].<\/p>\n<div class=\"wp-block-image\">\n<figure class=\"aligncenter size-full is-resized\"><a href=\"https:\/\/medizinonline.com\/wp-content\/uploads\/2023\/10\/abb2_HP10_s32.png\"><img decoding=\"async\" width=\"1493\" height=\"1060\" data-src=\"https:\/\/medizinonline.com\/wp-content\/uploads\/2023\/10\/abb2_HP10_s32.png\" alt=\"\" class=\"wp-image-368277 lazyload\" style=\"--smush-placeholder-width: 1493px; --smush-placeholder-aspect-ratio: 1493\/1060;width:500px\" data-srcset=\"https:\/\/medizinonline.com\/wp-content\/uploads\/2023\/10\/abb2_HP10_s32.png 1493w, https:\/\/medizinonline.com\/wp-content\/uploads\/2023\/10\/abb2_HP10_s32-800x568.png 800w, https:\/\/medizinonline.com\/wp-content\/uploads\/2023\/10\/abb2_HP10_s32-1160x824.png 1160w, https:\/\/medizinonline.com\/wp-content\/uploads\/2023\/10\/abb2_HP10_s32-120x85.png 120w, https:\/\/medizinonline.com\/wp-content\/uploads\/2023\/10\/abb2_HP10_s32-90x64.png 90w, https:\/\/medizinonline.com\/wp-content\/uploads\/2023\/10\/abb2_HP10_s32-320x227.png 320w, https:\/\/medizinonline.com\/wp-content\/uploads\/2023\/10\/abb2_HP10_s32-560x398.png 560w, https:\/\/medizinonline.com\/wp-content\/uploads\/2023\/10\/abb2_HP10_s32-240x170.png 240w, https:\/\/medizinonline.com\/wp-content\/uploads\/2023\/10\/abb2_HP10_s32-180x128.png 180w, https:\/\/medizinonline.com\/wp-content\/uploads\/2023\/10\/abb2_HP10_s32-640x454.png 640w, https:\/\/medizinonline.com\/wp-content\/uploads\/2023\/10\/abb2_HP10_s32-1120x795.png 1120w\" data-sizes=\"(max-width: 1493px) 100vw, 1493px\" src=\"data:image\/svg+xml;base64,PHN2ZyB3aWR0aD0iMSIgaGVpZ2h0PSIxIiB4bWxucz0iaHR0cDovL3d3dy53My5vcmcvMjAwMC9zdmciPjwvc3ZnPg==\" \/><\/a><\/figure>\n<\/div>\n<h3 id=\"comparaison-des-hospitalisations-covid-19-dans-quatre-pays\" class=\"wp-block-heading\">Comparaison des hospitalisations COVID-19 dans quatre pays<\/h3>\n\n<p>Un regard sur le taux d&#8217;hospitalisation montre \u00e9galement des diff\u00e9rences significatives entre les pays. Alors qu&#8217;en Suisse et au Royaume-Uni d&#8217;Angleterre, une hospitalisation pertinente a \u00e9t\u00e9 observ\u00e9e d\u00e8s le d\u00e9but de la pand\u00e9mie au printemps 2020 avec l&#8217;augmentation des infections, ce n&#8217;\u00e9tait pas le cas dans un premier temps dans d&#8217;autres pays. Au fur et \u00e0 mesure de l&#8217;\u00e9volution de la pand\u00e9mie, des diff\u00e9rences significatives sont apparues et des &#8220;vagues d&#8217;hospitalisation&#8221; ont souvent \u00e9t\u00e9 associ\u00e9es \u00e0 des cas de maladie. Cela signifie que le SRAS-CoV-2 est en fait une maladie \u00e9ruptive associ\u00e9e \u00e0 la fois \u00e0 la mortalit\u00e9 et aux hospitalisations <strong>(figure 3) <\/strong>[6].<\/p>\n<div class=\"wp-block-image\">\n<figure class=\"aligncenter size-full is-resized\"><a href=\"https:\/\/medizinonline.com\/wp-content\/uploads\/2023\/10\/abb3_HP10_s32.png\"><img decoding=\"async\" width=\"1482\" height=\"1015\" data-src=\"https:\/\/medizinonline.com\/wp-content\/uploads\/2023\/10\/abb3_HP10_s32.png\" alt=\"\" class=\"wp-image-368278 lazyload\" style=\"--smush-placeholder-width: 1482px; --smush-placeholder-aspect-ratio: 1482\/1015;width:500px\" data-srcset=\"https:\/\/medizinonline.com\/wp-content\/uploads\/2023\/10\/abb3_HP10_s32.png 1482w, https:\/\/medizinonline.com\/wp-content\/uploads\/2023\/10\/abb3_HP10_s32-800x548.png 800w, https:\/\/medizinonline.com\/wp-content\/uploads\/2023\/10\/abb3_HP10_s32-1160x794.png 1160w, https:\/\/medizinonline.com\/wp-content\/uploads\/2023\/10\/abb3_HP10_s32-120x82.png 120w, https:\/\/medizinonline.com\/wp-content\/uploads\/2023\/10\/abb3_HP10_s32-90x62.png 90w, https:\/\/medizinonline.com\/wp-content\/uploads\/2023\/10\/abb3_HP10_s32-320x219.png 320w, https:\/\/medizinonline.com\/wp-content\/uploads\/2023\/10\/abb3_HP10_s32-560x384.png 560w, https:\/\/medizinonline.com\/wp-content\/uploads\/2023\/10\/abb3_HP10_s32-240x164.png 240w, https:\/\/medizinonline.com\/wp-content\/uploads\/2023\/10\/abb3_HP10_s32-180x123.png 180w, https:\/\/medizinonline.com\/wp-content\/uploads\/2023\/10\/abb3_HP10_s32-640x438.png 640w, https:\/\/medizinonline.com\/wp-content\/uploads\/2023\/10\/abb3_HP10_s32-1120x767.png 1120w\" data-sizes=\"(max-width: 1482px) 100vw, 1482px\" src=\"data:image\/svg+xml;base64,PHN2ZyB3aWR0aD0iMSIgaGVpZ2h0PSIxIiB4bWxucz0iaHR0cDovL3d3dy53My5vcmcvMjAwMC9zdmciPjwvc3ZnPg==\" \/><\/a><\/figure>\n<\/div>\n<h3 id=\"rapport-entre-la-mortalite-et-la-morbidite-dues-au-covid-19-et-celles-dues-a-la-grippe\" class=\"wp-block-heading\">Rapport entre la mortalit\u00e9 et la morbidit\u00e9 dues au COVID-19 et celles dues \u00e0 la grippe<\/h3>\n\n<p>Une \u00e9tude a \u00e9t\u00e9 men\u00e9e pour analyser la mortalit\u00e9 associ\u00e9e \u00e0 COVID-19 Omikron par rapport \u00e0 la mortalit\u00e9 associ\u00e9e \u00e0 la grippe. Cette \u00e9tude de cohorte multicentrique r\u00e9trospective comprenait des donn\u00e9es de patients admis dans l&#8217;un des 14 h\u00f4pitaux de Suisse, dont les cinq h\u00f4pitaux universitaires suisses. Sept centres ont collect\u00e9 des donn\u00e9es en continu pour tous les patients adultes hospitalis\u00e9s pour la grippe A\/B. Les donn\u00e9es ont ensuite \u00e9t\u00e9 analys\u00e9es par des experts ind\u00e9pendants. Au total, 14 autres centres ont collect\u00e9 des donn\u00e9es pour tous les patients adultes hospitalis\u00e9s pour COVID-19. Le crit\u00e8re d&#8217;\u00e9valuation primaire a \u00e9t\u00e9 d\u00e9fini comme la mortalit\u00e9 totale \u00e0 l&#8217;h\u00f4pital. Le crit\u00e8re d&#8217;\u00e9valuation secondaire \u00e9tait l&#8217;admission en soins intensifs. Les autres crit\u00e8res d&#8217;\u00e9valuation exploratoires \u00e9taient les complications cardiovasculaires, pulmonaires, r\u00e9nales ou neurologiques pendant l&#8217;hospitalisation ou la dur\u00e9e du s\u00e9jour et le traitement antibiotique [7].<\/p>\n\n<p>L&#8217;\u00e9tude porte sur 2843 patients de 14 h\u00f4pitaux de soins aigus en Suisse ayant re\u00e7u un diagnostic confirm\u00e9 de COVID-19 acquis en ambulatoire et hospitalis\u00e9s entre le 19 f\u00e9vrier 2020 et le 22 juillet 2020. Cela repr\u00e9sente 50% de toutes les hospitalisations d\u00e9clar\u00e9es en Suisse au cours de cette p\u00e9riode. En outre, elle inclut 1331 patients atteints de grippe A acquise en communaut\u00e9 (96,4%) et 50 patients (3,6%) atteints de grippe B acquise en communaut\u00e9 provenant de sept centres en Suisse et hospitalis\u00e9s entre le 26 octobre 2018 et le 26 mars 2020. La majorit\u00e9 des patients atteints de COVID-19 (87%) et ceux atteints de grippe A\/B (97%) ont \u00e9t\u00e9 envoy\u00e9s directement dans l&#8217;un des h\u00f4pitaux participants. Les patients atteints de COVID-19 \u00e9taient plus jeunes (\u00e2ge m\u00e9dian 67 ans) que les patients atteints de grippe A\/B (\u00e2ge m\u00e9dian 74 ans) et un plus grand pourcentage d&#8217;hommes (61%) que de femmes (48%) [7].<\/p>\n\n<h3 id=\"mortalite-intra-hospitaliere-plus-elevee-pour-le-covid-19-par-rapport-a-la-grippe\" class=\"wp-block-heading\">Mortalit\u00e9 intra-hospitali\u00e8re plus \u00e9lev\u00e9e pour le COVID-19 par rapport \u00e0 la grippe<\/h3>\n\n<p>Bien que les donn\u00e9es pr\u00e9c\u00e9dentes aient montr\u00e9 que la mortalit\u00e9 associ\u00e9e au COVID-19 a progressivement diminu\u00e9 au fil du temps, cette \u00e9tude montre une diff\u00e9rence pertinente dans l&#8217;analyse univari\u00e9e. En effet, la mortalit\u00e9 intra-hospitali\u00e8re du SRAS-CoV-2 Omicron est significativement plus \u00e9lev\u00e9e (7%) que celle de la grippe (4,4%). Un examen plus approfondi des donn\u00e9es montre que la dur\u00e9e moyenne d&#8217;hospitalisation pour COVID-19 est l\u00e9g\u00e8rement plus courte que pour la grippe A\/B et qu&#8217;il n&#8217;y a pas de diff\u00e9rence significative entre les admissions en soins intensifs pour COVID-19 et celles pour la grippe dans l&#8217;ensemble de la population \u00e9tudi\u00e9e. N\u00e9anmoins, le taux de complications des infections par le virus de la grippe A\/B est significativement plus \u00e9lev\u00e9 que celui du COVID-19, et si l&#8217;on regarde de plus pr\u00e8s la r\u00e9partition de la mortalit\u00e9 intra-hospitali\u00e8re due au COVID-19 par rapport \u00e0 la grippe, on peut identifier un rapport de risque sp\u00e9cifique \u00e0 la cause (csHR) de 1,93 pour les d\u00e9c\u00e8s intra-hospitaliers dus au COVID-19 par rapport \u00e0 la grippe [7].<\/p>\n\n<p>D&#8217;autres \u00e9tudes ont montr\u00e9, entre autres, que le COVID-19 augmentait la probabilit\u00e9 de d\u00e9c\u00e8s quotidien, de sorte que des analyses mixtes incluant l&#8217;\u00e2ge, le sexe et le contexte de l&#8217;h\u00f4pital ont \u00e9t\u00e9 effectu\u00e9es en cons\u00e9quence. Dans ce cas, une analyse dite du hazard ratio ajust\u00e9 (sdHR) pour les d\u00e9c\u00e8s intra-hospitaliers dus au COVID-19 a montr\u00e9 un risque 1,54 fois plus \u00e9lev\u00e9 de d\u00e9c\u00e8s pendant un traitement hospitalier par COVID-19 <em>Omikron<\/em> par rapport \u00e0 la grippe [7].<\/p>\n\n<h3 id=\"mortalite-et-taux-dhospitalisation-en-unite-de-soins-intensifs-nettement-plus-eleves-chez-les-patients-hospitalises-pour-et-non-avec-covid-19\" class=\"wp-block-heading\">Mortalit\u00e9 et taux d&#8217;hospitalisation en unit\u00e9 de soins intensifs nettement plus \u00e9lev\u00e9s chez les patients hospitalis\u00e9s pour (et non avec) COVID-19  <\/h3>\n\n<p>Les analyses de sous-groupes des personnes hospitalis\u00e9es pour (et non avec) le COVID-19 et la grippe A\/B montrent une proportion nettement plus \u00e9lev\u00e9e de personnes hospitalis\u00e9es pour le COVID-19 (49,6%) par rapport \u00e0 la grippe (24%). De plus, il a \u00e9t\u00e9 d\u00e9montr\u00e9 pour la premi\u00e8re fois que la probabilit\u00e9 d&#8217;une admission aux soins intensifs avec COVID-19 Omikron et d&#8217;une hospitalisation associ\u00e9e est \u00e9galement nettement sup\u00e9rieure \u00e0 la probabilit\u00e9 d&#8217;un transfert aux soins intensifs pour et avec une infection grippale [7].<\/p>\n\n<p>L&#8217;examen du sdHR pour les d\u00e9c\u00e8s intra-hospitaliers dus \u00e0 COVID-19 par rapport aux patients hospitalis\u00e9s pour grippe A\/B a ensuite montr\u00e9 une probabilit\u00e9 nettement plus \u00e9lev\u00e9e que dans la population g\u00e9n\u00e9rale de l&#8217;\u00e9tude, avec un risque de mortalit\u00e9 intra-hospitali\u00e8re multipli\u00e9 par 2,86, et la probabilit\u00e9 d&#8217;un transfert aux soins intensifs pour les patients hospitalis\u00e9s pour COVID-19 \u00e9tait \u00e9galement significativement plus \u00e9lev\u00e9e, avec un facteur de 1,69, par rapport aux patients hospitalis\u00e9s pour grippe. Des analyses de sous-groupes suppl\u00e9mentaires, qui restreignent l&#8217;observation dans ce sous-groupe pendant la m\u00eame p\u00e9riode, c&#8217;est-\u00e0-dire du 15 janvier au 15 mars, permettent de reproduire ces r\u00e9sultats dans les sous-groupes [7].  <\/p>\n\n<p><strong>Messages Take-Home<\/strong><\/p>\n\n<ul class=\"wp-block-list\">\n<li>L&#8217;\u00e9tude pr\u00e9sent\u00e9e a montr\u00e9 un risque de mortalit\u00e9 intra-hospitali\u00e8re environ 1,5 fois plus \u00e9lev\u00e9 pour COVID-19 Omikron par rapport aux patients atteints de grippe A\/B, l&#8217;hospitalisation \u00e9tant plus courte avec COVID-19.<\/li>\n\n\n\n<li>Les analyses de sous-groupes chez les personnes hospitalis\u00e9es pour (et non avec) le COVID-19 et la grippe A\/B montrent des diff\u00e9rences encore plus importantes de mortalit\u00e9, jusqu&#8217;\u00e0 2,5 fois plus \u00e9lev\u00e9e, et confirment les r\u00e9sultats obtenus pour l&#8217;ensemble de la population.<\/li>\n\n\n\n<li>Le taux d&#8217;admission en unit\u00e9 de soins intensifs (USI) n&#8217;\u00e9tait g\u00e9n\u00e9ralement pas diff\u00e9rent, bien qu&#8217;une analyse de sous-groupe ait montr\u00e9 que les patients hospitalis\u00e9s pour (et non avec) COVID-19 \u00e9taient environ 1,7 fois plus susceptibles d&#8217;\u00eatre transf\u00e9r\u00e9s en USI.<\/li>\n\n\n\n<li>Alors qu&#8217;au d\u00e9but de la pand\u00e9mie, la mortalit\u00e9 avec le variant alpha atteignait 13% [8], l&#8217;immunit\u00e9 croissante apr\u00e8s la vaccination et l&#8217;infection (environ 98% en Suisse) a entra\u00een\u00e9 une baisse significative de la mortalit\u00e9, tandis que la virulence continuait de baisser avec l&#8217;omicron.<\/li>\n\n\n\n<li>L&#8217;\u00e9tude pr\u00e9sent\u00e9e fournit des preuves que la mortalit\u00e9 intra-hospitali\u00e8re (dans les groupes \u00e0 risque) reste \u00e9lev\u00e9e avec COVID-19<em> Omikron <\/em>, de sorte que des traitements sp\u00e9cifiques contre COVID-19 (tels que Nirmatrelvir, Remdesivir, etc.) pourraient apporter des b\u00e9n\u00e9fices suppl\u00e9mentaires.<\/li>\n<\/ul>\n<div class=\"wp-block-image\">\n<figure class=\"aligncenter size-full is-resized\"><a href=\"https:\/\/medizinonline.com\/wp-content\/uploads\/2023\/10\/Sponsoring_Pfizer.png\"><img decoding=\"async\" width=\"666\" height=\"289\" data-src=\"https:\/\/medizinonline.com\/wp-content\/uploads\/2023\/10\/Sponsoring_Pfizer.png\" alt=\"\" class=\"wp-image-368273 lazyload\" style=\"--smush-placeholder-width: 666px; --smush-placeholder-aspect-ratio: 666\/289;width:300px\" data-srcset=\"https:\/\/medizinonline.com\/wp-content\/uploads\/2023\/10\/Sponsoring_Pfizer.png 666w, https:\/\/medizinonline.com\/wp-content\/uploads\/2023\/10\/Sponsoring_Pfizer-120x52.png 120w, https:\/\/medizinonline.com\/wp-content\/uploads\/2023\/10\/Sponsoring_Pfizer-90x39.png 90w, https:\/\/medizinonline.com\/wp-content\/uploads\/2023\/10\/Sponsoring_Pfizer-320x139.png 320w, https:\/\/medizinonline.com\/wp-content\/uploads\/2023\/10\/Sponsoring_Pfizer-560x243.png 560w, https:\/\/medizinonline.com\/wp-content\/uploads\/2023\/10\/Sponsoring_Pfizer-240x104.png 240w, https:\/\/medizinonline.com\/wp-content\/uploads\/2023\/10\/Sponsoring_Pfizer-180x78.png 180w, https:\/\/medizinonline.com\/wp-content\/uploads\/2023\/10\/Sponsoring_Pfizer-640x278.png 640w\" data-sizes=\"(max-width: 666px) 100vw, 666px\" src=\"data:image\/svg+xml;base64,PHN2ZyB3aWR0aD0iMSIgaGVpZ2h0PSIxIiB4bWxucz0iaHR0cDovL3d3dy53My5vcmcvMjAwMC9zdmciPjwvc3ZnPg==\" \/><\/a><\/figure>\n<\/div>\n<p>Litt\u00e9rature :<\/p>\n\n<ol class=\"wp-block-list\">\n<li>Spinner C : Covid-19. Mortalit\u00e9 hospitali\u00e8re &#8211; Un regard sur la situation actuelle. Disponible \u00e0 l&#8217;adresse <a href=\"https:\/\/medizinonline.com\/krankenhaussterblichkeit-aufgrund-von-covid-19-ein-blick-in-die-aktuelle-situation\/\">suivante :<\/a> https:\/\/medizinonline.com\/krankenhaussterblichkeit-aufgrund-von-covid-19-ein-blick-in-die-aktuelle-situation.  <\/li>\n\n\n\n<li>J\u00f8rgensen SB, et al. : Secondary Attack Rates for Omicron and Delta Variants of SARS-CoV-2 in Norwegian Households. JAMA 2022 ;<br \/>doi : 10.1001\/jama.2022.3780.  <\/li>\n\n\n\n<li>Liu Y, Rockl\u00f6v J : Le nombre effectif de reproduction de la variante omicron du SARS-CoV-2 est plusieurs fois relatif au delta. Journal of Travel Medicine 2022 ; doi : <a href=\"https:\/\/doi.org\/10.1093\/jtm\/taac037\" target=\"_blank\" rel=\"noopener\">https:\/\/doi.org\/10.1093\/jtm\/taac037<\/a>.  <\/li>\n\n\n\n<li>Kahn F, et al. : Risk of severe COVID-19 from the Delta and Omicron variants in relation to vaccination status, sex, age and comorbidities &#8211; surveillance results from southern Sweden, July 2021 to January 2022. Euro Surveillance 2022 ; doi : 10.2807\/1560-7917.ES.2022.27.9.2200121.<\/li>\n\n\n\n<li>Burn-Murdoch J, Barnes O : Vaccins et Omicron signifient que le Covid est d\u00e9sormais moins mortel que la grippe en Angleterre. The Financial Times 2022. Disponible sur :<br \/><a href=\"http:\/\/www.ft.com\/content\/e26c93a0-90e7-4dec-a796-3e25e94bc59b\" target=\"_blank\" rel=\"noopener\">www.ft.com\/content\/e26c93a0-90e7-4dec-a796-3e25e94bc59b.<\/a><\/li>\n\n\n\n<li>Disponible sur <a href=\"https:\/\/ourworldindata.org\/coronavirus\" target=\"_blank\" rel=\"noopener\">: https:\/\/ourworldindata.org\/coronavirus<\/a><\/li>\n\n\n\n<li>Portmann L, et al : Hospital Outcomes of Community-Acquired SARS-CoV-2 Omicron Variant Infection Compared With Influenza Infection in Switzerland. JAMA 2023 ; doi : 10.1001\/jamanetworkopen.2022.55599.<\/li>\n\n\n\n<li>Fr\u00f6hlich GM, et al. : Hospital outcomes of community-acquired COVID-19 versus influenza : Insights from the Swiss hospital-based surveillance of influenza and COVID-19. Euro Surveillance 2022 ; doi : <a href=\"http:\/\/www.eurosurveillance.org\/content\/10.2807\/1560-7917.ES.2022.27.1.2001848\" target=\"_blank\" rel=\"noopener\">www.eurosurveillance.org\/content\/10.2807\/1560-7917.ES.2022.27.1.2001848<\/a>.  <\/li>\n<\/ol>\n\n<p class=\"has-small-font-size\"><em>HAUSARZT PRAIXS 2023 ; 18(10) : 31-33 (publi\u00e9 le 28.10.23, ahead of print)<\/em><\/p>\n","protected":false},"excerpt":{"rendered":"<p>Une \u00e9tude de cohorte repr\u00e9sentative portant sur les donn\u00e9es de plus de 5000 patients hospitalis\u00e9s en Suisse montre que, par rapport \u00e0 la grippe A ou B, le variant Omikron&hellip;<\/p>\n","protected":false},"author":7,"featured_media":368511,"comment_status":"closed","ping_status":"closed","sticky":false,"template":"","format":"standard","meta":{"_acf_changed":false,"pmpro_default_level":"","cat_1_feature_home_top":false,"cat_2_editor_pick":false,"csco_eyebrow_text":"COVID-19","footnotes":""},"category":[11527,11428,11482,11549],"tags":[13253,23866,33857,71836],"powerkit_post_featured":[],"class_list":["post-368510","post","type-post","status-publish","format-standard","has-post-thumbnail","category-etudes","category-infectiologie","category-prevention-et-soins-de-sante","category-rx-fr","tag-corona-fr","tag-mortalite","tag-mortalite-fr","tag-taux-de-mortalite","pmpro-has-access"],"acf":[],"publishpress_future_action":{"enabled":false,"date":"2026-05-04 18:45:56","action":"change-status","newStatus":"draft","terms":[],"taxonomy":"category","extraData":[]},"publishpress_future_workflow_manual_trigger":{"enabledWorkflows":[]},"wpml_current_locale":"fr_FR","wpml_translations":{"it_IT":{"locale":"it_IT","id":368513,"slug":"mortalita-ospedaliera-uno-sguardo-alla-situazione-attuale","post_title":"Mortalit\u00e0 ospedaliera - Uno sguardo alla situazione attuale","href":"https:\/\/medizinonline.com\/it\/mortalita-ospedaliera-uno-sguardo-alla-situazione-attuale\/"},"pt_PT":{"locale":"pt_PT","id":368386,"slug":"mortalidade-hospitalar-um-olhar-sobre-a-situacao-atual","post_title":"Mortalidade hospitalar - Um olhar sobre a situa\u00e7\u00e3o atual","href":"https:\/\/medizinonline.com\/pt-pt\/mortalidade-hospitalar-um-olhar-sobre-a-situacao-atual\/"},"es_ES":{"locale":"es_ES","id":368394,"slug":"mortalidad-hospitalaria-una-mirada-a-la-situacion-actual","post_title":"Mortalidad hospitalaria - Una mirada a la situaci\u00f3n actual","href":"https:\/\/medizinonline.com\/es\/mortalidad-hospitalaria-una-mirada-a-la-situacion-actual\/"}},"_links":{"self":[{"href":"https:\/\/medizinonline.com\/fr\/wp-json\/wp\/v2\/posts\/368510","targetHints":{"allow":["GET"]}}],"collection":[{"href":"https:\/\/medizinonline.com\/fr\/wp-json\/wp\/v2\/posts"}],"about":[{"href":"https:\/\/medizinonline.com\/fr\/wp-json\/wp\/v2\/types\/post"}],"author":[{"embeddable":true,"href":"https:\/\/medizinonline.com\/fr\/wp-json\/wp\/v2\/users\/7"}],"replies":[{"embeddable":true,"href":"https:\/\/medizinonline.com\/fr\/wp-json\/wp\/v2\/comments?post=368510"}],"version-history":[{"count":2,"href":"https:\/\/medizinonline.com\/fr\/wp-json\/wp\/v2\/posts\/368510\/revisions"}],"predecessor-version":[{"id":369162,"href":"https:\/\/medizinonline.com\/fr\/wp-json\/wp\/v2\/posts\/368510\/revisions\/369162"}],"wp:featuredmedia":[{"embeddable":true,"href":"https:\/\/medizinonline.com\/fr\/wp-json\/wp\/v2\/media\/368511"}],"wp:attachment":[{"href":"https:\/\/medizinonline.com\/fr\/wp-json\/wp\/v2\/media?parent=368510"}],"wp:term":[{"taxonomy":"category","embeddable":true,"href":"https:\/\/medizinonline.com\/fr\/wp-json\/wp\/v2\/category?post=368510"},{"taxonomy":"post_tag","embeddable":true,"href":"https:\/\/medizinonline.com\/fr\/wp-json\/wp\/v2\/tags?post=368510"},{"taxonomy":"powerkit_post_featured","embeddable":true,"href":"https:\/\/medizinonline.com\/fr\/wp-json\/wp\/v2\/powerkit_post_featured?post=368510"}],"curies":[{"name":"wp","href":"https:\/\/api.w.org\/{rel}","templated":true}]}}