{"id":368858,"date":"2023-12-09T00:01:00","date_gmt":"2023-12-08T23:01:00","guid":{"rendered":"https:\/\/medizinonline.com\/?p=368858"},"modified":"2023-12-20T13:15:02","modified_gmt":"2023-12-20T12:15:02","slug":"dermatite-atopique-et-microbiome-cutane-nouveau-resultat-detude","status":"publish","type":"post","link":"https:\/\/medizinonline.com\/fr\/dermatite-atopique-et-microbiome-cutane-nouveau-resultat-detude\/","title":{"rendered":"Dermatite atopique et microbiome cutan\u00e9 : nouveau r\u00e9sultat d&#8217;\u00e9tude"},"content":{"rendered":"\n<p><strong>L&#8217;exploration des liens entre le microbiome cutan\u00e9 et la s\u00e9v\u00e9rit\u00e9 de la dermatite atopique (DA), ainsi que des co-facteurs li\u00e9s au patient, est un aspect important du d\u00e9veloppement de nouveaux traitements personnalis\u00e9s de la DA, en particulier ceux qui ciblent le microbiome cutan\u00e9. Dans ce contexte, une \u00e9quipe de recherche internationale a lanc\u00e9 une \u00e9tude int\u00e9ressante qui a \u00e9t\u00e9 publi\u00e9e dans le JEADV en 2023.<\/strong><\/p>\n\n<!--more-->\n\n<p>La dermatite atopique (DA) se caract\u00e9rise par des l\u00e9sions ecz\u00e9mateuses polymorphes accompagn\u00e9es de d\u00e9mangeaisons intenses et persistantes [1\u20133,10]. L&#8217;\u00e9tiologie est complexe et n&#8217;est pas encore totalement \u00e9lucid\u00e9e. De nombreux facteurs g\u00e9n\u00e9tiques et environnementaux interviennent dans la pathogen\u00e8se. Il s&#8217;agit notamment de r\u00e9actions immunitaires pro-inflammatoires d\u00e9r\u00e9gul\u00e9es et d&#8217;une barri\u00e8re \u00e9pidermique alt\u00e9r\u00e9e en raison de mutations de la filaggrine [4,5]. De plus, des \u00e9tudes empiriques indiquent que la MA est associ\u00e9e \u00e0 une dysbiose du microbiome cutan\u00e9 [6].<\/p>\n\n<h3 id=\"analyse-de-biologie-moleculaire-du-microbiome-cutane\" class=\"wp-block-heading\">Analyse de biologie mol\u00e9culaire du microbiome cutan\u00e9<\/h3>\n\n<p>La synth\u00e8se des r\u00e9sultats obtenus jusqu&#8217;\u00e0 pr\u00e9sent permet d&#8217;affirmer que le microbiome cutan\u00e9 des patients atteints de la MA se caract\u00e9rise par une diversit\u00e9 microbienne r\u00e9duite et une composition modifi\u00e9e par rapport aux personnes ayant une peau saine [6]. Il existe des preuves qu&#8217;une colonisation accrue par <em>Staphylococcus aureus (S. aureus)<\/em> r\u00e9duit la diversit\u00e9 du microbiote cutan\u00e9 au niveau des sites de pr\u00e9dilection de la MA et que la s\u00e9v\u00e9rit\u00e9 de la MA est associ\u00e9e au microbiome cutan\u00e9 [7\u20139,10]. Pour en savoir plus, une \u00e9quipe de recherche internationale a lanc\u00e9 une \u00e9tude dans laquelle le microbiome cutan\u00e9 de 48 adultes atteints de DA mod\u00e9r\u00e9e \u00e0 s\u00e9v\u00e8re a \u00e9t\u00e9 analys\u00e9 par s\u00e9quen\u00e7age de nouvelle g\u00e9n\u00e9ration (s\u00e9quen\u00e7age du g\u00e8ne de l&#8217;amplicon** \u00e0 ARNr 16S) [9].  <\/p>\n\n<p class=\"has-small-font-size\"><em>** Les amplicons sont des fragments d&#8217;ADN amplifi\u00e9s de mani\u00e8re s\u00e9lective.<\/em><\/p>\n\n<p><\/p>\n\n<p><\/p>\n<div class=\"wp-block-image\">\n<figure class=\"aligncenter size-full is-resized\"><a href=\"https:\/\/medizinonline.com\/wp-content\/uploads\/2023\/11\/DP5-23_Druckdaten-21.png\"><img fetchpriority=\"high\" decoding=\"async\" width=\"2187\" height=\"984\" src=\"https:\/\/medizinonline.com\/wp-content\/uploads\/2023\/11\/DP5-23_Druckdaten-21.png\" alt=\"\" class=\"wp-image-368736\" style=\"width:500px\" srcset=\"https:\/\/medizinonline.com\/wp-content\/uploads\/2023\/11\/DP5-23_Druckdaten-21.png 2187w, https:\/\/medizinonline.com\/wp-content\/uploads\/2023\/11\/DP5-23_Druckdaten-21-800x360.png 800w, https:\/\/medizinonline.com\/wp-content\/uploads\/2023\/11\/DP5-23_Druckdaten-21-1160x522.png 1160w, https:\/\/medizinonline.com\/wp-content\/uploads\/2023\/11\/DP5-23_Druckdaten-21-2048x921.png 2048w, https:\/\/medizinonline.com\/wp-content\/uploads\/2023\/11\/DP5-23_Druckdaten-21-120x54.png 120w, https:\/\/medizinonline.com\/wp-content\/uploads\/2023\/11\/DP5-23_Druckdaten-21-90x40.png 90w, https:\/\/medizinonline.com\/wp-content\/uploads\/2023\/11\/DP5-23_Druckdaten-21-320x144.png 320w, https:\/\/medizinonline.com\/wp-content\/uploads\/2023\/11\/DP5-23_Druckdaten-21-560x252.png 560w, https:\/\/medizinonline.com\/wp-content\/uploads\/2023\/11\/DP5-23_Druckdaten-21-1920x864.png 1920w, https:\/\/medizinonline.com\/wp-content\/uploads\/2023\/11\/DP5-23_Druckdaten-21-240x108.png 240w, https:\/\/medizinonline.com\/wp-content\/uploads\/2023\/11\/DP5-23_Druckdaten-21-180x81.png 180w, https:\/\/medizinonline.com\/wp-content\/uploads\/2023\/11\/DP5-23_Druckdaten-21-640x288.png 640w, https:\/\/medizinonline.com\/wp-content\/uploads\/2023\/11\/DP5-23_Druckdaten-21-1120x504.png 1120w, https:\/\/medizinonline.com\/wp-content\/uploads\/2023\/11\/DP5-23_Druckdaten-21-1600x720.png 1600w\" sizes=\"(max-width: 2187px) 100vw, 2187px\" \/><\/a><\/figure>\n<\/div>\n<h3 id=\"conclusion-la-severite-de-la-ma-et-la-diversite-microbienne-sont-associees\" class=\"wp-block-heading\">Conclusion : la s\u00e9v\u00e9rit\u00e9 de la MA et la diversit\u00e9 microbienne sont associ\u00e9es  <\/h3>\n\n<p>Les \u00e9valuations ont montr\u00e9 que dans la peau l\u00e9sionnelle, la s\u00e9v\u00e9rit\u00e9 de la DA est positivement associ\u00e9e \u00e0 la fr\u00e9quence relative de <em>S. aureus<\/em> (r=0,<sup>53$<\/sup>, p&lt;0,001) et qu&#8217;il existe une corr\u00e9lation n\u00e9gative avec l'&#8221;\u00e9venness&#8221;, c&#8217;est-\u00e0-dire une r\u00e9partition \u00e9gale des diff\u00e9rentes esp\u00e8ces bact\u00e9riennes (r= -0,58, p&lt;0,001) [9]. La r\u00e9gression multiple a confirm\u00e9 le lien entre la s\u00e9v\u00e9rit\u00e9 de la DA et la diversit\u00e9 du microbiome, y compris l&#8217;indice de <sup> Shannon&amp;<\/sup> (dans la peau l\u00e9sionnelle, p&lt;0,001), l'&#8221;\u00e9venness&#8221; (dans la peau non l\u00e9sionnelle, p=0,015) et la fr\u00e9quence relative de<em> S. aureus<\/em> (p &lt;0,012). Ces r\u00e9sultats concordent avec les r\u00e9sultats d&#8217;\u00e9tudes ant\u00e9rieures et fournissent des informations compl\u00e9mentaires pr\u00e9cieuses. Par exemple, la r\u00e9duction de l'&#8221;\u00e9venness&#8221; est principalement due \u00e0 l&#8217;abondance relative de <em>S. aureus<\/em> plut\u00f4t qu&#8217;\u00e0 une r\u00e9duction de la &#8220;richness&#8221; (nombre de genres\/esp\u00e8ces de bact\u00e9ries) du microbiome. De plus, la s\u00e9v\u00e9rit\u00e9 de la DA \u00e9tait associ\u00e9e aux taux d&#8217;IgE des patients (p&lt;0,001), \u00e0 l&#8217;\u00e2ge (p&lt;0,034) et au sexe (p=0,012).<\/p>\n\n<p class=\"has-small-font-size\"><em><sup>$<\/sup> r=coefficient de corr\u00e9lation (Spearman&#8217;s rank correlation coefficient)<\/em><br\/><em><sup>&amp;<\/sup> Indice de Shannon = Indice de diversit\u00e9 de Shannon<\/em><\/p>\n\n<p>\u00a0<\/p>\n\n<p class=\"has-small-font-size\"><\/p>\n\n<p>Litt\u00e9rature :<\/p>\n\n<ol class=\"wp-block-list\">\n<li>Weidinger S, et al. : Nature Rev Dis Primers 2018 ; 4(1) : 1.  <\/li>\n\n\n\n<li>Sroka-Tomaszewska J, Trzeciak M : Int J Mol Sci 2021 ; 22(8) : 4130.  <\/li>\n\n\n\n<li>Wasserbauer N, Ballow M : Am J Med 2009 ; 122(2) : 121-125.  <\/li>\n\n\n\n<li>Guttman-Yassky E, et al : Semin Cutan Med Surg 2017 ; 36(3) : 100-103.<\/li>\n\n\n\n<li>Sacotte R, Silverberg JI : Clin Dermatol. 2018 ; 36(5) : 595-605.<\/li>\n\n\n\n<li>Paller AS, et al : J Allergy Clin Immunol 2019 ; 143(1) : 26-35.  <\/li>\n\n\n\n<li>Nakatsuji T, et al : Sci Transl Med 2017 ; 9(378).  <\/li>\n\n\n\n<li>Kong HH, et al : Genome Res 2012 ; 22(5) : 850-859.  <\/li>\n\n\n\n<li>Rauer L, et al. : JEADV 2023 ; 37(4) : 772-782.  <\/li>\n\n\n\n<li>Deng T, et al : Clin Cosmet Investig Dermatol 2023 ; 16 : 2153-2173.<\/li>\n\n\n\n<li>Kim JE, Kim HS : Microbiome de la peau et des biens dans la dermatite atopique (DA) : comprendre la pathophysiologie et trouver de nouvelles strat\u00e9gies de gestion. Journal of Clinical Medicine 2019 ; 8(4) : 444. <a href=\"http:\/\/www.mdpi.com\/2077-0383\/8\/4\/444#\" target=\"_blank\" rel=\"noopener\">www.mdpi.com\/2077-0383\/8\/4\/444#,<\/a>(derni\u00e8re consultation 17.10.2023).<\/li>\n<\/ol>\n\n<p class=\"has-small-font-size\"><em>DERMATOLOGIE PRATIQUE 2023 ; 33(5) : 19<\/em><\/p>\n","protected":false},"excerpt":{"rendered":"<p>L&#8217;exploration des liens entre le microbiome cutan\u00e9 et la s\u00e9v\u00e9rit\u00e9 de la dermatite atopique (DA), ainsi que des co-facteurs li\u00e9s au patient, est un aspect important du d\u00e9veloppement de nouveaux&hellip;<\/p>\n","protected":false},"author":7,"featured_media":368866,"comment_status":"closed","ping_status":"closed","sticky":false,"template":"","format":"standard","meta":{"_acf_changed":false,"pmpro_default_level":"","cat_1_feature_home_top":false,"cat_2_editor_pick":false,"csco_eyebrow_text":"Journal Club  ","footnotes":""},"category":[11349,11362,11527,11531,11428,11549],"tags":[12636,71904,67780,21241,71908,71901],"powerkit_post_featured":[],"class_list":["post-368858","post","type-post","status-publish","format-standard","has-post-thumbnail","category-allergologie-et-immunologie-clinique","category-dermatologie-et-venerologie","category-etudes","category-formation-continue","category-infectiologie","category-rx-fr","tag-dermatite-atopique-fr","tag-diversite-microbienne","tag-jeadv-fr","tag-microbiome-cutane","tag-rauer-et-al-fr","tag-s-aureus-fr","pmpro-has-access"],"acf":[],"publishpress_future_action":{"enabled":false,"date":"2026-05-08 06:36:43","action":"change-status","newStatus":"draft","terms":[],"taxonomy":"category","extraData":[]},"publishpress_future_workflow_manual_trigger":{"enabledWorkflows":[]},"wpml_current_locale":"fr_FR","wpml_translations":{"it_IT":{"locale":"it_IT","id":368868,"slug":"dermatite-atopica-e-microbioma-cutaneo-i-risultati-di-un-nuovo-studio","post_title":"Dermatite atopica e microbioma cutaneo: i risultati di un nuovo studio","href":"https:\/\/medizinonline.com\/it\/dermatite-atopica-e-microbioma-cutaneo-i-risultati-di-un-nuovo-studio\/"},"pt_PT":{"locale":"pt_PT","id":368878,"slug":"dermatite-atopica-e-o-microbioma-da-pele-resultados-de-um-novo-estudo","post_title":"Dermatite at\u00f3pica e o microbioma da pele: resultados de um novo estudo","href":"https:\/\/medizinonline.com\/pt-pt\/dermatite-atopica-e-o-microbioma-da-pele-resultados-de-um-novo-estudo\/"},"es_ES":{"locale":"es_ES","id":368888,"slug":"dermatitis-atopica-y-microbioma-cutaneo-resultados-de-un-nuevo-estudio","post_title":"Dermatitis at\u00f3pica y microbioma cut\u00e1neo: resultados de un nuevo estudio","href":"https:\/\/medizinonline.com\/es\/dermatitis-atopica-y-microbioma-cutaneo-resultados-de-un-nuevo-estudio\/"}},"_links":{"self":[{"href":"https:\/\/medizinonline.com\/fr\/wp-json\/wp\/v2\/posts\/368858","targetHints":{"allow":["GET"]}}],"collection":[{"href":"https:\/\/medizinonline.com\/fr\/wp-json\/wp\/v2\/posts"}],"about":[{"href":"https:\/\/medizinonline.com\/fr\/wp-json\/wp\/v2\/types\/post"}],"author":[{"embeddable":true,"href":"https:\/\/medizinonline.com\/fr\/wp-json\/wp\/v2\/users\/7"}],"replies":[{"embeddable":true,"href":"https:\/\/medizinonline.com\/fr\/wp-json\/wp\/v2\/comments?post=368858"}],"version-history":[{"count":1,"href":"https:\/\/medizinonline.com\/fr\/wp-json\/wp\/v2\/posts\/368858\/revisions"}],"predecessor-version":[{"id":368867,"href":"https:\/\/medizinonline.com\/fr\/wp-json\/wp\/v2\/posts\/368858\/revisions\/368867"}],"wp:featuredmedia":[{"embeddable":true,"href":"https:\/\/medizinonline.com\/fr\/wp-json\/wp\/v2\/media\/368866"}],"wp:attachment":[{"href":"https:\/\/medizinonline.com\/fr\/wp-json\/wp\/v2\/media?parent=368858"}],"wp:term":[{"taxonomy":"category","embeddable":true,"href":"https:\/\/medizinonline.com\/fr\/wp-json\/wp\/v2\/category?post=368858"},{"taxonomy":"post_tag","embeddable":true,"href":"https:\/\/medizinonline.com\/fr\/wp-json\/wp\/v2\/tags?post=368858"},{"taxonomy":"powerkit_post_featured","embeddable":true,"href":"https:\/\/medizinonline.com\/fr\/wp-json\/wp\/v2\/powerkit_post_featured?post=368858"}],"curies":[{"name":"wp","href":"https:\/\/api.w.org\/{rel}","templated":true}]}}