{"id":378001,"date":"2024-05-21T00:01:00","date_gmt":"2024-05-20T22:01:00","guid":{"rendered":"https:\/\/medizinonline.com\/?p=378001"},"modified":"2024-05-31T17:48:09","modified_gmt":"2024-05-31T15:48:09","slug":"douleurs-abdominales-appendicite","status":"publish","type":"post","link":"https:\/\/medizinonline.com\/fr\/douleurs-abdominales-appendicite\/","title":{"rendered":"Douleurs abdominales \u2013 Appendicite"},"content":{"rendered":"\n<p><strong>Une douleur abdominale dans la partie inf\u00e9rieure droite de l&#8217;abdomen, accompagn\u00e9e de naus\u00e9es ou de fi\u00e8vre, est un sympt\u00f4me typique de l&#8217;appendicite. S&#8217;il existe une symptomatologie classique pour l&#8217;appendicite, on peut poser le diagnostic cliniquement. Cependant, il existe \u00e9galement des sympt\u00f4mes et des \u00e9volutions atypiques, notamment chez les jeunes enfants, les patients \u00e2g\u00e9s et les femmes enceintes. En revanche, pour les patients pr\u00e9sentant des r\u00e9sultats atypiques ou douteux, il convient de recourir rapidement \u00e0 l&#8217;imagerie m\u00e9dicale.<\/strong><\/p>\n\n<!--more-->\n\n<p>L&#8217;appendicite aigu\u00eb est la cause la plus fr\u00e9quente d&#8217;intervention chirurgicale pour un abdomen aigu. Plus de 5% de la population d\u00e9veloppera une appendicite \u00e0 un moment ou \u00e0 un autre de sa vie. Elle est plus fr\u00e9quente \u00e0 l&#8217;adolescence et au cours de la troisi\u00e8me d\u00e9cennie de la vie, mais peut en principe survenir \u00e0 tout \u00e2ge [3]. Chez l&#8217;enfant et l&#8217;adolescent, plusieurs diagnostics diff\u00e9rentiels [6] doivent \u00eatre pris en compte <strong>(tableau 1).<\/strong> Les autres r\u00e9sultats qui peuvent appara\u00eetre sous le tableau d&#8217;une appendicite sont les carcino\u00efdes, les carcinomes, les ad\u00e9nomes villositaires et les diverticules. L&#8217;appendice peut \u00e9galement \u00eatre affect\u00e9 dans la maladie de Crohn et dans la colite ulc\u00e9reuse avec pancolite (maladie inflammatoire de l&#8217;intestin).<\/p>\n<div class=\"wp-block-image\">\n<figure class=\"aligncenter size-full is-resized\"><a href=\"https:\/\/medizinonline.com\/wp-content\/uploads\/2024\/04\/tab1-HP4_s47.png\"><img fetchpriority=\"high\" decoding=\"async\" width=\"1288\" height=\"504\" src=\"https:\/\/medizinonline.com\/wp-content\/uploads\/2024\/04\/tab1-HP4_s47.png\" alt=\"\" class=\"wp-image-377843\" style=\"width:500px\" srcset=\"https:\/\/medizinonline.com\/wp-content\/uploads\/2024\/04\/tab1-HP4_s47.png 1288w, https:\/\/medizinonline.com\/wp-content\/uploads\/2024\/04\/tab1-HP4_s47-800x313.png 800w, https:\/\/medizinonline.com\/wp-content\/uploads\/2024\/04\/tab1-HP4_s47-1160x454.png 1160w, https:\/\/medizinonline.com\/wp-content\/uploads\/2024\/04\/tab1-HP4_s47-120x47.png 120w, https:\/\/medizinonline.com\/wp-content\/uploads\/2024\/04\/tab1-HP4_s47-90x35.png 90w, https:\/\/medizinonline.com\/wp-content\/uploads\/2024\/04\/tab1-HP4_s47-320x125.png 320w, https:\/\/medizinonline.com\/wp-content\/uploads\/2024\/04\/tab1-HP4_s47-560x219.png 560w, https:\/\/medizinonline.com\/wp-content\/uploads\/2024\/04\/tab1-HP4_s47-240x94.png 240w, https:\/\/medizinonline.com\/wp-content\/uploads\/2024\/04\/tab1-HP4_s47-180x70.png 180w, https:\/\/medizinonline.com\/wp-content\/uploads\/2024\/04\/tab1-HP4_s47-640x250.png 640w, https:\/\/medizinonline.com\/wp-content\/uploads\/2024\/04\/tab1-HP4_s47-1120x438.png 1120w\" sizes=\"(max-width: 1288px) 100vw, 1288px\" \/><\/a><\/figure>\n<\/div>\n<p>La cause de l&#8217;appendicite est dans la plupart des cas une obstruction de la lumi\u00e8re de l&#8217;appendice, typiquement due \u00e0 une hyperplasie lympho\u00efde, plus rarement \u00e0 des calculs f\u00e9caux, des corps \u00e9trangers ou m\u00eame des parasites. L&#8217;occlusion entra\u00eene un \u0153d\u00e8me inflammatoire, une prolif\u00e9ration bact\u00e9rienne, une isch\u00e9mie et une inflammation. Les agents pathog\u00e8nes typiques de l&#8217;appendicite sont par exemple Escherichia coli, Pseudomonas aeruginosa ou Klebsiella pneumoniae [1]. En l&#8217;absence de traitement, on observe une n\u00e9crose, une gangr\u00e8ne et une perforation. Si la perforation est envelopp\u00e9e par le r\u00e9seau environnant, un abc\u00e8s peut se former. L&#8217;<strong>aper\u00e7u 1 <\/strong>pr\u00e9sente les sympt\u00f4mes et les signes cliniques de l&#8217;appendicite.<\/p>\n<div class=\"wp-block-image\">\n<figure class=\"aligncenter size-full is-resized\"><a href=\"https:\/\/medizinonline.com\/wp-content\/uploads\/2024\/04\/Ubersicht1_HP4_s47.png\"><img decoding=\"async\" width=\"1274\" height=\"1211\" data-src=\"https:\/\/medizinonline.com\/wp-content\/uploads\/2024\/04\/Ubersicht1_HP4_s47.png\" alt=\"\" class=\"wp-image-377844 lazyload\" style=\"--smush-placeholder-width: 1274px; --smush-placeholder-aspect-ratio: 1274\/1211;width:500px\" data-srcset=\"https:\/\/medizinonline.com\/wp-content\/uploads\/2024\/04\/Ubersicht1_HP4_s47.png 1274w, https:\/\/medizinonline.com\/wp-content\/uploads\/2024\/04\/Ubersicht1_HP4_s47-800x760.png 800w, https:\/\/medizinonline.com\/wp-content\/uploads\/2024\/04\/Ubersicht1_HP4_s47-1160x1103.png 1160w, https:\/\/medizinonline.com\/wp-content\/uploads\/2024\/04\/Ubersicht1_HP4_s47-120x114.png 120w, https:\/\/medizinonline.com\/wp-content\/uploads\/2024\/04\/Ubersicht1_HP4_s47-90x86.png 90w, https:\/\/medizinonline.com\/wp-content\/uploads\/2024\/04\/Ubersicht1_HP4_s47-320x304.png 320w, https:\/\/medizinonline.com\/wp-content\/uploads\/2024\/04\/Ubersicht1_HP4_s47-560x532.png 560w, https:\/\/medizinonline.com\/wp-content\/uploads\/2024\/04\/Ubersicht1_HP4_s47-240x228.png 240w, https:\/\/medizinonline.com\/wp-content\/uploads\/2024\/04\/Ubersicht1_HP4_s47-180x171.png 180w, https:\/\/medizinonline.com\/wp-content\/uploads\/2024\/04\/Ubersicht1_HP4_s47-640x608.png 640w, https:\/\/medizinonline.com\/wp-content\/uploads\/2024\/04\/Ubersicht1_HP4_s47-1120x1065.png 1120w\" data-sizes=\"(max-width: 1274px) 100vw, 1274px\" src=\"data:image\/svg+xml;base64,PHN2ZyB3aWR0aD0iMSIgaGVpZ2h0PSIxIiB4bWxucz0iaHR0cDovL3d3dy53My5vcmcvMjAwMC9zdmciPjwvc3ZnPg==\" \/><\/a><\/figure>\n<\/div>\n<p>Les diff\u00e9rents stades de l&#8217;appendicite sont \u00e9num\u00e9r\u00e9s dans le<strong> tableau 2<\/strong>.<\/p>\n<div class=\"wp-block-image\">\n<figure class=\"aligncenter size-full is-resized\"><a href=\"https:\/\/medizinonline.com\/wp-content\/uploads\/2024\/04\/Ubersicht2_HP4_s47.png\"><img decoding=\"async\" width=\"902\" height=\"789\" data-src=\"https:\/\/medizinonline.com\/wp-content\/uploads\/2024\/04\/Ubersicht2_HP4_s47.png\" alt=\"\" class=\"wp-image-377845 lazyload\" style=\"--smush-placeholder-width: 902px; --smush-placeholder-aspect-ratio: 902\/789;width:400px\" data-srcset=\"https:\/\/medizinonline.com\/wp-content\/uploads\/2024\/04\/Ubersicht2_HP4_s47.png 902w, https:\/\/medizinonline.com\/wp-content\/uploads\/2024\/04\/Ubersicht2_HP4_s47-800x700.png 800w, https:\/\/medizinonline.com\/wp-content\/uploads\/2024\/04\/Ubersicht2_HP4_s47-120x105.png 120w, https:\/\/medizinonline.com\/wp-content\/uploads\/2024\/04\/Ubersicht2_HP4_s47-90x79.png 90w, https:\/\/medizinonline.com\/wp-content\/uploads\/2024\/04\/Ubersicht2_HP4_s47-320x280.png 320w, https:\/\/medizinonline.com\/wp-content\/uploads\/2024\/04\/Ubersicht2_HP4_s47-560x490.png 560w, https:\/\/medizinonline.com\/wp-content\/uploads\/2024\/04\/Ubersicht2_HP4_s47-240x210.png 240w, https:\/\/medizinonline.com\/wp-content\/uploads\/2024\/04\/Ubersicht2_HP4_s47-180x157.png 180w, https:\/\/medizinonline.com\/wp-content\/uploads\/2024\/04\/Ubersicht2_HP4_s47-640x560.png 640w\" data-sizes=\"(max-width: 902px) 100vw, 902px\" src=\"data:image\/svg+xml;base64,PHN2ZyB3aWR0aD0iMSIgaGVpZ2h0PSIxIiB4bWxucz0iaHR0cDovL3d3dy53My5vcmcvMjAwMC9zdmciPjwvc3ZnPg==\" \/><\/a><\/figure>\n<\/div>\n<p>Si les douleurs postop\u00e9ratoires persistent, il faut \u00e9galement penser \u00e0 une complication postop\u00e9ratoire avec abc\u00e8s ou r\u00e9action inflammatoire marqu\u00e9e avec formation de cicatrices hypertrophiques, en fonction du stade de l&#8217;appendicite, comme le montre le <strong>cas clinique 2 <\/strong>.<\/p>\n\n<p><em>Les examens radiologiques<\/em> n&#8217;ont aucune valeur dans le diagnostic de l&#8217;appendicite aigu\u00eb.  <\/p>\n\n<p>Ces derni\u00e8res ann\u00e9es, l&#8217;<em>\u00e9chographie s<\/em> &#8216;est impos\u00e9e comme un outil fiable pour le diagnostic de l&#8217;appendicite. Dans les m\u00e9ta-analyses, la m\u00e9thode est cr\u00e9dit\u00e9e d&#8217;une sensibilit\u00e9 allant jusqu&#8217;\u00e0 87% et d&#8217;une sp\u00e9cificit\u00e9 allant jusqu&#8217;\u00e0 94%. L&#8217;\u00e9chographie de l&#8217;abdomen montre dans le cas typique une augmentation du diam\u00e8tre de l&#8217;appendice de plus de 6 mm, un \u00e9paississement de la paroi et un ph\u00e9nom\u00e8ne de cocarde ainsi qu&#8217;une accumulation circulaire de liquide autour de l&#8217;organe. Le Doppler couleur permet souvent de d\u00e9tecter une hyper\u00e9mie.<\/p>\n\n<p>L&#8217;utilisation de l&#8217;imagerie est aujourd&#8217;hui la norme dans le diagnostic de l&#8217;appendicite. Cela permet de r\u00e9duire le nombre d&#8217;interventions chirurgicales n\u00e9gatives et le co\u00fbt total du traitement. Bien que l&#8217;\u00e9chographie soit souvent utilis\u00e9e chez les patients p\u00e9diatriques pour \u00e9viter l&#8217;exposition aux radiations, la <em>tomodensitom\u00e9trie<\/em> est le moyen le plus pr\u00e9cis de poser un diagnostic chez les adultes, selon un rapport publi\u00e9 dans le British Journal of Surgery [2]. La pr\u00e9cision des scanners \u00e9tait de 98 et 98,5 % respectivement pour l&#8217;identification des patients avec et sans appendicite aigu\u00eb.  <\/p>\n\n<p>L&#8217;<em>IRM<\/em> peut \u00eatre utilis\u00e9e comme alternative au scanner chez les enfants et les adolescents afin d&#8217;\u00e9viter l&#8217;exposition aux radiations [4]. Les signes d&#8217;appendicite \u00e0 l&#8217;IRM assist\u00e9e par contraste \u00e9taient une accumulation de liquide avec \u00e9paississement de la paroi, un enrichissement atypique du contraste dans la paroi intestinale, une augmentation de la taille de l&#8217;appendice (&gt;6 mm), des calculs f\u00e9caux (appendicolites), une accumulation de graisse inflammatoire autour de l&#8217;appendice, ainsi que des troubles de la diffusion. L&#8217;accumulation de liquide dans le voisinage imm\u00e9diat, le phlegmon et les abc\u00e8s enrichissant les bords, m\u00eame en l&#8217;absence d&#8217;une inflammation visible de l&#8217;appendice, \u00e9taient consid\u00e9r\u00e9s comme des signes de perforation de l&#8217;appendice [5].<\/p>\n\n<h3 id=\"etude-de-cas\" class=\"wp-block-heading\">\u00c9tude de cas<\/h3>\n\n<p>Dans l&#8217;<strong>\u00e9tude de cas 1 (figures 1A \u00e0 1C)<\/strong>, l&#8217;IRM a r\u00e9v\u00e9l\u00e9 une appendicite aigu\u00eb chez une patiente de 22 ans. L&#8217;appendice a pr\u00e9sent\u00e9 un \u00e9paississement inflammatoire et oed\u00e9mateux de la paroi sur 5 mm et un diam\u00e8tre de 1,3 cm. Les s\u00e9quences KM montraient \u00e9galement d\u00e9j\u00e0 une r\u00e9action inflammatoire ambiante dans le tissu adipeux. La symptomatologie \u00e9tait r\u00e9currente pendant quatre semaines et les param\u00e8tres inflammatoires l\u00e9g\u00e8rement \u00e9lev\u00e9s de mani\u00e8re variable. L&#8217;intervention chirurgicale r\u00e9alis\u00e9e imm\u00e9diatement apr\u00e8s l&#8217;IRM a confirm\u00e9 l&#8217;appendicite aigu\u00eb pr\u00e9-perforante.<\/p>\n<div class=\"wp-block-image\">\n<figure class=\"aligncenter size-full is-resized\"><a href=\"https:\/\/medizinonline.com\/wp-content\/uploads\/2024\/04\/abb1_HP4_s48-scaled.jpg\"><img decoding=\"async\" width=\"827\" height=\"2560\" data-src=\"https:\/\/medizinonline.com\/wp-content\/uploads\/2024\/04\/abb1_HP4_s48-scaled.jpg\" alt=\"\" class=\"wp-image-377846 lazyload\" style=\"--smush-placeholder-width: 827px; --smush-placeholder-aspect-ratio: 827\/2560;width:300px\" data-srcset=\"https:\/\/medizinonline.com\/wp-content\/uploads\/2024\/04\/abb1_HP4_s48-scaled.jpg 827w, https:\/\/medizinonline.com\/wp-content\/uploads\/2024\/04\/abb1_HP4_s48-800x2475.jpg 800w, https:\/\/medizinonline.com\/wp-content\/uploads\/2024\/04\/abb1_HP4_s48-662x2048.jpg 662w, https:\/\/medizinonline.com\/wp-content\/uploads\/2024\/04\/abb1_HP4_s48-120x371.jpg 120w, https:\/\/medizinonline.com\/wp-content\/uploads\/2024\/04\/abb1_HP4_s48-90x278.jpg 90w, https:\/\/medizinonline.com\/wp-content\/uploads\/2024\/04\/abb1_HP4_s48-320x990.jpg 320w, https:\/\/medizinonline.com\/wp-content\/uploads\/2024\/04\/abb1_HP4_s48-560x1733.jpg 560w, https:\/\/medizinonline.com\/wp-content\/uploads\/2024\/04\/abb1_HP4_s48-240x743.jpg 240w, https:\/\/medizinonline.com\/wp-content\/uploads\/2024\/04\/abb1_HP4_s48-180x557.jpg 180w, https:\/\/medizinonline.com\/wp-content\/uploads\/2024\/04\/abb1_HP4_s48-640x1980.jpg 640w\" data-sizes=\"(max-width: 827px) 100vw, 827px\" src=\"data:image\/svg+xml;base64,PHN2ZyB3aWR0aD0iMSIgaGVpZ2h0PSIxIiB4bWxucz0iaHR0cDovL3d3dy53My5vcmcvMjAwMC9zdmciPjwvc3ZnPg==\" \/><\/a><\/figure>\n<\/div>\n<p>Le <strong>cas 2<\/strong> illustre <strong>(Fig. 2A \u00e0 2C) <\/strong>la situation apr\u00e8s une appendicite perfor\u00e9e, un abc\u00e8s local et une p\u00e9ritonite. Trouble de la cicatrisation avec phlegmon local. Chez la patiente de 18 ans, deux mois apr\u00e8s l&#8217;op\u00e9ration, une r\u00e9action cicatricielle marqu\u00e9e a \u00e9t\u00e9 mise en \u00e9vidence avec des douleurs persistantes et un abc\u00e8s r\u00e9cidivant a \u00e9t\u00e9 exclu.<\/p>\n<div class=\"wp-block-image\">\n<figure class=\"aligncenter size-full is-resized\"><a href=\"https:\/\/medizinonline.com\/wp-content\/uploads\/2024\/04\/abb2_HP4_s48-scaled.jpg\"><img decoding=\"async\" width=\"773\" height=\"2560\" data-src=\"https:\/\/medizinonline.com\/wp-content\/uploads\/2024\/04\/abb2_HP4_s48-scaled.jpg\" alt=\"\" class=\"wp-image-377847 lazyload\" style=\"--smush-placeholder-width: 773px; --smush-placeholder-aspect-ratio: 773\/2560;width:300px\" data-srcset=\"https:\/\/medizinonline.com\/wp-content\/uploads\/2024\/04\/abb2_HP4_s48-scaled.jpg 773w, https:\/\/medizinonline.com\/wp-content\/uploads\/2024\/04\/abb2_HP4_s48-800x2649.jpg 800w, https:\/\/medizinonline.com\/wp-content\/uploads\/2024\/04\/abb2_HP4_s48-120x397.jpg 120w, https:\/\/medizinonline.com\/wp-content\/uploads\/2024\/04\/abb2_HP4_s48-90x298.jpg 90w, https:\/\/medizinonline.com\/wp-content\/uploads\/2024\/04\/abb2_HP4_s48-320x1060.jpg 320w, https:\/\/medizinonline.com\/wp-content\/uploads\/2024\/04\/abb2_HP4_s48-560x1854.jpg 560w, https:\/\/medizinonline.com\/wp-content\/uploads\/2024\/04\/abb2_HP4_s48-240x795.jpg 240w, https:\/\/medizinonline.com\/wp-content\/uploads\/2024\/04\/abb2_HP4_s48-180x596.jpg 180w, https:\/\/medizinonline.com\/wp-content\/uploads\/2024\/04\/abb2_HP4_s48-640x2119.jpg 640w\" data-sizes=\"(max-width: 773px) 100vw, 773px\" src=\"data:image\/svg+xml;base64,PHN2ZyB3aWR0aD0iMSIgaGVpZ2h0PSIxIiB4bWxucz0iaHR0cDovL3d3dy53My5vcmcvMjAwMC9zdmciPjwvc3ZnPg==\" \/><\/a><\/figure>\n<\/div>\n<p><strong>Messages Take-Home<\/strong><\/p>\n\n<ul class=\"wp-block-list\">\n<li>L&#8217;appendicite offre souvent un sympt\u00f4me typique dans la partie inf\u00e9rieure droite de l&#8217;abdomen, mais peut \u00e9galement pr\u00e9senter une symptomatologie variable et des valeurs de laboratoire diff\u00e9rentes de la normale.<\/li>\n\n\n\n<li>Plusieurs diagnostics diff\u00e9rentiels doivent \u00eatre pris en compte, en particulier chez les jeunes patients.<\/li>\n\n\n\n<li>Les examens d&#8217;imagerie sont tr\u00e8s importants pour \u00e9valuer le stade de l&#8217;inflammation afin d&#8217;\u00e9viter une escalade qui pourrait mettre la vie en danger.<\/li>\n\n\n\n<li>Le traitement chirurgical permet d&#8217;obtenir un assainissement d\u00e9finitif et d&#8217;\u00e9viter les complications.<\/li>\n<\/ul>\n\n<p><\/p>\n\n<p>Litt\u00e9rature :  <\/p>\n\n<ol class=\"wp-block-list\">\n<li>\u00abAppendizitis\u00bb, <a href=\"https:\/\/flexicon.doccheck.com\/de\/Appendizitis\" target=\"_blank\" rel=\"noreferrer noopener\">https:\/\/flexicon.doccheck.com\/de\/Appendizitis<\/a>, (derni\u00e8re consultation 19.03.2024) <\/li>\n\n\n\n<li>Haijanen J, et al.: Diagnostic accuracy using low-dose versus standard radiation dose CT in suspected acute appendicitis: prospective cohort study. Br J Surg 2021; 108(12): 1483\u20131490.<\/li>\n\n\n\n<li>\u00abGastrointestinale Erkrankungen\u00bb, <a href=\"http:\/\/www.msdmanuals.com\/de-de\/profi\/gastrointestinale-erkrankungen\" target=\"_blank\" rel=\"noreferrer noopener\">www.msdmanuals.com\/de-de\/profi\/gastrointestinale-erkrankungen<\/a>, (derni\u00e8re consultation 19.03.2024) <\/li>\n\n\n\n<li>Dingemann J, Ure B: Imaging and the Use of Scores for the Diagnosis of Appendicitis in Children. Eur J Pediatr Surg 2012; 22(03): 195\u2013200. <\/li>\n\n\n\n<li>Koning JL, Naheedy JH, Kruk PG: Diagnostic performance of contrast-enhanced MR for acute appendicitis and alternative causes of abdominal pain in children. Pediatr Radiol 2014; 44: 948\u2013955.<\/li>\n\n\n\n<li>Staatz G, Schneider K: Differenzialdiagnose des akuten Abdomens. Teil IV (akutes Abdomen im Kindesalter). Radiologie up2date 2; 2010: 103\u2013116.<\/li>\n\n\n\n<li>Wiesner W, Kirchhoff TD, Opherk JP: Differenzialdiagnose des akuten Abdomens. Teil II. Radiologie up2date 1; 2009; 35\u201345.<\/li>\n<\/ol>\n\n<p><\/p>\n\n<p><\/p>\n\n<p class=\"has-small-font-size\"><em>HAUSARZT PRAXIS 2024; 19(4): 47\u201349<\/em><\/p>\n","protected":false},"excerpt":{"rendered":"<p>Une douleur abdominale dans la partie inf\u00e9rieure droite de l&#8217;abdomen, accompagn\u00e9e de naus\u00e9es ou de fi\u00e8vre, est un sympt\u00f4me typique de l&#8217;appendicite. S&#8217;il existe une symptomatologie classique pour l&#8217;appendicite, on&hellip;<\/p>\n","protected":false},"author":7,"featured_media":378008,"comment_status":"closed","ping_status":"closed","sticky":false,"template":"","format":"standard","meta":{"_acf_changed":false,"pmpro_default_level":"","cat_1_feature_home_top":false,"cat_2_editor_pick":false,"csco_eyebrow_text":"Du sympt\u00f4me au diagnostic","footnotes":""},"category":[11541,11531,11414,11428,11315,11492,11549],"tags":[75320,56866,66897,15171,12422,75319],"powerkit_post_featured":[],"class_list":["post-378001","post","type-post","status-publish","format-standard","has-post-thumbnail","category-cases-fr","category-formation-continue","category-gastro-enterologie-et-hepatologie","category-infectiologie","category-medecine-interne-generale","category-radiologie-fr","category-rx-fr","tag-appendicite-fr","tag-appendizitis-fr","tag-douleur-abdominale","tag-douleurs-abdominales","tag-imagerie-medicale","tag-symptomes-atypiques","pmpro-has-access"],"acf":[],"publishpress_future_action":{"enabled":false,"date":"2026-05-07 03:48:53","action":"change-status","newStatus":"draft","terms":[],"taxonomy":"category","extraData":[]},"publishpress_future_workflow_manual_trigger":{"enabledWorkflows":[]},"wpml_current_locale":"fr_FR","wpml_translations":{"it_IT":{"locale":"it_IT","id":378015,"slug":"dolore-addominale-appendicite","post_title":"Dolore addominale \u2013 Appendicite","href":"https:\/\/medizinonline.com\/it\/dolore-addominale-appendicite\/"},"pt_PT":{"locale":"pt_PT","id":378030,"slug":"dor-abdominal-apendicite","post_title":"Dor abdominal \u2013 Apendicite","href":"https:\/\/medizinonline.com\/pt-pt\/dor-abdominal-apendicite\/"},"es_ES":{"locale":"es_ES","id":377910,"slug":"dolor-abdominal-apendicitis","post_title":"Dolor abdominal - Apendicitis","href":"https:\/\/medizinonline.com\/es\/dolor-abdominal-apendicitis\/"}},"_links":{"self":[{"href":"https:\/\/medizinonline.com\/fr\/wp-json\/wp\/v2\/posts\/378001","targetHints":{"allow":["GET"]}}],"collection":[{"href":"https:\/\/medizinonline.com\/fr\/wp-json\/wp\/v2\/posts"}],"about":[{"href":"https:\/\/medizinonline.com\/fr\/wp-json\/wp\/v2\/types\/post"}],"author":[{"embeddable":true,"href":"https:\/\/medizinonline.com\/fr\/wp-json\/wp\/v2\/users\/7"}],"replies":[{"embeddable":true,"href":"https:\/\/medizinonline.com\/fr\/wp-json\/wp\/v2\/comments?post=378001"}],"version-history":[{"count":3,"href":"https:\/\/medizinonline.com\/fr\/wp-json\/wp\/v2\/posts\/378001\/revisions"}],"predecessor-version":[{"id":380338,"href":"https:\/\/medizinonline.com\/fr\/wp-json\/wp\/v2\/posts\/378001\/revisions\/380338"}],"wp:featuredmedia":[{"embeddable":true,"href":"https:\/\/medizinonline.com\/fr\/wp-json\/wp\/v2\/media\/378008"}],"wp:attachment":[{"href":"https:\/\/medizinonline.com\/fr\/wp-json\/wp\/v2\/media?parent=378001"}],"wp:term":[{"taxonomy":"category","embeddable":true,"href":"https:\/\/medizinonline.com\/fr\/wp-json\/wp\/v2\/category?post=378001"},{"taxonomy":"post_tag","embeddable":true,"href":"https:\/\/medizinonline.com\/fr\/wp-json\/wp\/v2\/tags?post=378001"},{"taxonomy":"powerkit_post_featured","embeddable":true,"href":"https:\/\/medizinonline.com\/fr\/wp-json\/wp\/v2\/powerkit_post_featured?post=378001"}],"curies":[{"name":"wp","href":"https:\/\/api.w.org\/{rel}","templated":true}]}}