{"id":378074,"date":"2024-04-30T14:00:00","date_gmt":"2024-04-30T12:00:00","guid":{"rendered":"https:\/\/medizinonline.com\/dyspnee-dans-le-cadre-dune-prise-en-charge-ambulatoire-penser-aux-causes-rares\/"},"modified":"2024-04-30T14:00:10","modified_gmt":"2024-04-30T12:00:10","slug":"dyspnee-dans-le-cadre-dune-prise-en-charge-ambulatoire-penser-aux-causes-rares","status":"publish","type":"post","link":"https:\/\/medizinonline.com\/fr\/dyspnee-dans-le-cadre-dune-prise-en-charge-ambulatoire-penser-aux-causes-rares\/","title":{"rendered":"Dyspn\u00e9e dans le cadre d&#8217;une prise en charge ambulatoire &#8211; penser aux causes rares"},"content":{"rendered":"\n<p><strong>Le professeur Thurnheer, de l&#8217;h\u00f4pital cantonal de M\u00fcnsterlingen, a d\u00e9montr\u00e9 de mani\u00e8re impressionnante qu&#8217;il ne faut pas toujours se contenter du diagnostic de travail &#8220;dyspn\u00e9e d&#8217;\u00e9tiologie ind\u00e9termin\u00e9e&#8221;, mais qu&#8217;il est possible, gr\u00e2ce \u00e0 une anamn\u00e8se d\u00e9taill\u00e9e et \u00e0 des \u00e9tapes d&#8217;investigation appropri\u00e9es, d&#8217;identifier de nombreuses causes sous-jacentes et d&#8217;orienter les patients vers un traitement appropri\u00e9. En particulier chez les patients multimorbides, la recherche et l&#8217;interpr\u00e9tation des pi\u00e8ces du puzzle pertinentes pour l&#8217;\u00e9valuation de la dyspn\u00e9e est un d\u00e9fi difficile \u00e0 relever, compte tenu de la complexit\u00e9 des r\u00e9sultats.  <\/strong><\/p>\n\n<!--more-->\n\n<p>Si un patient a l&#8217;impression de ne pas avoir assez d&#8217;air, cela peut \u00eatre d\u00fb \u00e0 de nombreux facteurs. &#8220;La dyspn\u00e9e est un sympt\u00f4me subjectif&#8221;, explique le professeur Robert Thurnheer, m\u00e9decin-chef de la m\u00e9decine interne \u00e0 l&#8217;h\u00f4pital cantonal de M\u00fcnsterlingen [1]. Les signes ext\u00e9rieurs perceptibles peuvent \u00eatre une respiration superficielle et rapide ou une respiration accentu\u00e9e et profonde. La respiration \u00e9tant un processus complexe influenc\u00e9 par des facteurs pulmonaires, cardiaques, musculaires, squelettiques et c\u00e9r\u00e9braux, entre autres, l&#8217;\u00e9ventail des causes possibles d&#8217;une dyspn\u00e9e est large.<\/p>\n\n<h3 id=\"cas-1-cardiopathie-hypertensive\" class=\"wp-block-heading\">Cas 1 : Cardiopathie hypertensive  <\/h3>\n\n<p>Une patiente de 82 ans, souffrant de dyspn\u00e9e, avait r\u00e9cemment contract\u00e9 la grippe A et pr\u00e9sentait une hypertension art\u00e9rielle connue ainsi qu&#8217;une fibrillation auriculaire (FAV). Il y a quelque temps, elle est tomb\u00e9e chez elle. Elle a \u00e9galement souffert de diarrh\u00e9e apr\u00e8s avoir re\u00e7u de la nitrofuranto\u00efne pour une infection urinaire. Les radiographies montraient une redistribution baso-apicale. L&#8217;indice cardiothoracique (quotient c\u0153ur\/thorax) \u00e9tait sup\u00e9rieur \u00e0 0,50. On a constat\u00e9 une congestion veineuse pulmonaire et du liquide dans les vaisseaux, ainsi qu&#8217;un recrutement de la circulation pulmonaire dans les champs sup\u00e9rieurs (augmentation de la pression wedge \u00e0 13-18 mmHg). Autres caract\u00e9ristiques \u00e0 l&#8217;examen radiologique : \u00e9panchement interlobaire, ballonnet p\u00e9ribronchique, ph\u00e9nom\u00e8ne de silhouette (le contour du diaphragme n&#8217;est pas clairement visible) ; &#8220;Kerley Lines&#8221;. Les lignes de Kerley sont de fines lignes horizontales qui s&#8217;\u00e9tendent jusqu&#8217;\u00e0 la paroi thoracique et sont un signe d&#8217;insuffisance cardiaque, a expliqu\u00e9 le professeur Thurnheer [1]. Un scanner r\u00e9alis\u00e9 un mois auparavant aurait \u00e9galement \u00e9t\u00e9 utile dans ce cas, car il aurait permis de d\u00e9tecter une fibrose pulmonaire due \u00e0 l&#8217;ion nitrofurane, par exemple. Si l&#8217;on soup\u00e7onne des sympt\u00f4mes pneumologiques induits par des m\u00e9dicaments, on peut consulter le site <em>\n  <a href=\"http:\/\/www.pneumotox.com\" target=\"_blank\" rel=\"noreferrer noopener\">www.pneumotox.com <\/a>\n<\/em>[1,3].  <\/p>\n\n<p>Comme on le sait, la dyspn\u00e9e est une caract\u00e9ristique possible de l&#8217;insuffisance cardiaque gauche. Si la pr\u00e9sence d&#8217;une HFpEF, d&#8217;une HFrEF ou d&#8217;une HFmrEF est confirm\u00e9e, un traitement conforme aux directives doit \u00eatre mis en place. En ce qui concerne les diur\u00e9tiques de l&#8217;anse, le toras\u00e9mide et le furos\u00e9mide doivent \u00eatre consid\u00e9r\u00e9s comme \u00e9quivalents en cas d&#8217;insuffisance cardiaque, selon l&#8217;\u00e9tat actuel des connaissances [4]. &#8220;Cela ne d\u00e9pend probablement pas du fait que l&#8217;on donne du furos\u00e9mide ou du toras\u00e9mide&#8221;, a reconnu le professeur Thurnheer [1]. Les bandages de compression peuvent \u00eatre utiles pour mobiliser les patients. L&#8217;exp\u00e9rience montre que chez les patients atteints de FHV, un contr\u00f4le de la fr\u00e9quence est souvent suffisant en fonction des caract\u00e9ristiques du patient, alors qu&#8217;un contr\u00f4le du rythme n&#8217;est pas n\u00e9cessaire, a rapport\u00e9 l&#8217;orateur [1]. La question de savoir s&#8217;il faut prescrire des opiac\u00e9s en cas de dyspn\u00e9e fait l&#8217;objet d&#8217;une controverse. &#8220;On donne volontiers de la morphine quand quelqu&#8217;un souffre de dyspn\u00e9e&#8221;, explique le professeur Thurnheer [1]. Les donn\u00e9es disponibles \u00e0 ce sujet sont toutefois limit\u00e9es. En revanche, la morphine est une option th\u00e9rapeutique bien \u00e9tablie pour les patients atteints de tumeurs et souffrant de dyspn\u00e9e.  <\/p>\n\n<figure class=\"wp-block-table\"><table class=\"has-background\" style=\"background-color:#8dd2fc7a\"><tbody><tr><td><strong>Quand l&#8217;ergospirom\u00e9trie est-elle utile ?  <\/strong><\/td><\/tr><tr><td>&#8220;L&#8217;ergospirom\u00e9trie permet de d\u00e9terminer assez facilement si une limitation est plut\u00f4t d&#8217;origine cardiaque ou pulmonaire et m\u00e9canique&#8221;, a expliqu\u00e9 le professeur Thurnheer. D&#8217;origine pulmonaire et m\u00e9canique, la dyspn\u00e9e est classiquement pr\u00e9sente dans l&#8217;asthme et la BPCO. Les personnes concern\u00e9es sont tellement limit\u00e9es qu&#8217;elles ont du mal \u00e0 respirer apr\u00e8s une courte p\u00e9riode, ce qui appara\u00eet clairement \u00e0 l&#8217;ergospirom\u00e9trie. On peut \u00e9galement d\u00e9tecter un trouble de la diffusion (\u00e9change gazeux) lorsque les rapports de ventilation entre l&#8217;oxyg\u00e8ne et<sub>le CO2<\/sub> sont d\u00e9s\u00e9quilibr\u00e9s.  <br \/>Mais il ne s&#8217;agit pas forc\u00e9ment du c\u0153ur ou des poumons, il peut aussi s&#8217;agir d&#8217;un d\u00e9conditionnement, a fait remarquer le conf\u00e9rencier. Si des personnes de 55 ans disent qu&#8217;elles couraient le semi-marathon mais qu&#8217;elles ne parviennent plus \u00e0 gravir la montagne, il s&#8217;agit peut-\u00eatre d&#8217;un ph\u00e9nom\u00e8ne normal li\u00e9 \u00e0 l&#8217;\u00e2ge ou simplement d&#8217;un manque d&#8217;entra\u00eenement. Mais il existe aussi des maladies musculaires rares, comme la myopathie mitochondriale ; dans ces cas, les personnes concern\u00e9es deviennent tr\u00e8s rapidement hyperacides, c&#8217;est-\u00e0-dire que les \u00e9quivalents ventilatoires pour le<sub>CO2<\/sub> augmentent.<\/td><\/tr><tr><td><em>d&#8217;apr\u00e8s [1] <\/em><\/td><\/tr><\/tbody><\/table><\/figure>\n\n<h3 id=\"cas-2-hypertension-arterielle-pulmonaire\" class=\"wp-block-heading\">Cas 2 : Hypertension art\u00e9rielle pulmonaire  <\/h3>\n\n<p>Dans l&#8217;\u00e9tude de cas suivante, le conf\u00e9rencier a d\u00e9crit une jeune femme qui s&#8217;est pr\u00e9sent\u00e9e aux urgences avec une dyspn\u00e9e et une cyanose et a indiqu\u00e9 qu&#8217;elle souffrait d&#8217;\u00e9puisement physique et psychologique [1]. La radiographie du thorax \u00e9tait sans particularit\u00e9 et la patiente pr\u00e9sentait une fonction pulmonaire normale. Les jeunes femmes pr\u00e9sentant de tels sympt\u00f4mes, un thorax normal aux rayons X et une fonction pulmonaire normale doivent subir une \u00e9chocardiographie, a soulign\u00e9 le professeur Thurnheer [1]. En pr\u00e9sence d&#8217;une hypertension art\u00e9rielle pulmonaire (HTAP), le cardiologue constatera tr\u00e8s probablement l&#8217;hypertension pulmonaire et la charge cardiaque droite. Dans l&#8217;\u00e9tude de cas, il s&#8217;est ainsi av\u00e9r\u00e9 qu&#8217;il s&#8217;agissait d&#8217;une HTAP idiopathique. &#8220;Il s&#8217;agit d&#8217;une maladie tr\u00e8s rare, plus fr\u00e9quente chez les femmes&#8221;, a expliqu\u00e9 le professeur Thurnheer [1]. Environ deux tiers des personnes touch\u00e9es sont des femmes et les donn\u00e9es des registres indiquent qu&#8217;il y a souvent une latence de diagnostic de &gt;1 an [2]. Aujourd&#8217;hui, l&#8217;HTAP peut \u00eatre trait\u00e9e par des m\u00e9dicaments. &#8220;Heureusement, il existe de nouveaux m\u00e9dicaments qui ont massivement am\u00e9lior\u00e9 le pronostic et la qualit\u00e9 de vie&#8221;, a d\u00e9clar\u00e9 le conf\u00e9rencier [1]. Les valeurs normales de la pression art\u00e9rielle pulmonaire sont indiqu\u00e9es dans le <strong>tableau 1 <\/strong>.<\/p>\n<div class=\"wp-block-image\">\n<figure class=\"aligncenter size-full is-resized\"><a href=\"https:\/\/medizinonline.com\/wp-content\/uploads\/2024\/04\/Ubersicht1_HP4_s16.png\"><img fetchpriority=\"high\" decoding=\"async\" width=\"750\" height=\"553\" src=\"https:\/\/medizinonline.com\/wp-content\/uploads\/2024\/04\/Ubersicht1_HP4_s16.png\" alt=\"\" class=\"wp-image-377775\" style=\"width:500px\" srcset=\"https:\/\/medizinonline.com\/wp-content\/uploads\/2024\/04\/Ubersicht1_HP4_s16.png 750w, https:\/\/medizinonline.com\/wp-content\/uploads\/2024\/04\/Ubersicht1_HP4_s16-120x88.png 120w, https:\/\/medizinonline.com\/wp-content\/uploads\/2024\/04\/Ubersicht1_HP4_s16-90x66.png 90w, https:\/\/medizinonline.com\/wp-content\/uploads\/2024\/04\/Ubersicht1_HP4_s16-320x236.png 320w, https:\/\/medizinonline.com\/wp-content\/uploads\/2024\/04\/Ubersicht1_HP4_s16-560x413.png 560w, https:\/\/medizinonline.com\/wp-content\/uploads\/2024\/04\/Ubersicht1_HP4_s16-240x177.png 240w, https:\/\/medizinonline.com\/wp-content\/uploads\/2024\/04\/Ubersicht1_HP4_s16-180x133.png 180w, https:\/\/medizinonline.com\/wp-content\/uploads\/2024\/04\/Ubersicht1_HP4_s16-640x472.png 640w\" sizes=\"(max-width: 750px) 100vw, 750px\" \/><\/a><\/figure>\n<\/div>\n<h3 id=\"cas-3-chute-de-la-frequence-cardiaque\" class=\"wp-block-heading\">Cas 3 : Chute de la fr\u00e9quence cardiaque  <\/h3>\n\n<p>Un homme athl\u00e9tique de 52 ans ayant des ant\u00e9c\u00e9dents de maladie de Hodgkin et de maladie coronarienne (MC) s&#8217;est plaint de dyspn\u00e9e pendant l&#8217;exercice. Le patient s&#8217;est senti limit\u00e9 par cette situation et s&#8217;est inqui\u00e9t\u00e9 [1]. L&#8217;angine de poitrine a \u00e9t\u00e9 exclue. Une radioth\u00e9rapie effectu\u00e9e dans le m\u00e9diastin \u00e9tait une explication possible de la maladie coronarienne (maladie des branches). Une coronarographie a \u00e9t\u00e9 r\u00e9alis\u00e9e pour voir s&#8217;il y avait une progression de la maladie coronarienne, ce qui n&#8217;\u00e9tait pas le cas. L&#8217;examen de la fonction pulmonaire n&#8217;a rien r\u00e9v\u00e9l\u00e9 de particulier ; toutes les valeurs, y compris VEF1, la m\u00e9canique pulmonaire et la capacit\u00e9 de diffusion, \u00e9taient dans la norme. Il a \u00e9t\u00e9 d\u00e9cid\u00e9 de proc\u00e9der ensuite \u00e0 une ergospirom\u00e9trie. Les r\u00e9sultats ont \u00e9t\u00e9 les suivants :  <\/p>\n\n<ul class=\"wp-block-list\">\n<li>50 watts, augmentation de 75 watts par 3 min<\/li>\n\n\n\n<li>Puissance 162 watts (= 82% du point de consigne)  <\/li>\n\n\n\n<li>Chute de la fr\u00e9quence cardiaque de 114 \u00e0 65 \u00e0 150 watts<\/li>\n<\/ul>\n\n<p>Le professeur Thurnheer a expliqu\u00e9 que le patient a certes r\u00e9alis\u00e9 environ 80% de sa valeur th\u00e9orique, mais compte tenu du fait qu&#8217;il travaille physiquement (dans le g\u00e9nie civil) et qu&#8217;il est tr\u00e8s sportif, on aurait pu s&#8217;attendre \u00e0 ce qu&#8217;il atteigne 120% [1]. La chute de la fr\u00e9quence cardiaque de 114 \u00e0 65 \u00e0 la puissance de 150 watts est frappante. &#8220;Il s&#8217;agit d&#8217;un bloc de branche d\u00e9pendant de la fr\u00e9quence&#8221;, a expliqu\u00e9 le conf\u00e9rencier [1]. Un b\u00eatabloquant avait \u00e9t\u00e9 arr\u00eat\u00e9 depuis un certain temps, ce qui n&#8217;a pas entra\u00een\u00e9 la disparition de ce bloc de branche.<\/p>\n\n<p>Le diagnostic final de ce patient \u00e9tait le suivant :  <\/p>\n\n<ul class=\"wp-block-list\">\n<li>Bloc AV d\u00e9pendant de la fr\u00e9quence avec conduction 2:1 \u00e0 3:1, persistance apr\u00e8s l&#8217;arr\u00eat du b\u00eatabloquant<\/li>\n\n\n\n<li>Statut apr\u00e8s maladie de Hodgkin 1982 avec radioth\u00e9rapie m\u00e9diastinale.<\/li>\n\n\n\n<li>Au vu de ce diagnostic, il a \u00e9t\u00e9 d\u00e9cid\u00e9 d&#8217;implanter un stimulateur cardiaque, \u00e0 la suite de quoi l&#8217;\u00e9tat du patient s&#8217;est am\u00e9lior\u00e9.  <\/li>\n<\/ul>\n\n<h3 id=\"cas-4-paresie-diaphragmatique-bilaterale-sequentielle\" class=\"wp-block-heading\">Cas 4 : Par\u00e9sie diaphragmatique bilat\u00e9rale s\u00e9quentielle  <\/h3>\n\n<p>Un patient de 69 ans pr\u00e9sentant une dyspn\u00e9e r\u00e9cente a r\u00e9cemment subi une prostatectomie (op\u00e9ration Da Vinci) [1]. En outre, il pr\u00e9sentait des D-dim\u00e8res positifs (ou &#8220;D-dim\u00e8res non n\u00e9gatifs&#8221;) et des ant\u00e9c\u00e9dents d&#8217;infarctus du myocarde sans \u00e9l\u00e9vation du ST (NSTEMI). Entre-temps, le patient avait re\u00e7u un stent et prenait de l&#8217;aspirine et du ticagrelor. R\u00e9cemment, il a souffert d&#8217;une dyspn\u00e9e s\u00e9v\u00e8re, notamment en s&#8217;allongeant. Il avait auparavant travaill\u00e9 comme boulanger, mais avait d\u00fb abandonner ce m\u00e9tier car il avait d\u00e9velopp\u00e9 un asthme de boulanger. Il travaillait depuis lors comme restaurateur, \u00e9tait mari\u00e9, avait deux fils et ne consommait pratiquement pas d&#8217;alcool. Bien qu&#8217;il ne f\u00fbt pas fumeur, il avait une BPCO GOLD 3B et \u00e9tait en surpoids avec un IMC de 34,8 <sup>kg\/m2<\/sup> (ob\u00e9sit\u00e9 de grade 1 selon l&#8217;OMS). Il pr\u00e9sentait en outre une par\u00e9sie diaphragmatique gauche, diagnostiqu\u00e9e lors d&#8217;un examen pneumologique ant\u00e9rieur.<\/p>\n\n<p>Au cours de l&#8217;\u00e9valuation actuelle, il a \u00e9t\u00e9 remarqu\u00e9 qu&#8217;il hyperventilait en s&#8217;allongeant et qu&#8217;il \u00e9tait l\u00e9g\u00e8rement tachypn\u00e9ique en position assise. La fr\u00e9quence respiratoire montrait une bonne saturation, le pouls \u00e9tait normal et la pression art\u00e9rielle \u00e9lev\u00e9e. Un souffle v\u00e9siculaire \u00e9tait audible, l\u00e9g\u00e8rement att\u00e9nu\u00e9 \u00e0 la base. L&#8217;analyse des gaz du sang (BGA) a r\u00e9v\u00e9l\u00e9 une <sub>pCO2<\/sub> l\u00e9g\u00e8rement \u00e9lev\u00e9e et un gradient art\u00e9rio-alv\u00e9olaire d&#8217;oxyg\u00e8ne normal (2,2 kPa). L&#8217;ECG s&#8217;est r\u00e9v\u00e9l\u00e9 sans particularit\u00e9. L&#8217;\u00e9chocardiographie n&#8217;\u00e9tait possible qu&#8217;en position assise, ce qui limitait les possibilit\u00e9s d&#8217;\u00e9valuation. La fonction systolique s&#8217;est r\u00e9v\u00e9l\u00e9e hautement normale.<\/p>\n\n<p>L&#8217;\u00e9chographie du thorax a r\u00e9v\u00e9l\u00e9 un diaphragme sur\u00e9lev\u00e9 des deux c\u00f4t\u00e9s et le scanner a \u00e9galement clairement montr\u00e9 cette anomalie. Une spirom\u00e9trie a \u00e9galement \u00e9t\u00e9 effectu\u00e9e. Une diff\u00e9rence de 33% a \u00e9t\u00e9 constat\u00e9e entre la position couch\u00e9e et la position debout, ce qui est fortement \u00e9vocateur d&#8217;une par\u00e9sie diaphragmatique, a fait remarquer le professeur Thurnheer, expliquant que la diff\u00e9rence devrait \u00eatre d&#8217;environ 15%. Finalement, le diagnostic de par\u00e9sie diaphragmatique bilat\u00e9rale s\u00e9quentielle d&#8217;origine idiopathique a \u00e9t\u00e9 retenu pour ce patient. Le diagnostic diff\u00e9rentiel \u00e9tait d&#8217;abord une suspicion d&#8217;embolie pulmonaire, car les patients atteints de cancer de la prostate font partie d&#8217;un groupe \u00e0 risque. Le duplex veineux (angiographie par scanner) n&#8217;a toutefois r\u00e9v\u00e9l\u00e9 aucun signe de thrombose veineuse profonde. Autres DD qui auraient \u00e9t\u00e9 th\u00e9oriquement possibles compte tenu des ant\u00e9c\u00e9dents : Maladie de Pompe, syndrome d&#8217;hyperventilation de l&#8217;ob\u00e9sit\u00e9, par\u00e9sie diaphragmatique bilat\u00e9rale s\u00e9quentielle, effet secondaire de m\u00e9dicaments.  <\/p>\n\n<p>En ce qui concerne le traitement, une ventilation non invasive a \u00e9t\u00e9 prescrite, c&#8217;est-\u00e0-dire une aide respiratoire m\u00e9canique (par exemple un masque nasal ou bucco-nasal) sans tube endotrach\u00e9al ni canule de trach\u00e9otomie. Cette mesure a permis une am\u00e9lioration rapide des sympt\u00f4mes chez ce patient.<\/p>\n\n<figure class=\"wp-block-table\"><table class=\"has-background\" style=\"background-color:#8dd2fc7a\"><tbody><tr><td><strong>Autres causes possibles de dyspn\u00e9e  <\/strong><\/td><\/tr><tr><td>En plus de celles d\u00e9crites dans les \u00e9tudes de cas, il existe de nombreuses autres explications possibles pour expliquer pourquoi les patients ressentent des difficult\u00e9s respiratoires. Il s&#8217;agit notamment de l&#8217;hyperventilation due \u00e0 des facteurs psychologiques (en particulier l&#8217;anxi\u00e9t\u00e9), de l&#8217;intoxication aux salicylates ou au ticagrelor, de l&#8217;acidoc\u00e9tose comme effet secondaire des inhibiteurs du SGLT-2, de l&#8217;anaphylaxie ou du sepsis. Mais les myopathies dans le cadre d&#8217;une scl\u00e9rose lat\u00e9rale amyotrophique, d&#8217;une myopathie mitochondriale, d&#8217;une polymyosite ou d&#8217;une dermatomyosite ou encore d&#8217;une amyotrophie n\u00e9vralgique de l&#8217;\u00e9paule peuvent \u00e9galement se manifester par une dyspn\u00e9e. En ce qui concerne le Covid-19, la dyspn\u00e9e est un sympt\u00f4me possible, bien qu&#8217;il y ait eu des cas d&#8217;hypox\u00e9mie mais pas de dyspn\u00e9e. Les indices indiquant qu&#8217;il pourrait s&#8217;agir d&#8217;un probl\u00e8me cardiaque plut\u00f4t que pneumonique sont \u00e0 rechercher dans les ant\u00e9c\u00e9dents. Dans ce cas, il convient d&#8217;\u00eatre particuli\u00e8rement attentif aux \u00e9l\u00e9ments suivants : maladie coronarienne, remplacement des valves cardiaques, hypertension, FHV, orthopn\u00e9e, nycturie, prise de poids, \u0153d\u00e8me, gros c\u0153ur, redistribution, BNP \u00e9lev\u00e9<em> (cave<\/em> faussement bas, par exemple en cas d&#8217;ob\u00e9sit\u00e9 ou non \u00e9lev\u00e9 en cas de p\u00e9ricardite constrictive ou de rupture aigu\u00eb du fil mitral).<\/td><\/tr><tr><td><em>d&#8217;apr\u00e8s [1] <\/em><\/td><\/tr><\/tbody><\/table><\/figure>\n\n<h3 id=\"cas-5-acidocetose-due-a-la-famine\" class=\"wp-block-heading\">Cas 5 : Acidoc\u00e9tose due \u00e0 la famine<\/h3>\n\n<p>Une femme de 70 ans souffrait de dyspn\u00e9e, de naus\u00e9es et de vomissements. Elle n&#8217;a pas mang\u00e9 depuis quatre jours. D&#8217;un point de vue clinique, l&#8217;hyperventilation \u00e9tait frappante. Il n&#8217;y avait aucun signe de symptomatologie neurologique. L&#8217;analyse des gaz du sang art\u00e9riel (ABGA) a r\u00e9v\u00e9l\u00e9 que la patiente pr\u00e9sentait une acidose m\u00e9tabolique et une hyponatr\u00e9mie. L&#8217;\u00e9cart anionique \u00e9tait dans la norme (Na Cl Bic=9). La patiente ne souffrait ni d&#8217;insuffisance r\u00e9nale ni de diab\u00e8te et ne prenait aucun m\u00e9dicament qui aurait pu expliquer les anomalies de l&#8217;ABGA. Dans l&#8217;urine, on a trouv\u00e9 de l&#8217;ac\u00e9tone, c&#8217;est-\u00e0-dire des corps c\u00e9toniques. &#8220;Cette patiente souffre d&#8217;acidoc\u00e9tose&#8221;, a r\u00e9sum\u00e9 le professeur Thurnheer [1]. Celle-ci a \u00e9t\u00e9 d\u00e9crite sous le terme de &#8220;pseudo normal anion gap starvation induced (beta hydroxybutyrate) ketosis&#8221;.  <\/p>\n\n<p>Une gastroscopie ult\u00e9rieure a r\u00e9v\u00e9l\u00e9 que la patiente souffrait d&#8217;une grave \u0153sophagite de reflux, ce qui \u00e9tait tr\u00e8s douloureux et l&#8217;emp\u00eachait de manger. L&#8217;acidoc\u00e9tose a \u00e9t\u00e9 corrig\u00e9e par l&#8217;apport de NaCl et de glucose. Apr\u00e8s la correction, les valeurs de la patiente se sont normalis\u00e9es, y compris le sodium, l&#8217;Osmo, le ph, le<sub>CO2<\/sub>, la saturation en oxyg\u00e8ne et le bicarbonate. L&#8217;orateur a indiqu\u00e9 qu&#8217;en ce qui concerne le sodium, une correction lente est g\u00e9n\u00e9ralement appliqu\u00e9e (maximum 8 mmol par 24 heures), bien que les donn\u00e9es ne plaident pas n\u00e9cessairement contre une correction rapide.<\/p>\n\n<p><em>Congr\u00e8s : Forum m\u00e9dical de Davos  <\/em><\/p>\n\n<p><\/p>\n\n<p>Litt\u00e9rature :<\/p>\n\n<ol class=\"wp-block-list\">\n<li>&#8220;Dyspn\u00e9e, cardiaque, pulmonaire et &#8216;everything beyond'&#8221;, Prof. Dr m\u00e9d. Robert Thurnheer, \u00c4rzteforum Davos, 05.03.2024.<\/li>\n\n\n\n<li>Khou V, et al : Diagnostic delay in pulmonary arterial hypertension : Insights from the Australian and New Zealand pulmonary hypertension registry. Respirology 2020 ; 25(8) : 863-871.<\/li>\n\n\n\n<li>&#8220;The Drug-Induced Respiratory Disease Website&#8221;, Philippe Camus, MD, <a href=\"http:\/\/www.pneumotox.com\/drug\/index\" target=\"_blank\" rel=\"noopener\">www.pneumotox.com\/drug\/index,<\/a>(derni\u00e8re consultation 22.03.2024).  <\/li>\n\n\n\n<li>  &#8220;Quel diur\u00e9tique est plus efficace ?&#8221;, <a href=\"https:\/\/app.cardionews.de\/Aktuelles\/Welches-Diuretikum-wirkt-besser-434858.html\" target=\"_blank\" rel=\"noreferrer noopener\">https:\/\/app.cardionews.de\/Aktuelles\/Welches-Diuretikum-wirkt-besser-434858.html,<\/a>(derni\u00e8re consultation 22.03.2024).<\/li>\n<\/ol>\n\n<p><\/p>\n\n<p class=\"has-small-font-size\"><em>HAUSARZT PRAXIS 2024 ; 19(4) : 16-17 (publi\u00e9 le 18.4.24, ahead of print)<\/em><\/p>\n","protected":false},"excerpt":{"rendered":"<p>Le professeur Thurnheer, de l&#8217;h\u00f4pital cantonal de M\u00fcnsterlingen, a d\u00e9montr\u00e9 de mani\u00e8re impressionnante qu&#8217;il ne faut pas toujours se contenter du diagnostic de travail &#8220;dyspn\u00e9e d&#8217;\u00e9tiologie ind\u00e9termin\u00e9e&#8221;, mais qu&#8217;il est&hellip;<\/p>\n","protected":false},"author":7,"featured_media":378080,"comment_status":"closed","ping_status":"closed","sticky":false,"template":"","format":"standard","meta":{"_acf_changed":false,"pmpro_default_level":"","cat_1_feature_home_top":false,"cat_2_editor_pick":false,"csco_eyebrow_text":"Casuistique ","footnotes":""},"category":[11378,11315,11477,11535,11549],"tags":[75403,75399,19186,25191,51239,75400],"powerkit_post_featured":[],"class_list":["post-378074","post","type-post","status-publish","format-standard","has-post-thumbnail","category-cardiologie","category-medecine-interne-generale","category-pneumologie-fr","category-rapports-de-congres","category-rx-fr","tag-acidocetose-due-a-la-famine","tag-cardiopathie-hypertensive","tag-dyspnee","tag-etiologie","tag-hypertension-arterielle-pulmonaire-fr-2","tag-paresie-diaphragmatique-bilaterale-sequentielle","pmpro-has-access"],"acf":[],"publishpress_future_action":{"enabled":false,"date":"2026-05-03 14:03:50","action":"change-status","newStatus":"draft","terms":[],"taxonomy":"category","extraData":[]},"publishpress_future_workflow_manual_trigger":{"enabledWorkflows":[]},"wpml_current_locale":"fr_FR","wpml_translations":{"it_IT":{"locale":"it_IT","id":378088,"slug":"dispnea-in-ambito-ambulatoriale-considerare-anche-le-cause-rare","post_title":"Dispnea in ambito ambulatoriale - considerare anche le cause rare","href":"https:\/\/medizinonline.com\/it\/dispnea-in-ambito-ambulatoriale-considerare-anche-le-cause-rare\/"},"pt_PT":{"locale":"pt_PT","id":378104,"slug":"dispneia-em-ambulatorio-considere-tambem-as-causas-raras","post_title":"Dispneia em ambulat\u00f3rio - considere tamb\u00e9m as causas raras","href":"https:\/\/medizinonline.com\/pt-pt\/dispneia-em-ambulatorio-considere-tambem-as-causas-raras\/"},"es_ES":{"locale":"es_ES","id":378048,"slug":"disnea-en-el-ambito-ambulatorio-considere-tambien-las-causas-raras","post_title":"Disnea en el \u00e1mbito ambulatorio - considere tambi\u00e9n las causas raras","href":"https:\/\/medizinonline.com\/es\/disnea-en-el-ambito-ambulatorio-considere-tambien-las-causas-raras\/"}},"_links":{"self":[{"href":"https:\/\/medizinonline.com\/fr\/wp-json\/wp\/v2\/posts\/378074","targetHints":{"allow":["GET"]}}],"collection":[{"href":"https:\/\/medizinonline.com\/fr\/wp-json\/wp\/v2\/posts"}],"about":[{"href":"https:\/\/medizinonline.com\/fr\/wp-json\/wp\/v2\/types\/post"}],"author":[{"embeddable":true,"href":"https:\/\/medizinonline.com\/fr\/wp-json\/wp\/v2\/users\/7"}],"replies":[{"embeddable":true,"href":"https:\/\/medizinonline.com\/fr\/wp-json\/wp\/v2\/comments?post=378074"}],"version-history":[{"count":2,"href":"https:\/\/medizinonline.com\/fr\/wp-json\/wp\/v2\/posts\/378074\/revisions"}],"predecessor-version":[{"id":378446,"href":"https:\/\/medizinonline.com\/fr\/wp-json\/wp\/v2\/posts\/378074\/revisions\/378446"}],"wp:featuredmedia":[{"embeddable":true,"href":"https:\/\/medizinonline.com\/fr\/wp-json\/wp\/v2\/media\/378080"}],"wp:attachment":[{"href":"https:\/\/medizinonline.com\/fr\/wp-json\/wp\/v2\/media?parent=378074"}],"wp:term":[{"taxonomy":"category","embeddable":true,"href":"https:\/\/medizinonline.com\/fr\/wp-json\/wp\/v2\/category?post=378074"},{"taxonomy":"post_tag","embeddable":true,"href":"https:\/\/medizinonline.com\/fr\/wp-json\/wp\/v2\/tags?post=378074"},{"taxonomy":"powerkit_post_featured","embeddable":true,"href":"https:\/\/medizinonline.com\/fr\/wp-json\/wp\/v2\/powerkit_post_featured?post=378074"}],"curies":[{"name":"wp","href":"https:\/\/api.w.org\/{rel}","templated":true}]}}