{"id":379551,"date":"2024-06-17T14:00:00","date_gmt":"2024-06-17T12:00:00","guid":{"rendered":"https:\/\/medizinonline.com\/la-sante-en-tenant-compte-de-differents-parametres\/"},"modified":"2024-11-15T11:20:17","modified_gmt":"2024-11-15T10:20:17","slug":"la-sante-en-tenant-compte-de-differents-parametres","status":"publish","type":"post","link":"https:\/\/medizinonline.com\/fr\/la-sante-en-tenant-compte-de-differents-parametres\/","title":{"rendered":"la sant\u00e9 en tenant compte de diff\u00e9rents param\u00e8tres"},"content":{"rendered":"\n<p><strong>Conform\u00e9ment \u00e0 la Constitution f\u00e9d\u00e9rale suisse (art. 2, al. 3, Cst.), la Conf\u00e9d\u00e9ration suisse veille \u00e0 assurer une \u00e9galit\u00e9 des chances aussi grande que possible entre ses citoyens. La Suisse poss\u00e8de un syst\u00e8me de sant\u00e9 exemplaire au niveau international, ce qui favorise une r\u00e9partition \u00e9quitable des chances d&#8217;\u00eatre en bonne sant\u00e9. L&#8217;\u00e9quit\u00e9 en mati\u00e8re de sant\u00e9 est un objectif fondamental de la politique de sant\u00e9 et signifie que, dans la mesure du possible, tous les individus ont les m\u00eames possibilit\u00e9s de d\u00e9velopper, de maintenir et, si n\u00e9cessaire, de r\u00e9tablir leur sant\u00e9. Mais est-ce le cas ?<\/strong><\/p>\n\n\n\n<!--more-->\n\n\n\n<p><em>(red)<\/em>  \u00c0 tous les stades de leur vie, les individus s&#8217;exposent \u00e0 des risques qui peuvent avoir un impact n\u00e9gatif sur leur sant\u00e9. Les \u00e9tudes scientifiques montrent que les ressources des individus pour faire face aux risques sont in\u00e9galement r\u00e9parties. &#8220;La pauvret\u00e9 rend malade&#8221; et &#8220;La maladie rend pauvre&#8221; d\u00e9crivent bri\u00e8vement l&#8217;interaction souvent d\u00e9favorable entre les d\u00e9terminants sociaux de la sant\u00e9 d&#8217;une part et les comportements et l&#8217;\u00e9tat de sant\u00e9 d&#8217;autre part. Outre les d\u00e9terminants sociaux classiques tels que l&#8217;\u00e9ducation, la profession et le revenu, le sexe, le statut marital, le contexte migratoire et la sant\u00e9 mentale ont \u00e9galement un impact sur la gestion des risques pour la sant\u00e9. Qu&#8217;en est-il de l&#8217;\u00e9galit\u00e9 des chances en mati\u00e8re de sant\u00e9 en Suisse ? Bien que l&#8217;esp\u00e9rance de vie soit \u00e9lev\u00e9e en Suisse, elle peut varier consid\u00e9rablement. Plus le statut socio-\u00e9conomique (SES) d&#8217;une commune ou d&#8217;un quartier est bas, plus l&#8217;esp\u00e9rance de vie est faible. A Berne et \u00e0 Lausanne, par exemple, les hommes meurent en moyenne 4,5 ans plus t\u00f4t et les femmes 2,5 ans plus t\u00f4t dans les quartiers o\u00f9 le SSE est faible que dans les quartiers o\u00f9 le SSE est \u00e9lev\u00e9. On constate \u00e9galement des diff\u00e9rences en termes d&#8217;activit\u00e9 physique. Plus des deux tiers de la population suisse pratiquent une activit\u00e9 physique intense au moins deux fois par semaine pendant leurs loisirs. Les personnes ayant un revenu ou un niveau d&#8217;\u00e9ducation plus \u00e9lev\u00e9 sont plus souvent physiquement actives que celles ayant un revenu ou un niveau d&#8217;\u00e9ducation plus faible. En ce qui concerne l&#8217;oncologie, le risque de d\u00e9velopper un cancer du poumon est six fois plus \u00e9lev\u00e9 chez les personnes \u00e0 faible revenu que chez les personnes \u00e0 revenu \u00e9lev\u00e9. Cela co\u00efncide avec le fait que plus de 75% des personnes qui estiment que leur \u00e9tat de sant\u00e9 est &#8220;tr\u00e8s bon&#8221;, c&#8217;est-\u00e0-dire qui ont une tr\u00e8s bonne qualit\u00e9 de vie d\u00e9clar\u00e9e, sont des non-fumeurs. En raison du cancer, la plupart des ann\u00e9es de vie sont perdues en raison de d\u00e9c\u00e8s avant l&#8217;\u00e2ge de 70 ans. Les co\u00fbts directs li\u00e9s au cancer (par ex. m\u00e9dicaments, traitements), estim\u00e9s \u00e0 3,8 milliards de CHF, repr\u00e9sentent 6,6% des co\u00fbts totaux. Les femmes sont les plus susceptibles de d\u00e9velopper un cancer du sein et d&#8217;en mourir. En revanche, les hommes sont les plus susceptibles de d\u00e9velopper un cancer de la prostate, mais ils meurent le plus souvent d&#8217;un cancer du poumon. De plus, on trouve une corr\u00e9lation entre le risque de mourir d&#8217;un cancer et le niveau d&#8217;\u00e9ducation. Ainsi, les hommes ayant un niveau d&#8217;\u00e9ducation minimal sont deux fois plus susceptibles de mourir d&#8217;un cancer que les hommes ayant un niveau d&#8217;\u00e9ducation \u00e9lev\u00e9.<\/p>\n\n\n\n<p><em>Source : <a href=\"https:\/\/www.bag.admin.ch\/bag\/fr\/home\/zahlen-und-statistiken\/zahlen-fakten-zu-chancengleichheit.html\" target=\"_blank\" rel=\"noreferrer noopener\">www.bag.admin.ch\/bag\/fr\/home\/zahlen-und-statistiken\/zahlen-fakten-zu-chancengleichheit.html<\/a> (dernier acc\u00e8s le 10.04.2024)<\/em><\/p>\n\n\n\n<p><\/p>\n\n\n\n<p class=\"has-small-font-size\"><em>InFo ONKOLOGIE &amp; H\u00c4MATOLOGIE 2024 ; 12(2) : 44 (publi\u00e9 le 15.5.24, ahead of print)<\/em><\/p>\n","protected":false},"excerpt":{"rendered":"<p>Conform\u00e9ment \u00e0 la Constitution f\u00e9d\u00e9rale suisse (art. 2, al. 3, Cst.), la Conf\u00e9d\u00e9ration suisse veille \u00e0 assurer une \u00e9galit\u00e9 des chances aussi grande que possible entre ses citoyens. La Suisse&hellip;<\/p>\n","protected":false},"author":7,"featured_media":379556,"comment_status":"closed","ping_status":"closed","sticky":false,"template":"","format":"standard","meta":{"_acf_changed":false,"pmpro_default_level":"","cat_1_feature_home_top":false,"cat_2_editor_pick":false,"csco_eyebrow_text":"\u00c9galit\u00e9 des chances  ","footnotes":""},"category":[11546,11315,11389,11482,11549],"tags":[76401,13155,19725],"powerkit_post_featured":[],"class_list":["post-379551","post","type-post","status-publish","format-standard","has-post-thumbnail","category-gestion-du-cabinet-medical","category-medecine-interne-generale","category-oncologie","category-prevention-et-soins-de-sante","category-rx-fr","tag-egalite-des-chances","tag-sante","tag-systeme-de-sante","pmpro-has-access"],"acf":[],"publishpress_future_action":{"enabled":false,"date":"2026-05-10 10:08:39","action":"change-status","newStatus":"draft","terms":[],"taxonomy":"category","extraData":[]},"publishpress_future_workflow_manual_trigger":{"enabledWorkflows":[]},"wpml_current_locale":"fr_FR","wpml_translations":{"it_IT":{"locale":"it_IT","id":379560,"slug":"salute-in-considerazione-di-vari-parametri","post_title":"Salute in considerazione di vari parametri","href":"https:\/\/medizinonline.com\/it\/salute-in-considerazione-di-vari-parametri\/"},"pt_PT":{"locale":"pt_PT","id":379567,"slug":"a-saude-sob-consideracao-de-varios-parametros","post_title":"A sa\u00fade sob considera\u00e7\u00e3o de v\u00e1rios par\u00e2metros","href":"https:\/\/medizinonline.com\/pt-pt\/a-saude-sob-consideracao-de-varios-parametros\/"},"es_ES":{"locale":"es_ES","id":379575,"slug":"salud-bajo-consideracion-de-diversos-parametros","post_title":"Salud bajo consideraci\u00f3n de diversos par\u00e1metros","href":"https:\/\/medizinonline.com\/es\/salud-bajo-consideracion-de-diversos-parametros\/"}},"_links":{"self":[{"href":"https:\/\/medizinonline.com\/fr\/wp-json\/wp\/v2\/posts\/379551","targetHints":{"allow":["GET"]}}],"collection":[{"href":"https:\/\/medizinonline.com\/fr\/wp-json\/wp\/v2\/posts"}],"about":[{"href":"https:\/\/medizinonline.com\/fr\/wp-json\/wp\/v2\/types\/post"}],"author":[{"embeddable":true,"href":"https:\/\/medizinonline.com\/fr\/wp-json\/wp\/v2\/users\/7"}],"replies":[{"embeddable":true,"href":"https:\/\/medizinonline.com\/fr\/wp-json\/wp\/v2\/comments?post=379551"}],"version-history":[{"count":2,"href":"https:\/\/medizinonline.com\/fr\/wp-json\/wp\/v2\/posts\/379551\/revisions"}],"predecessor-version":[{"id":390065,"href":"https:\/\/medizinonline.com\/fr\/wp-json\/wp\/v2\/posts\/379551\/revisions\/390065"}],"wp:featuredmedia":[{"embeddable":true,"href":"https:\/\/medizinonline.com\/fr\/wp-json\/wp\/v2\/media\/379556"}],"wp:attachment":[{"href":"https:\/\/medizinonline.com\/fr\/wp-json\/wp\/v2\/media?parent=379551"}],"wp:term":[{"taxonomy":"category","embeddable":true,"href":"https:\/\/medizinonline.com\/fr\/wp-json\/wp\/v2\/category?post=379551"},{"taxonomy":"post_tag","embeddable":true,"href":"https:\/\/medizinonline.com\/fr\/wp-json\/wp\/v2\/tags?post=379551"},{"taxonomy":"powerkit_post_featured","embeddable":true,"href":"https:\/\/medizinonline.com\/fr\/wp-json\/wp\/v2\/powerkit_post_featured?post=379551"}],"curies":[{"name":"wp","href":"https:\/\/api.w.org\/{rel}","templated":true}]}}