{"id":381138,"date":"2024-07-09T14:00:00","date_gmt":"2024-07-09T12:00:00","guid":{"rendered":"https:\/\/medizinonline.com\/?p=381138"},"modified":"2025-03-10T12:21:21","modified_gmt":"2025-03-10T11:21:21","slug":"leczema-severe-des-mains-en-particulier-entraine-un-stress-psychologique-important","status":"publish","type":"post","link":"https:\/\/medizinonline.com\/fr\/leczema-severe-des-mains-en-particulier-entraine-un-stress-psychologique-important\/","title":{"rendered":"L&#8217;ecz\u00e9ma s\u00e9v\u00e8re des mains, en particulier, entra\u00eene un stress psychologique important"},"content":{"rendered":"\n<p><strong>L&#8217;ecz\u00e9ma des mains (HE) a un impact n\u00e9gatif sur la qualit\u00e9 de vie des personnes qui en souffrent, comme l&#8217;ont montr\u00e9 plusieurs \u00e9tudes empiriques. Dans une \u00e9tude publi\u00e9e en 2023 dans le <em>Journal of Clinical Medicine<\/em> par Zalewski et al. a permis d&#8217;\u00e9valuer l&#8217;anxi\u00e9t\u00e9 et la d\u00e9pression d&#8217;un groupe de patients atteints d&#8217;HE, en plus de l&#8217;alt\u00e9ration de la qualit\u00e9 de vie. Les r\u00e9sultats indiquent que l&#8217;ampleur de la d\u00e9ficience mentale est corr\u00e9l\u00e9e \u00e0 la s\u00e9v\u00e9rit\u00e9 de l&#8217;HE.  <\/strong><\/p>\n\n<!--more-->\n\n<p>Plusieurs \u00e9tudes ant\u00e9rieures, comme celle de Cazzaniga et al [1], montrent que l&#8217;ecz\u00e9ma des mains (HE) est associ\u00e9 \u00e0 une diminution de la qualit\u00e9 de vie. L&#8217;\u00e9tude de Zalewski et al. a pour objectif d&#8217;\u00e9valuer la charge mentale de l&#8217;ecz\u00e9ma des mains en termes de pr\u00e9sence et de s\u00e9v\u00e9rit\u00e9 de l&#8217;anxi\u00e9t\u00e9 et des troubles d\u00e9pressifs [2]. La population de l&#8217;\u00e9tude \u00e9tait compos\u00e9e de 100 patients adultes atteints d&#8217;HE <strong>(tableau 1)<\/strong> [2].<\/p>\n<div class=\"wp-block-image\">\n<figure class=\"aligncenter size-full is-resized\"><a href=\"https:\/\/medizinonline.com\/wp-content\/uploads\/2024\/06\/tab1_DP3_s24.png\"><img fetchpriority=\"high\" decoding=\"async\" width=\"1463\" height=\"1119\" src=\"https:\/\/medizinonline.com\/wp-content\/uploads\/2024\/06\/tab1_DP3_s24.png\" alt=\"\" class=\"wp-image-381056\" style=\"width:500px\" srcset=\"https:\/\/medizinonline.com\/wp-content\/uploads\/2024\/06\/tab1_DP3_s24.png 1463w, https:\/\/medizinonline.com\/wp-content\/uploads\/2024\/06\/tab1_DP3_s24-800x612.png 800w, https:\/\/medizinonline.com\/wp-content\/uploads\/2024\/06\/tab1_DP3_s24-1160x887.png 1160w, https:\/\/medizinonline.com\/wp-content\/uploads\/2024\/06\/tab1_DP3_s24-120x92.png 120w, https:\/\/medizinonline.com\/wp-content\/uploads\/2024\/06\/tab1_DP3_s24-90x68.png 90w, https:\/\/medizinonline.com\/wp-content\/uploads\/2024\/06\/tab1_DP3_s24-320x245.png 320w, https:\/\/medizinonline.com\/wp-content\/uploads\/2024\/06\/tab1_DP3_s24-560x428.png 560w, https:\/\/medizinonline.com\/wp-content\/uploads\/2024\/06\/tab1_DP3_s24-240x184.png 240w, https:\/\/medizinonline.com\/wp-content\/uploads\/2024\/06\/tab1_DP3_s24-180x138.png 180w, https:\/\/medizinonline.com\/wp-content\/uploads\/2024\/06\/tab1_DP3_s24-640x490.png 640w, https:\/\/medizinonline.com\/wp-content\/uploads\/2024\/06\/tab1_DP3_s24-1120x857.png 1120w\" sizes=\"(max-width: 1463px) 100vw, 1463px\" \/><\/a><\/figure>\n<\/div>\n<h3 id=\"plus-de-la-moitie-des-participants-avaient-un-he-modere-ou-severe\" class=\"wp-block-heading\">Plus de la moiti\u00e9 des participants avaient un HE mod\u00e9r\u00e9 ou s\u00e9v\u00e8re.  <\/h3>\n\n<p>Le score HECSI moyen pour l&#8217;ensemble de la population \u00e9tudi\u00e9e \u00e9tait de 35,0 \u00b1 27,8, et les valeurs HECSI moyennes par sexe \u00e9taient de 29,3 \u00b1 26,7 pour les sujets masculins et de 38,8 \u00b1 28,1 pour les sujets f\u00e9minins [2]. La distribution de la s\u00e9v\u00e9rit\u00e9 de l&#8217;HE (IGA-CHE ; \u00e9chelle : 0-4) \u00e9tait la suivante par rapport \u00e0 la population totale de l&#8217;\u00e9tude :  <\/p>\n\n<ul class=\"wp-block-list\">\n<li>presque sans apparition (IGA-CHE 1) : 15,0%  <\/li>\n\n\n\n<li>HE l\u00e9ger (IGA-CHE 2) : 25,0%  <\/li>\n\n\n\n<li>mod\u00e9r\u00e9ment HE (IGA-CHE 3) : 37,0%  <\/li>\n\n\n\n<li>HE lourd (IGA-CHE 4) : 23,0 %  <\/li>\n<\/ul>\n\n<p>Par sexe, la plupart des hommes appartenaient aux groupes IGA 1 et 2 (n=11 ; 27,5% dans les deux groupes), tandis que la cat\u00e9gorie pr\u00e9dominante chez les femmes \u00e9tait IGA 3 (n=28 ; 46,7%).  <\/p>\n\n<h3 id=\"correlation-positive-entre-le-dlqi-et-la-severite-de-lhe\" class=\"wp-block-heading\">Corr\u00e9lation positive entre le DLQI et la s\u00e9v\u00e9rit\u00e9 de l&#8217;HE  <\/h3>\n\n<p>La valeur moyenne du DLQI pour l&#8217;ensemble du collectif d&#8217;\u00e9chantillons (n=100) a \u00e9t\u00e9 \u00e9valu\u00e9e \u00e0 11,62 \u00b1 6,35 points [2]. Dans la plupart des cas, l&#8217;HE a eu un impact mod\u00e9r\u00e9 (33%) ou tr\u00e8s important (39%) sur la qualit\u00e9 de vie des patients. Pour 18% des personnes interrog\u00e9es, la maladie n&#8217;a eu aucun impact ou un impact minime (2% et 16% respectivement) et pour 10% un impact extr\u00eamement important. Si l&#8217;on consid\u00e8re la r\u00e9partition par sexe, la valeur moyenne du DLQI chez les femmes a atteint 13,27 \u00b1 6,67 points, tandis que la valeur moyenne du DLQI chez les hommes \u00e9tait de 9,15 \u00b1 4,95 points. Cette diff\u00e9rence \u00e9tait statistiquement significative (p=0,023). Pour 46,7% (n=28) des femmes, l&#8217;impact sur la qualit\u00e9 de vie a \u00e9t\u00e9 jug\u00e9 tr\u00e8s important, tandis que pour les hommes, un effet mod\u00e9r\u00e9 a \u00e9t\u00e9 le plus fr\u00e9quent (42,5%) (n=17). La diminution de la qualit\u00e9 de vie \u00e9tait positivement corr\u00e9l\u00e9e \u00e0 la s\u00e9v\u00e9rit\u00e9 de la maladie, mesur\u00e9e par l&#8217;IGA-CHE (r=0,617 ; p&lt;0,001) et l&#8217;HECSI (r=0,579 ; p&lt;0,001). Le score total du DLQI \u00e9tait positivement corr\u00e9l\u00e9 \u00e0 l&#8217;importance des d\u00e9mangeaisons et de la douleur au cours des trois jours pr\u00e9c\u00e9dant l&#8217;\u00e9tude (r=0,436, p&lt;0,001, et r=0,305, p=0,002, respectivement).  <\/p>\n\n<h3 id=\"intensite-des-symptomes-depressifs-la-plus-elevee-en-cas-dhe-severe\" class=\"wp-block-heading\">Intensit\u00e9 des sympt\u00f4mes d\u00e9pressifs la plus \u00e9lev\u00e9e en cas d&#8217;HE s\u00e9v\u00e8re<\/h3>\n\n<p>La pr\u00e9sence et l&#8217;ampleur des sympt\u00f4mes d\u00e9pressifs ont \u00e9t\u00e9 op\u00e9rationnalis\u00e9es \u00e0 l&#8217;aide des deux questionnaires psychom\u00e9triques standardis\u00e9s PHQ-9 et HADS-M [2].  <\/p>\n\n<p><em>PHQ-9 :<\/em> sur la base du cut-off du PHQ-9 de \u226510 points, un diagnostic possible de trouble d\u00e9pressif a pu \u00eatre \u00e9tabli chez 17% de la population totale de l&#8217;\u00e9tude (n=100) ; chez les participants f\u00e9minins, cela a \u00e9t\u00e9 le cas de 21,7% (n=13) et chez les participants masculins de 10% (n=4), la diff\u00e9rence entre les deux groupes n&#8217;\u00e9tant pas statistiquement significative. Toujours par rapport \u00e0 la population totale de l&#8217;\u00e9tude, le score moyen du PHQ-9 \u00e9tait de 6,3 \u00b1 4,9 points. Pour les femmes, la moyenne \u00e9tait de 7,12 \u00b1 5,14 points et pour les hommes de 5,08 \u00b1 4,14 points. Cette diff\u00e9rence n&#8217;\u00e9tait pas non plus statistiquement significative. Les diff\u00e9rences dans les r\u00e9sultats globaux du PHQ-9 chez les patients appartenant \u00e0 certains groupes de s\u00e9v\u00e9rit\u00e9 IGA-CHE sont illustr\u00e9es dans la <strong>figure 1<\/strong>. En comparant les patients du groupe IGA-CHE 4 (s\u00e9v\u00e8re) aux patients du groupe IGA-CHE 2 (l\u00e9ger), des r\u00e9sultats significativement plus \u00e9lev\u00e9s au PHQ-9 ont \u00e9t\u00e9 observ\u00e9s (p=0,028). Dans les autres groupes IGA-CHE (1 (presque sans apparition) vs. 2 (HE l\u00e9g\u00e8re), 1 (presque sans apparition) vs. 3 (HE moyenne) et 3 (HE moyenne) vs. 4 (HE s\u00e9v\u00e8re), les r\u00e9sultats \u00e9taient num\u00e9riquement plus \u00e9lev\u00e9s, mais n&#8217;atteignaient pas la significativit\u00e9 statistique. Une corr\u00e9lation entre l&#8217;intensit\u00e9 des sympt\u00f4mes d\u00e9pressifs et la s\u00e9v\u00e9rit\u00e9 de l&#8217;HE a \u00e9t\u00e9 observ\u00e9e \u00e0 la fois pour HECSI (r=0,264 ; p=0,008) et pour les scores IGA-CHE (r=0,329 ; p=0,001). Les patients qui ont obtenu des scores plus \u00e9lev\u00e9s au questionnaire PHQ-9 ont signal\u00e9 une plus grande intensit\u00e9 des d\u00e9mangeaisons (r=0,363 ; p&lt;0,001) et de la douleur (r=0,445 ; p&lt;0,001) au cours des trois jours pr\u00e9c\u00e9dant l&#8217;\u00e9tude. Les scores du PHQ-9 \u00e9taient \u00e9galement corr\u00e9l\u00e9s \u00e0 la diminution de la qualit\u00e9 de vie (r=0,537 ; p&lt;0,001). En outre, une corr\u00e9lation positive a \u00e9t\u00e9 observ\u00e9e entre les scores du PHQ-9 et d&#8217;autres \u00e9chelles comprenant non seulement la d\u00e9pression (HADS-D : r=0,664 ; p&lt;0,001), mais aussi l&#8217;anxi\u00e9t\u00e9 (GAD-7 : r=0,617 ; p&lt;0,001 et HADS-A : (r=0,690 ; p&lt;0,001).<\/p>\n<div class=\"wp-block-image\">\n<figure class=\"aligncenter size-full is-resized\"><a href=\"https:\/\/medizinonline.com\/wp-content\/uploads\/2024\/06\/abb1_DP3_s25.png\"><img decoding=\"async\" width=\"737\" height=\"1006\" data-src=\"https:\/\/medizinonline.com\/wp-content\/uploads\/2024\/06\/abb1_DP3_s25.png\" alt=\"\" class=\"wp-image-381057 lazyload\" style=\"--smush-placeholder-width: 737px; --smush-placeholder-aspect-ratio: 737\/1006;width:400px\" data-srcset=\"https:\/\/medizinonline.com\/wp-content\/uploads\/2024\/06\/abb1_DP3_s25.png 737w, https:\/\/medizinonline.com\/wp-content\/uploads\/2024\/06\/abb1_DP3_s25-120x164.png 120w, https:\/\/medizinonline.com\/wp-content\/uploads\/2024\/06\/abb1_DP3_s25-90x123.png 90w, https:\/\/medizinonline.com\/wp-content\/uploads\/2024\/06\/abb1_DP3_s25-320x437.png 320w, https:\/\/medizinonline.com\/wp-content\/uploads\/2024\/06\/abb1_DP3_s25-560x764.png 560w, https:\/\/medizinonline.com\/wp-content\/uploads\/2024\/06\/abb1_DP3_s25-240x328.png 240w, https:\/\/medizinonline.com\/wp-content\/uploads\/2024\/06\/abb1_DP3_s25-180x246.png 180w, https:\/\/medizinonline.com\/wp-content\/uploads\/2024\/06\/abb1_DP3_s25-640x874.png 640w\" data-sizes=\"(max-width: 737px) 100vw, 737px\" src=\"data:image\/svg+xml;base64,PHN2ZyB3aWR0aD0iMSIgaGVpZ2h0PSIxIiB4bWxucz0iaHR0cDovL3d3dy53My5vcmcvMjAwMC9zdmciPjwvc3ZnPg==\" \/><\/a><\/figure>\n<\/div>\n<p><em>HADS-M-d\u00e9pression : <\/em>pour l&#8217;ensemble du collectif de l&#8217;\u00e9tude, la moyenne de l&#8217;HADS-M-D \u00e9tait de 4,7 \u00b1 3,1 points. Pour les femmes, la valeur correspondante \u00e9tait de 5,22 \u00b1 3,29 points et pour les hommes de 3,83 \u00b1 2,74 points. Cette diff\u00e9rence s&#8217;est av\u00e9r\u00e9e statistiquement significative (p=0,029). L&#8217;intensit\u00e9 des sympt\u00f4mes d\u00e9pressifs mesur\u00e9s par l&#8217;HADS-M \u00e9tait positivement corr\u00e9l\u00e9e \u00e0 la s\u00e9v\u00e9rit\u00e9 de la maladie (pour l&#8217;IGA-CHE : r=0,283 ; p=0,004, ou l&#8217;HESCI : r=0,228 ; p=0,004) ainsi qu&#8217;\u00e0 l&#8217;intensit\u00e9 du prurit (r=0,237 ; p=0,017) et de la douleur (r=0,287 ; p=0,004). En r\u00e9sum\u00e9, une association avec la s\u00e9v\u00e9rit\u00e9 a \u00e9t\u00e9 observ\u00e9e, mais pas avec la dur\u00e9e de la maladie.<\/p>\n\n<figure class=\"wp-block-table\"><table class=\"has-background\" style=\"background-color:#8dd2fc52\"><tbody><tr><td><strong>Indice de s\u00e9v\u00e9rit\u00e9 de l&#8217;ecz\u00e9ma des mains (HECSI)  <\/strong><\/td><\/tr><tr><td>Cette \u00e9chelle repr\u00e9sente l&#8217;intensit\u00e9, l&#8217;\u00e9tendue et les manifestations cliniques de la maladie. Les mains sont divis\u00e9es en cinq r\u00e9gions diff\u00e9rentes : Le bout des doigts, les doigts (sans le bout des doigts), la paume, le dos de la main et les poignets. Dans chacune de ces r\u00e9gions<br \/>, l&#8217;intensit\u00e9 de six signes cliniques sp\u00e9cifiques est class\u00e9e : \u00e9ryth\u00e8me, induration\/papulation, v\u00e9sicules, fissures, desquamation et \u0153d\u00e8me. L&#8217;\u00e9valuation se fait selon l&#8217;\u00e9chelle suivante :  <\/td><\/tr><tr><td>&#8211; 0 (aucun changement cutan\u00e9 observable) <br \/>&#8211; 1 (maladie l\u00e9g\u00e8re) <br \/>&#8211; 2 (maladie mod\u00e9r\u00e9e)<br \/>&#8211; 3 (maladie grave)<\/td><\/tr><tr><td>Pour chaque zone individuelle, la zone cutan\u00e9e affect\u00e9e de mani\u00e8re cumulative est not\u00e9e de 0 \u00e0 4 pour indiquer l&#8217;importance des sympt\u00f4mes cliniques (0=0%, 1=1-25%, 2=26-50%, 3=51-75%, 4=76-100%). Le score attribu\u00e9 \u00e0 l&#8217;importance des sympt\u00f4mes cliniques dans chaque domaine est multipli\u00e9 par la somme totale des niveaux d&#8217;intensit\u00e9 pour chaque caract\u00e9ristique clinique et additionn\u00e9. Le score HECSI final va de 0 \u00e0 360 points, 360 \u00e9tant le niveau de gravit\u00e9 le plus \u00e9lev\u00e9.  <\/td><\/tr><tr><td><em>vers [2,3] <\/em><\/td><\/tr><\/tbody><\/table><\/figure>\n\n<h3 id=\"anxiete-chez-des-sous-populations-du-collectif-de-sujets\" class=\"wp-block-heading\">Anxi\u00e9t\u00e9 chez des sous-populations du collectif de sujets<\/h3>\n\n<p>Le GAD-7 et le HADS-M-A ont \u00e9t\u00e9 utilis\u00e9s pour explorer la pr\u00e9sence et l&#8217;\u00e9tendue des troubles anxieux [2].  <\/p>\n\n<p><em>GAD-7 : <\/em>Selon les crit\u00e8res de diagnostic de l&#8217;anxi\u00e9t\u00e9 GAD-7 (valeur de cut-off de \u2265 8 points), un trouble anxieux a pu \u00eatre diagnostiqu\u00e9 chez 25% de l&#8217;ensemble des sujets (n=25), \u00e0 savoir 17 femmes (28,3%) et 8 hommes (20%). La diff\u00e9rence de fr\u00e9quence entre les participants masculins et f\u00e9minins ne s&#8217;est pas r\u00e9v\u00e9l\u00e9e significative. Le score GAD-7 moyen pour l&#8217;ensemble de la population \u00e9tudi\u00e9e a \u00e9t\u00e9 \u00e9valu\u00e9 \u00e0 5,8 \u00b1 4,0 points. Il \u00e9tait de 6,17 \u00b1 4,13 points pour les femmes et de 5,23 \u00b1 3,75 points pour les hommes, mais l\u00e0 encore, il n&#8217;y avait pas de diff\u00e9rence significative en fonction du sexe. Il est int\u00e9ressant de noter qu&#8217;une corr\u00e9lation a \u00e9t\u00e9 \u00e9tablie entre l&#8217;intensit\u00e9 de la douleur et la pr\u00e9sence d&#8217;un diagnostic d&#8217;anxi\u00e9t\u00e9. L&#8217;intensit\u00e9 moyenne de la douleur chez les patients dont l&#8217;anxi\u00e9t\u00e9 a \u00e9t\u00e9 diagnostiqu\u00e9e \u00e9tait de 3,48 \u00b1 3,31 points, tandis que la moyenne chez les patients sans anxi\u00e9t\u00e9 \u00e9tait de 2,24 \u00b1 2,93 points, tous mesur\u00e9s sur l&#8217;\u00e9chelle NRS. La diff\u00e9rence \u00e9tait statistiquement significative (p=0,034). Aucune d\u00e9pendance de ce type n&#8217;a \u00e9t\u00e9 observ\u00e9e pour le prurit (p&gt;0,05). La s\u00e9v\u00e9rit\u00e9 du trouble anxieux diagnostiqu\u00e9 dans la population \u00e9tudi\u00e9e \u00e9tait positivement corr\u00e9l\u00e9e \u00e0 la s\u00e9v\u00e9rit\u00e9 de la maladie mesur\u00e9e dans IGA-CHE (r=0,223 ; p=0,026). Une telle corr\u00e9lation n&#8217;a pas \u00e9t\u00e9 trouv\u00e9e pour le score HECSI. L&#8217;intensit\u00e9 des sympt\u00f4mes d&#8217;anxi\u00e9t\u00e9 \u00e9tait \u00e9galement corr\u00e9l\u00e9e \u00e0 l&#8217;intensit\u00e9 de la douleur (r=0,248 ; p=0,013). Aucune association de ce type n&#8217;a \u00e9t\u00e9 observ\u00e9e entre les scores d&#8217;anxi\u00e9t\u00e9 et l&#8217;intensit\u00e9 des d\u00e9mangeaisons (p&gt;0,05). De m\u00eame, aucun lien n&#8217;a pu \u00eatre \u00e9tabli entre la gravit\u00e9 de l&#8217;anxi\u00e9t\u00e9 et la dur\u00e9e de la maladie (p&gt;0,05). Les r\u00e9sultats du GAD-7 \u00e9taient en corr\u00e9lation avec les r\u00e9sultats du questionnaire HADS-M (A) (r=0,712 ; p&lt;0,001).<\/p>\n<div class=\"wp-block-image\">\n<figure class=\"aligncenter size-large is-resized\"><a href=\"https:\/\/medizinonline.com\/wp-content\/uploads\/2024\/06\/tab2_DP3_s25.png\"><img decoding=\"async\" width=\"1160\" height=\"445\" data-src=\"https:\/\/medizinonline.com\/wp-content\/uploads\/2024\/06\/tab2_DP3_s25-1160x445.png\" alt=\"\" class=\"wp-image-381059 lazyload\" style=\"--smush-placeholder-width: 1160px; --smush-placeholder-aspect-ratio: 1160\/445;width:500px\" data-srcset=\"https:\/\/medizinonline.com\/wp-content\/uploads\/2024\/06\/tab2_DP3_s25-1160x445.png 1160w, https:\/\/medizinonline.com\/wp-content\/uploads\/2024\/06\/tab2_DP3_s25-800x307.png 800w, https:\/\/medizinonline.com\/wp-content\/uploads\/2024\/06\/tab2_DP3_s25-120x46.png 120w, https:\/\/medizinonline.com\/wp-content\/uploads\/2024\/06\/tab2_DP3_s25-90x35.png 90w, https:\/\/medizinonline.com\/wp-content\/uploads\/2024\/06\/tab2_DP3_s25-320x123.png 320w, https:\/\/medizinonline.com\/wp-content\/uploads\/2024\/06\/tab2_DP3_s25-560x215.png 560w, https:\/\/medizinonline.com\/wp-content\/uploads\/2024\/06\/tab2_DP3_s25-240x92.png 240w, https:\/\/medizinonline.com\/wp-content\/uploads\/2024\/06\/tab2_DP3_s25-180x69.png 180w, https:\/\/medizinonline.com\/wp-content\/uploads\/2024\/06\/tab2_DP3_s25-640x246.png 640w, https:\/\/medizinonline.com\/wp-content\/uploads\/2024\/06\/tab2_DP3_s25-1120x430.png 1120w, https:\/\/medizinonline.com\/wp-content\/uploads\/2024\/06\/tab2_DP3_s25.png 1469w\" data-sizes=\"(max-width: 1160px) 100vw, 1160px\" src=\"data:image\/svg+xml;base64,PHN2ZyB3aWR0aD0iMSIgaGVpZ2h0PSIxIiB4bWxucz0iaHR0cDovL3d3dy53My5vcmcvMjAwMC9zdmciPjwvc3ZnPg==\" \/><\/a><\/figure>\n<\/div>\n<p><em>HADS-M-Anxi\u00e9t\u00e9 : <\/em>La moyenne de l&#8217;HADS-M-A \u00e9tait de 5,3 \u00b1 3,0 points en consid\u00e9rant l&#8217;ensemble de la population \u00e9tudi\u00e9e. La moyenne de l&#8217;\u00e9valuation pour les femmes \u00e9tait de 5,87 \u00b1 3,36 points et pour les hommes de 4,40 \u00b1 2,12 points. La diff\u00e9rence \u00e9tait statistiquement significative (p=0,001). Une corr\u00e9lation positive a \u00e9t\u00e9 observ\u00e9e entre l&#8217;intensit\u00e9 des sympt\u00f4mes d&#8217;anxi\u00e9t\u00e9 et la s\u00e9v\u00e9rit\u00e9 de la maladie, mais uniquement pour le score IGA-CHE (r=0,230 ; p=0,022). Comme pour l&#8217;\u00e9valuation GAD-7, les r\u00e9sultats du HADS-M (A) \u00e9taient corr\u00e9l\u00e9s \u00e0 l&#8217;intensit\u00e9 de la douleur (r=0,342 ; p=0,001). Cependant, aucun lien de ce type n&#8217;a \u00e9t\u00e9 \u00e9tabli pour les d\u00e9mangeaisons. Il est int\u00e9ressant de noter que l&#8217;intensit\u00e9 des sympt\u00f4mes d&#8217;anxi\u00e9t\u00e9 pr\u00e9sentait une corr\u00e9lation n\u00e9gative avec la dur\u00e9e de la maladie (r=-0,215 ; p=0,032).<\/p>\n\n<p>Litt\u00e9rature :<\/p>\n\n<ol class=\"wp-block-list\">\n<li>Cazzaniga S, et al.: Medical, Psychological and Socio-Economic Implications of Chronic Hand Eczema: A Cross-Sectional Study. JEADV 2016; 30: 628\u2013637.<\/li>\n\n\n\n<li>Zalewski A, Krajewski PK, Szepietowski JC: Psychosocial Consequences of Hand Eczema-A Prospective Cross-Sectional Study. J Clin Med 2023 ; 12(17) : 5741.  <\/li>\n\n\n\n<li>Held E, et al.: The Hand Eczema Severity Index (HECSI): A Scoring System for Clinical Assessment of Hand Eczema. A Study of Inter- and Intraobserver Reliability. Br J Dermatol 2005; 152: 302\u2013307.<\/li>\n<\/ol>\n\n<p><\/p>\n\n<p class=\"has-small-font-size\"><em>DERMATOLOGIE PRAXIS 2024; 34(3): 24\u201325<\/em><\/p>\n","protected":false},"excerpt":{"rendered":"<p>L&#8217;ecz\u00e9ma des mains (HE) a un impact n\u00e9gatif sur la qualit\u00e9 de vie des personnes qui en souffrent, comme l&#8217;ont montr\u00e9 plusieurs \u00e9tudes empiriques. Dans une \u00e9tude publi\u00e9e en 2023&hellip;<\/p>\n","protected":false},"author":7,"featured_media":381146,"comment_status":"closed","ping_status":"closed","sticky":false,"template":"","format":"standard","meta":{"_acf_changed":false,"pmpro_default_level":"","cat_1_feature_home_top":false,"cat_2_editor_pick":false,"csco_eyebrow_text":"Rapport d'\u00e9tude ","footnotes":""},"category":[11349,11362,11527,11531,11489,11549],"tags":[14976,20601,24104,14978,14430,76803],"powerkit_post_featured":[],"class_list":["post-381138","post","type-post","status-publish","format-standard","has-post-thumbnail","category-allergologie-et-immunologie-clinique","category-dermatologie-et-venerologie","category-etudes","category-formation-continue","category-psychiatrie-et-psychotherapie","category-rx-fr","tag-depression-fr","tag-eczema-des-mains","tag-la-charge-mentale","tag-peur","tag-qualite-de-vie","tag-zalewski-fr","pmpro-has-access"],"acf":[],"publishpress_future_action":{"enabled":false,"date":"2026-05-08 18:06:01","action":"change-status","newStatus":"draft","terms":[],"taxonomy":"category","extraData":[]},"publishpress_future_workflow_manual_trigger":{"enabledWorkflows":[]},"wpml_current_locale":"fr_FR","wpml_translations":{"it_IT":{"locale":"it_IT","id":381150,"slug":"leczema-grave-delle-mani-in-particolare-comporta-un-elevato-stress-psicologico","post_title":"L'eczema grave delle mani, in particolare, comporta un elevato stress psicologico.","href":"https:\/\/medizinonline.com\/it\/leczema-grave-delle-mani-in-particolare-comporta-un-elevato-stress-psicologico\/"},"pt_PT":{"locale":"pt_PT","id":381163,"slug":"o-eczema-grave-das-maos-em-particular-leva-a-um-elevado-stress-psicologico","post_title":"O eczema grave das m\u00e3os, em particular, leva a um elevado stress psicol\u00f3gico","href":"https:\/\/medizinonline.com\/pt-pt\/o-eczema-grave-das-maos-em-particular-leva-a-um-elevado-stress-psicologico\/"},"es_ES":{"locale":"es_ES","id":381176,"slug":"el-eczema-grave-de-manos-en-particular-provoca-un-elevado-estres-psicologico","post_title":"El eczema grave de manos, en particular, provoca un elevado estr\u00e9s psicol\u00f3gico","href":"https:\/\/medizinonline.com\/es\/el-eczema-grave-de-manos-en-particular-provoca-un-elevado-estres-psicologico\/"}},"_links":{"self":[{"href":"https:\/\/medizinonline.com\/fr\/wp-json\/wp\/v2\/posts\/381138","targetHints":{"allow":["GET"]}}],"collection":[{"href":"https:\/\/medizinonline.com\/fr\/wp-json\/wp\/v2\/posts"}],"about":[{"href":"https:\/\/medizinonline.com\/fr\/wp-json\/wp\/v2\/types\/post"}],"author":[{"embeddable":true,"href":"https:\/\/medizinonline.com\/fr\/wp-json\/wp\/v2\/users\/7"}],"replies":[{"embeddable":true,"href":"https:\/\/medizinonline.com\/fr\/wp-json\/wp\/v2\/comments?post=381138"}],"version-history":[{"count":3,"href":"https:\/\/medizinonline.com\/fr\/wp-json\/wp\/v2\/posts\/381138\/revisions"}],"predecessor-version":[{"id":396969,"href":"https:\/\/medizinonline.com\/fr\/wp-json\/wp\/v2\/posts\/381138\/revisions\/396969"}],"wp:featuredmedia":[{"embeddable":true,"href":"https:\/\/medizinonline.com\/fr\/wp-json\/wp\/v2\/media\/381146"}],"wp:attachment":[{"href":"https:\/\/medizinonline.com\/fr\/wp-json\/wp\/v2\/media?parent=381138"}],"wp:term":[{"taxonomy":"category","embeddable":true,"href":"https:\/\/medizinonline.com\/fr\/wp-json\/wp\/v2\/category?post=381138"},{"taxonomy":"post_tag","embeddable":true,"href":"https:\/\/medizinonline.com\/fr\/wp-json\/wp\/v2\/tags?post=381138"},{"taxonomy":"powerkit_post_featured","embeddable":true,"href":"https:\/\/medizinonline.com\/fr\/wp-json\/wp\/v2\/powerkit_post_featured?post=381138"}],"curies":[{"name":"wp","href":"https:\/\/api.w.org\/{rel}","templated":true}]}}