{"id":383849,"date":"2024-08-19T14:35:21","date_gmt":"2024-08-19T12:35:21","guid":{"rendered":"https:\/\/medizinonline.com\/?p=383849"},"modified":"2024-08-19T14:40:29","modified_gmt":"2024-08-19T12:40:29","slug":"avantage-a-long-terme-pour-los-aussi-pour-les-patients-avec-une-faible-charge-tumorale-2","status":"publish","type":"post","link":"https:\/\/medizinonline.com\/fr\/avantage-a-long-terme-pour-los-aussi-pour-les-patients-avec-une-faible-charge-tumorale-2\/","title":{"rendered":"Avantage \u00e0 long terme pour l&#8217;OS, aussi pour les patients avec une faible charge tumorale\u00a0"},"content":{"rendered":"\n<p><strong>\u00c0 l\u2019occasion du congr\u00e8s de l\u2019<em>American Society of Clinical Oncology&nbsp;<\/em>(ASCO) qui s\u2019est tenu du 30&nbsp;mai au 4&nbsp;juin&nbsp;2024 \u00e0 Chicago, Illinois, \u00c9tats-Unis, de nouvelles donn\u00e9es \u00e0 long terme concernant le traitement d\u2019entretien de premi\u00e8re&nbsp;ligne en cas de carcinome uroth\u00e9lial localement avanc\u00e9 ou m\u00e9tastatique (la\/mUC) ont \u00e9t\u00e9 pr\u00e9sent\u00e9es. Les r\u00e9sultats d\u2019analyses post-hoc ont montr\u00e9 que les patientes et patients avec faible charge tumorale b\u00e9n\u00e9ficiaient aussi du traitement&nbsp;[1].<\/strong><\/p>\n\n\n\n<div class=\"pmpro\"><div class=\"pmpro_card pmpro_content_message\"><div class=\"pmpro_card_content\">Dieser Inhalt ist nur f\u00fcr Benutzer der Gruppe: Medizinische Fachperson zug\u00e4nglich <br \/><a href=\"https:\/\/medizinonline.com\/fr\/mon-compte\/paquets\/\">Jetzt beitreten<\/a><\/div><div class=\"pmpro_card_actions pmpro_font-medium\">Already a member? <a href=\"https:\/\/medizinonline.com\/fr\/se-connecter\/?redirect_to=https%3A%2F%2Fmedizinonline.com%2Ffr%2Favantage-a-long-terme-pour-los-aussi-pour-les-patients-avec-une-faible-charge-tumorale-2%2F\">Connectez-vous ici<\/a><\/div><\/div><\/div>","protected":false},"excerpt":{"rendered":"<p>\u00c0 l\u2019occasion du congr\u00e8s de l\u2019American Society of Clinical Oncology&nbsp;(ASCO) qui s\u2019est tenu du 30&nbsp;mai au 4&nbsp;juin&nbsp;2024 \u00e0 Chicago, Illinois, \u00c9tats-Unis, de nouvelles donn\u00e9es \u00e0 long terme concernant le traitement&#8230;&hellip;... <\/p>\n<div class=\"pmpro\"><div class=\"pmpro_card pmpro_content_message\"><div class=\"pmpro_card_content\">Dieser Inhalt ist nur f\u00fcr Benutzer der Gruppe: Medizinische Fachperson zug\u00e4nglich <br \/><a href=\"https:\/\/medizinonline.com\/fr\/mon-compte\/paquets\/\">Jetzt beitreten<\/a><\/div><div class=\"pmpro_card_actions pmpro_font-medium\">Already a member? <a href=\"https:\/\/medizinonline.com\/fr\/se-connecter\/?redirect_to=https%3A%2F%2Fmedizinonline.com%2Ffr%2Favantage-a-long-terme-pour-los-aussi-pour-les-patients-avec-une-faible-charge-tumorale-2%2F\">Connectez-vous ici<\/a><\/div><\/div><\/div>","protected":false},"author":17461,"featured_media":383754,"comment_status":"closed","ping_status":"closed","sticky":false,"template":"","format":"standard","meta":{"_acf_changed":false,"pmpro_default_level":"","cat_1_feature_home_top":false,"cat_2_editor_pick":false,"csco_eyebrow_text":"ASCO 2024 \u2013 Carcinome uroth\u00e9lial localement avanc\u00e9 ou m\u00e9tastatique","footnotes":""},"category":[11389,11345,11549],"tags":[],"powerkit_post_featured":[],"class_list":["post-383849","post","type-post","status-publish","format-standard","has-post-thumbnail","category-oncologie","category-contenu-des-partenaires","category-rx-fr","pmpro-level-required","pmpro-level-1","pmpro-no-access"],"acf":[],"publishpress_future_action":{"enabled":false,"date":"2026-05-04 12:31:44","action":"change-status","newStatus":"draft","terms":[],"taxonomy":"category","extraData":[]},"publishpress_future_workflow_manual_trigger":{"enabledWorkflows":[]},"wpml_current_locale":"fr_FR","wpml_translations":[],"_links":{"self":[{"href":"https:\/\/medizinonline.com\/fr\/wp-json\/wp\/v2\/posts\/383849","targetHints":{"allow":["GET"]}}],"collection":[{"href":"https:\/\/medizinonline.com\/fr\/wp-json\/wp\/v2\/posts"}],"about":[{"href":"https:\/\/medizinonline.com\/fr\/wp-json\/wp\/v2\/types\/post"}],"author":[{"embeddable":true,"href":"https:\/\/medizinonline.com\/fr\/wp-json\/wp\/v2\/users\/17461"}],"replies":[{"embeddable":true,"href":"https:\/\/medizinonline.com\/fr\/wp-json\/wp\/v2\/comments?post=383849"}],"version-history":[{"count":2,"href":"https:\/\/medizinonline.com\/fr\/wp-json\/wp\/v2\/posts\/383849\/revisions"}],"predecessor-version":[{"id":383855,"href":"https:\/\/medizinonline.com\/fr\/wp-json\/wp\/v2\/posts\/383849\/revisions\/383855"}],"wp:featuredmedia":[{"embeddable":true,"href":"https:\/\/medizinonline.com\/fr\/wp-json\/wp\/v2\/media\/383754"}],"wp:attachment":[{"href":"https:\/\/medizinonline.com\/fr\/wp-json\/wp\/v2\/media?parent=383849"}],"wp:term":[{"taxonomy":"category","embeddable":true,"href":"https:\/\/medizinonline.com\/fr\/wp-json\/wp\/v2\/category?post=383849"},{"taxonomy":"post_tag","embeddable":true,"href":"https:\/\/medizinonline.com\/fr\/wp-json\/wp\/v2\/tags?post=383849"},{"taxonomy":"powerkit_post_featured","embeddable":true,"href":"https:\/\/medizinonline.com\/fr\/wp-json\/wp\/v2\/powerkit_post_featured?post=383849"}],"curies":[{"name":"wp","href":"https:\/\/api.w.org\/{rel}","templated":true}]}}