{"id":386308,"date":"2024-09-17T16:45:23","date_gmt":"2024-09-17T14:45:23","guid":{"rendered":"https:\/\/medizinonline.com\/?p=386308"},"modified":"2024-09-17T16:54:46","modified_gmt":"2024-09-17T14:54:46","slug":"ladhesion-cle-de-la-prevention-et-du-traitement-des-maladies-cardiovasculaires","status":"publish","type":"post","link":"https:\/\/medizinonline.com\/fr\/ladhesion-cle-de-la-prevention-et-du-traitement-des-maladies-cardiovasculaires\/","title":{"rendered":"\u00abL\u2019adh\u00e9sion: cl\u00e9 de la pr\u00e9vention et du traitement des maladies cardiovasculaires\u00bb"},"content":{"rendered":"\n<p><strong>GEN\u00c8VE \u2013 Au cours de la 77<sup>e<\/sup> Assembl\u00e9e mondiale de la Sant\u00e9 de l\u2019OMS, la WHF (F\u00e9d\u00e9ration mondiale du C\u0153ur) a organis\u00e9 la rencontre internationale d\u2019experts \u00abL\u2019adh\u00e9sion th\u00e9rapeutique: cl\u00e9 de la prise en charge des maladies cardio-m\u00e9taboliques\u00bb. D\u2019\u00e9minents cardiologues, n\u00e9phrologues, repr\u00e9sentants de patients ainsi que d\u00e9cideurs politiques, scientifiques et \u00e9conomiques ont d\u00e9battu de l\u2019aspect crucial de l\u2019adh\u00e9sion th\u00e9rapeutique dans les maladies cardiovasculaires tout en partageant des strat\u00e9gies internationales.<\/strong><\/p>\n\n\n\n<!--more-->\n\n\n\n<p>Jean-Luc Eisel\u00e9, CEO de la WHF, a soulign\u00e9 dans son discours inaugural que l\u2019adh\u00e9sion th\u00e9rapeutique constituait l\u2019un des plus grands d\u00e9fis \u00e0 relever par les syst\u00e8mes de sant\u00e9, et plus particuli\u00e8rement dans le domaine des maladies cardiovasculaires. Les r\u00e9percussions du manque d\u2019observance des traitements prescrits sont graves car elles ont pour cons\u00e9quence une aggravation de la condition m\u00e9dicale et une augmentation des d\u00e9penses de sant\u00e9. En 2003 d\u00e9j\u00e0, l\u2019OMS avait attir\u00e9 l\u2019attention sur la pertinence de mesures d\u2019adh\u00e9sion et, 21&nbsp;ans plus tard, ce d\u00e9fi reste entier. Il est regrettable qu\u2019on soit pass\u00e9 \u00e0 c\u00f4t\u00e9 du b\u00e9n\u00e9fice qui aurait pu \u00eatre concr\u00e9tis\u00e9 sans occasionner de co\u00fbts suppl\u00e9mentaires.<\/p>\n\n\n\n<p>Les discussions pl\u00e9ni\u00e8res ont donn\u00e9 lieu \u00e0 la pr\u00e9sentation de strat\u00e9gies nationales sp\u00e9cifiques. Le Portugal, un pays o\u00f9 l\u2019incidence des AVC est \u00e9lev\u00e9e, a pass\u00e9 une loi limitant la teneur en sel des aliments et mis en \u0153uvre des strat\u00e9gies de promotion de la comp\u00e9tence des citoyens en mati\u00e8re de sant\u00e9. L\u2019Inde soutient le domaine ambulatoire sous-financ\u00e9 par des outils informatiques con\u00e7us pour am\u00e9liorer l\u2019observance th\u00e9rapeutique.<\/p>\n\n\n\n<p>Les experts ont unanimement identifi\u00e9 le recours \u00e0 des pr\u00e9parations associant plusieurs m\u00e9dicaments antihypertenseurs comme l\u2019un des principaux leviers pour am\u00e9liorer l\u2019adh\u00e9sion. Ces m\u00e9dications permettent de r\u00e9duire la complexit\u00e9 du sch\u00e9ma th\u00e9rapeutique ainsi que le nombre de comprim\u00e9s \u00e0 prendre par le patient. La professeure Bel\u00e9n Ponte, membre du comit\u00e9 de la Soci\u00e9t\u00e9 Suisse d\u2019Hypertension, a expos\u00e9 des strat\u00e9gies sp\u00e9cifiques de la r\u00e9gion genevoise. Les patients y re\u00e7oivent aussi des informations sur l\u2019hypertension et les risques de non-adh\u00e9sion par le personnel de soins qui communique de mani\u00e8re compr\u00e9hensible sans jargon m\u00e9dical. Dans le cadre d\u2019ateliers \u00e9ducatifs, il s\u2019est av\u00e9r\u00e9 particuli\u00e8rement efficace de pr\u00e9senter des illustrations pour montrer les complications potentielles d\u2019une non-adh\u00e9sion. De plus, la pharmacie des H\u00f4pitaux universitaires de Gen\u00e8ve a mis en \u0153uvre un programme de discussion et de surveillance de l\u2019observance th\u00e9rapeutique.<\/p>\n\n\n\n<p>Malgr\u00e9 des initiatives prometteuses, 20 \u00e0 30% des hypertendus en Suisse ne prennent pas leur m\u00e9dication actuellement. Le professeur Michel Burnier de l\u2019Universit\u00e9 de Lausanne a lanc\u00e9 un appel: \u00ab<em>Une strat\u00e9gie v\u00e9ritablement universelle consiste \u00e0 parler de l\u2019adh\u00e9sion, \u00e0 briser le silence et \u00e0 prendre en compte la non-adh\u00e9sion comme pr\u00e9dicteur cl\u00e9 d\u2019une complication potentielle.<\/em>\u00bb<\/p>\n\n\n\n<p><strong>Source:<\/strong><\/p>\n\n\n\n<p>Communiqu\u00e9 de presse \u00e0 l&#8217;occasion de la rencontre internationale \u00abAdherence to Treatment: An Essential Contribution to Cardiometabolic Disease Management\u00bb de la World Heart Federation, 28 mai 2024, Gen\u00e8ve.<\/p>\n\n\n\n<p><\/p>\n","protected":false},"excerpt":{"rendered":"<p>GEN\u00c8VE \u2013 Au cours de la 77e Assembl\u00e9e mondiale de la Sant\u00e9 de l\u2019OMS, la WHF (F\u00e9d\u00e9ration mondiale du C\u0153ur) a organis\u00e9 la rencontre internationale d\u2019experts \u00abL\u2019adh\u00e9sion th\u00e9rapeutique: cl\u00e9 de&hellip;<\/p>\n","protected":false},"author":17461,"featured_media":386310,"comment_status":"closed","ping_status":"closed","sticky":false,"template":"","format":"standard","meta":{"_acf_changed":false,"pmpro_default_level":"","cat_1_feature_home_top":false,"cat_2_editor_pick":false,"csco_eyebrow_text":"Lors d\u2019une rencontre internationale, des experts ont renouvel\u00e9 l\u2019appel \u00e0 l\u2019action pour les hypertendus ","footnotes":""},"category":[11315,11378,11546],"tags":[],"powerkit_post_featured":[],"class_list":["post-386308","post","type-post","status-publish","format-standard","has-post-thumbnail","category-medecine-interne-generale","category-cardiologie","category-gestion-du-cabinet-medical","pmpro-has-access"],"acf":[],"publishpress_future_action":{"enabled":false,"date":"2026-05-03 21:17:56","action":"change-status","newStatus":"draft","terms":[],"taxonomy":"category","extraData":[]},"publishpress_future_workflow_manual_trigger":{"enabledWorkflows":[]},"wpml_current_locale":"fr_FR","wpml_translations":[],"_links":{"self":[{"href":"https:\/\/medizinonline.com\/fr\/wp-json\/wp\/v2\/posts\/386308","targetHints":{"allow":["GET"]}}],"collection":[{"href":"https:\/\/medizinonline.com\/fr\/wp-json\/wp\/v2\/posts"}],"about":[{"href":"https:\/\/medizinonline.com\/fr\/wp-json\/wp\/v2\/types\/post"}],"author":[{"embeddable":true,"href":"https:\/\/medizinonline.com\/fr\/wp-json\/wp\/v2\/users\/17461"}],"replies":[{"embeddable":true,"href":"https:\/\/medizinonline.com\/fr\/wp-json\/wp\/v2\/comments?post=386308"}],"version-history":[{"count":2,"href":"https:\/\/medizinonline.com\/fr\/wp-json\/wp\/v2\/posts\/386308\/revisions"}],"predecessor-version":[{"id":386315,"href":"https:\/\/medizinonline.com\/fr\/wp-json\/wp\/v2\/posts\/386308\/revisions\/386315"}],"wp:featuredmedia":[{"embeddable":true,"href":"https:\/\/medizinonline.com\/fr\/wp-json\/wp\/v2\/media\/386310"}],"wp:attachment":[{"href":"https:\/\/medizinonline.com\/fr\/wp-json\/wp\/v2\/media?parent=386308"}],"wp:term":[{"taxonomy":"category","embeddable":true,"href":"https:\/\/medizinonline.com\/fr\/wp-json\/wp\/v2\/category?post=386308"},{"taxonomy":"post_tag","embeddable":true,"href":"https:\/\/medizinonline.com\/fr\/wp-json\/wp\/v2\/tags?post=386308"},{"taxonomy":"powerkit_post_featured","embeddable":true,"href":"https:\/\/medizinonline.com\/fr\/wp-json\/wp\/v2\/powerkit_post_featured?post=386308"}],"curies":[{"name":"wp","href":"https:\/\/api.w.org\/{rel}","templated":true}]}}