{"id":387151,"date":"2024-10-30T14:00:00","date_gmt":"2024-10-30T13:00:00","guid":{"rendered":"https:\/\/medizinonline.com\/?p=387151"},"modified":"2024-10-16T15:50:40","modified_gmt":"2024-10-16T13:50:40","slug":"approches-a-base-de-plantes-pour-le-traitement-dune-maladie-neurodegenerative","status":"publish","type":"post","link":"https:\/\/medizinonline.com\/fr\/approches-a-base-de-plantes-pour-le-traitement-dune-maladie-neurodegenerative\/","title":{"rendered":"Approches \u00e0 base de plantes pour le traitement d&#8217;une maladie neurod\u00e9g\u00e9n\u00e9rative"},"content":{"rendered":"\n<p><strong>La maladie d&#8217;Alzheimer (MA) est l&#8217;une des maladies neurod\u00e9g\u00e9n\u00e9ratives les plus fr\u00e9quemment diagnostiqu\u00e9es dans le monde et la principale cause de d\u00e9mence. La maladie d&#8217;Alzheimer touche 50 \u00e0 70% des patients atteints de d\u00e9mence dans le monde et se caract\u00e9rise par des troubles cognitifs et un d\u00e9clin progressif des capacit\u00e9s fonctionnelles. En l&#8217;absence de traitement causal capable de pr\u00e9venir l&#8217;apparition de la maladie d&#8217;Alzheimer ou de stopper sa progression, la communaut\u00e9 m\u00e9dicale est confront\u00e9e \u00e0 l&#8217;un des plus grands d\u00e9fis du 21<sup>e<\/sup> si\u00e8cle.  <\/strong><\/p>\n\n\n\n<!--more-->\n\n\n\n<p><em>(red)  <\/em>Selon l&#8217;Organisation mondiale de la sant\u00e9 (OMS), le co\u00fbt mondial du traitement de la maladie d&#8217;Alzheimer est estim\u00e9 \u00e0 environ 1,3 billion de dollars, et ce chiffre ne cessera d&#8217;augmenter au cours des prochaines d\u00e9cennies.\nParall\u00e8lement, le nombre de personnes atteintes de la maladie d&#8217;Alzheimer devrait atteindre 152 millions dans le monde d&#8217;ici 2050, soit quatre fois plus que la pr\u00e9valence actuelle.\nLes pays \u00e0 revenus faibles et moyens sont particuli\u00e8rement menac\u00e9s, car l&#8217;acc\u00e8s aux m\u00e9decins, aux diagnostics avanc\u00e9s et aux m\u00e9dicaments co\u00fbteux y est souvent limit\u00e9.  <\/p>\n\n\n\n<p>La maladie d&#8217;Alzheimer est une maladie complexe et multifactorielle caract\u00e9ris\u00e9e par des processus physiopathologiques tels que le d\u00e9p\u00f4t de b\u00eata-amylo\u00efde et de prot\u00e9ines tau dans le cerveau, des processus neuroinflammatoires, un stress oxydatif et un dysfonctionnement mitochondrial.\nCes m\u00e9canismes conduisent \u00e0 une perte progressive de neurones, ce qui entra\u00eene \u00e0 son tour des d\u00e9ficits cognitifs, des changements de comportement et la perte des fonctions quotidiennes.\nDe plus, des facteurs g\u00e9n\u00e9tiques, tels que des mutations dans les g\u00e8nes PSEN1, PSEN2 et APP, jouent un r\u00f4le crucial dans la pathogen\u00e8se de la maladie d&#8217;Alzheimer familiale.\nLes approches th\u00e9rapeutiques pharmacologiques actuellement autoris\u00e9es ne visent qu&#8217;\u00e0 att\u00e9nuer les sympt\u00f4mes en favorisant la neurotransmission cholinergique ou en inhibant l&#8217;excitation du glutamate.\nCependant, ces m\u00e9dicaments, tels que le don\u00e9p\u00e9zil ou la m\u00e9mantine, ont une efficacit\u00e9 limit\u00e9e et sont associ\u00e9s \u00e0 une s\u00e9rie d&#8217;effets secondaires tels que naus\u00e9es, vertiges, insomnies et fatigue accrue.\nEn cons\u00e9quence, la phytoth\u00e9rapie gagne du terrain en tant que traitement alternatif ou compl\u00e9mentaire.     <\/p>\n\n\n\n<p>Depuis des si\u00e8cles, les m\u00e9dicaments \u00e0 base de plantes se sont r\u00e9v\u00e9l\u00e9s efficaces dans la m\u00e9decine traditionnelle, notamment dans le traitement des maladies neurod\u00e9g\u00e9n\u00e9ratives.\nDes substances v\u00e9g\u00e9tales telles que <em>le curcuma longa<\/em> (curcuma), le <em>panax ginseng<\/em> (ginseng), <em>la berb\u00e9ris<\/em> et <em>le crocus sativus<\/em> (safran) se sont r\u00e9v\u00e9l\u00e9es prometteuses dans le traitement de la maladie d&#8217;Alzheimer, car elles pr\u00e9sentent des propri\u00e9t\u00e9s neuroprotectrices, anti-inflammatoires, antioxydantes et anti-apoptotiques.\nCet article donne un aper\u00e7u complet de l&#8217;\u00e9tat actuel de la recherche sur ces substances v\u00e9g\u00e9tales et de leur utilisation potentielle dans le traitement de la maladie d&#8217;Alzheimer.  <\/p>\n\n\n\n<h3 id=\"mecanismes-physiopathologiques-de-la-maladie-dalzheimer\" class=\"wp-block-heading\">M\u00e9canismes physiopathologiques de la maladie d&#8217;Alzheimer<\/h3>\n\n\n\n<p>La maladie d&#8217;Alzheimer est une maladie neurod\u00e9g\u00e9n\u00e9rative progressive associ\u00e9e \u00e0 de nombreux m\u00e9canismes physiopathologiques.\nL&#8217;une des hypoth\u00e8ses les plus connues sur l&#8217;origine de la maladie d&#8217;Alzheimer est l&#8217;hypoth\u00e8se de la b\u00eata-amylo\u00efde.\nLa b\u00eata-amylo\u00efde (A\u03b2) est une prot\u00e9ine qui s&#8217;accumule dans les cellules c\u00e9r\u00e9brales des patients atteints de la maladie d&#8217;Alzheimer et y forme des plaques.\nCes d\u00e9p\u00f4ts entra\u00eenent un dysfonctionnement des neurones et jouent un r\u00f4le central dans la progression de la maladie.   <\/p>\n\n\n\n<p>L&#8217;A\u03b2 r\u00e9sulte du clivage de la prot\u00e9ine pr\u00e9curseur de l&#8217;amylo\u00efde (APP) par les enzymes \u03b2- et \u03b3-s\u00e9cr\u00e9tase.\nCes processus pathologiques conduisent \u00e0 la formation d&#8217;A\u03b242 neurotoxique, qui se d\u00e9pose dans le cerveau sous forme de plaques.\nCes plaques ne contribuent pas seulement directement \u00e0 la d\u00e9t\u00e9rioration des neurones, mais activent \u00e9galement des r\u00e9actions inflammatoires dans le cerveau.\nOutre la b\u00eata-amylo\u00efde, la prot\u00e9ine Tau joue \u00e9galement un r\u00f4le crucial dans la pathogen\u00e8se de la maladie d&#8217;Alzheimer.\nLes prot\u00e9ines Tau stabilisent normalement les microtubules qui assurent le transport axonal au sein des cellules nerveuses.\nCependant, chez les patients atteints de la maladie d&#8217;Alzheimer, la prot\u00e9ine Tau subit une hyperphosphorylation, ce qui entra\u00eene son agr\u00e9gation et la formation d&#8217;enchev\u00eatrements neurofibrillaires.\nCes enchev\u00eatrements contribuent au dysfonctionnement synaptique, \u00e0 la d\u00e9g\u00e9n\u00e9rescence neuronale et \u00e0 la perte de m\u00e9moire.      <\/p>\n\n\n\n<p>Le stress oxydatif et le dysfonctionnement mitochondrial sont d&#8217;autres \u00e9l\u00e9ments centraux dans la pathogen\u00e8se de la maladie d&#8217;Alzheimer.\nLa surproduction d&#8217;esp\u00e8ces r\u00e9actives de l&#8217;oxyg\u00e8ne (ROS) entra\u00eene des l\u00e9sions des mitochondries, qui sont responsables de l&#8217;approvisionnement en \u00e9nergie des cellules.\nCe processus contribue au dysfonctionnement neuronal et favorise la mort cellulaire.\nL&#8217;ADN mitochondrial (ADNmt) \u00e9tant particuli\u00e8rement vuln\u00e9rable aux dommages en raison de l&#8217;absence de m\u00e9canismes de protection, ce processus s&#8217;acc\u00e9l\u00e8re chez les personnes \u00e2g\u00e9es.   <\/p>\n\n\n\n<p>Les pr\u00e9dispositions g\u00e9n\u00e9tiques jouent \u00e9galement un r\u00f4le important.\nEnviron 60 \u00e0 80% du risque de d\u00e9velopper la maladie d&#8217;Alzheimer est d\u00e9termin\u00e9 par des facteurs g\u00e9n\u00e9tiques.\nL&#8217;all\u00e8le \u03b54 de l&#8217;apolipoprot\u00e9ine E (APOE), en particulier, est associ\u00e9 \u00e0 un risque accru de maladie d&#8217;Alzheimer, car il favorise l&#8217;accumulation de b\u00eata-amylo\u00efde dans le cerveau.\nLes individus porteurs d&#8217;une copie du g\u00e8ne APOE4 ont un risque jusqu&#8217;\u00e0 sept fois plus \u00e9lev\u00e9 de d\u00e9velopper la maladie d&#8217;Alzheimer.\nCette pathogen\u00e8se complexe offre de nombreuses cibles pour des approches th\u00e9rapeutiques potentielles, y compris la phytoth\u00e9rapie, qui repose sur l&#8217;utilisation d&#8217;extraits de plantes et de leurs principes actifs pour traiter les maladies.    <\/p>\n\n\n\n<h3 id=\"la-phytotherapie-dans-la-maladie-dalzheimer\" class=\"wp-block-heading\">La phytoth\u00e9rapie dans la maladie d&#8217;Alzheimer<\/h3>\n\n\n\n<p>La phytoth\u00e9rapie d\u00e9signe l&#8217;utilisation de m\u00e9dicaments \u00e0 base de plantes pour la pr\u00e9vention et le traitement de maladies.\nEn ce qui concerne la maladie d&#8217;Alzheimer, plusieurs plantes ont \u00e9t\u00e9 identifi\u00e9es ces derni\u00e8res ann\u00e9es comme ayant le potentiel d&#8217;influencer les processus neurod\u00e9g\u00e9n\u00e9ratifs.\nParmi les plantes les plus \u00e9tudi\u00e9es figurent <em>le curcuma longa, le panax ginseng, le berberis<\/em> et <em>le crocus sativus. <\/em>Ces plantes contiennent des substances bioactives qui pr\u00e9sentent des effets antioxydants, anti-inflammatoires, neuroprotecteurs et antineurod\u00e9g\u00e9n\u00e9ratifs.\nVoici un examen d\u00e9taill\u00e9 de leurs effets potentiels sur la maladie d&#8217;Alzheimer.   <\/p>\n\n\n\n<p><strong><em>Curcuma longa <\/em>(curcuma, fig. 1) : <\/strong>Le curcuma longa, commun\u00e9ment appel\u00e9 curcuma, est une \u00e9pice et un rem\u00e8de utilis\u00e9 depuis des si\u00e8cles dans la m\u00e9decine traditionnelle indienne.\nSon principal ingr\u00e9dient actif, la curcumine, est un polyph\u00e9nol qui pr\u00e9sente de nombreuses propri\u00e9t\u00e9s pharmacologiques, notamment des effets antioxydants, anti-inflammatoires et neuroprotecteurs.\nLa curcumine a le potentiel de traverser la barri\u00e8re h\u00e9mato-enc\u00e9phalique, ce qui est particuli\u00e8rement int\u00e9ressant pour son utilisation dans le traitement de la maladie d&#8217;Alzheimer.  <\/p>\n\n\n<div class=\"wp-block-image\">\n<figure class=\"aligncenter size-full is-resized\"><a href=\"https:\/\/medizinonline.com\/wp-content\/uploads\/2024\/09\/abb1_PP1_kurkuma.jpg\"><img fetchpriority=\"high\" decoding=\"async\" width=\"1506\" height=\"658\" src=\"https:\/\/medizinonline.com\/wp-content\/uploads\/2024\/09\/abb1_PP1_kurkuma.jpg\" alt=\"\" class=\"wp-image-387133\" style=\"width:400px\" srcset=\"https:\/\/medizinonline.com\/wp-content\/uploads\/2024\/09\/abb1_PP1_kurkuma.jpg 1506w, https:\/\/medizinonline.com\/wp-content\/uploads\/2024\/09\/abb1_PP1_kurkuma-800x350.jpg 800w, https:\/\/medizinonline.com\/wp-content\/uploads\/2024\/09\/abb1_PP1_kurkuma-1160x507.jpg 1160w, https:\/\/medizinonline.com\/wp-content\/uploads\/2024\/09\/abb1_PP1_kurkuma-1120x489.jpg 1120w\" sizes=\"(max-width: 1506px) 100vw, 1506px\" \/><\/a><\/figure>\n<\/div>\n\n\n<p>La curcumine agit en inhibant les d\u00e9p\u00f4ts de b\u00eata-amylo\u00efde et l&#8217;hyperphosphorylation des prot\u00e9ines tau, deux des principales causes de la maladie d&#8217;Alzheimer.\nDes \u00e9tudes montrent que la curcumine peut inhiber l&#8217;activation de la microglie, qui est impliqu\u00e9e dans le d\u00e9veloppement de processus neuroinflammatoires.\nDe plus, la curcumine r\u00e9duit le stress oxydatif en diminuant la production de ROS et en activant les enzymes antioxydantes.  <\/p>\n\n\n\n<p>Malgr\u00e9 ces propri\u00e9t\u00e9s prometteuses, la curcumine a une faible biodisponibilit\u00e9, ce qui signifie qu&#8217;elle n&#8217;est disponible que de mani\u00e8re limit\u00e9e dans l&#8217;organisme apr\u00e8s une prise orale.\nPour surmonter ce probl\u00e8me, plusieurs nanotechnologies ont \u00e9t\u00e9 d\u00e9velopp\u00e9es ces derni\u00e8res ann\u00e9es afin d&#8217;am\u00e9liorer la solubilit\u00e9 et la disponibilit\u00e9 de la curcumine dans l&#8217;organisme.\nEn outre, il a \u00e9t\u00e9 d\u00e9montr\u00e9 que la combinaison de la curcumine avec d&#8217;autres substances v\u00e9g\u00e9tales, comme le ginkgo biloba, peut encore augmenter la biodisponibilit\u00e9.  <\/p>\n\n\n\n<p><strong><em>Panax ginseng <\/em>(ginseng, fig. 2) :<\/strong> Le ginseng est une plante m\u00e9dicinale utilis\u00e9e depuis plus de 2000 ans dans la m\u00e9decine traditionnelle chinoise et cor\u00e9enne.\nLa racine contient des gins\u00e9nosides, un groupe de saponines qui ont un large \u00e9ventail d&#8217;effets pharmacologiques, y compris des effets antioxydants, anti-inflammatoires et neuroprotecteurs.\nEn ce qui concerne la maladie d&#8217;Alzheimer, des \u00e9tudes ont montr\u00e9 que les gins\u00e9nosides inhibent la production de b\u00eata-amylo\u00efde et am\u00e9liorent la fonction mitochondriale.  <\/p>\n\n\n<div class=\"wp-block-image\">\n<figure class=\"aligncenter size-full is-resized\"><a href=\"https:\/\/medizinonline.com\/wp-content\/uploads\/2024\/09\/abb2_PP1_panax.jpg\"><img decoding=\"async\" width=\"890\" height=\"681\" data-src=\"https:\/\/medizinonline.com\/wp-content\/uploads\/2024\/09\/abb2_PP1_panax.jpg\" alt=\"\" class=\"wp-image-387134 lazyload\" style=\"--smush-placeholder-width: 890px; --smush-placeholder-aspect-ratio: 890\/681;width:400px\" data-srcset=\"https:\/\/medizinonline.com\/wp-content\/uploads\/2024\/09\/abb2_PP1_panax.jpg 890w, https:\/\/medizinonline.com\/wp-content\/uploads\/2024\/09\/abb2_PP1_panax-800x612.jpg 800w\" data-sizes=\"(max-width: 890px) 100vw, 890px\" src=\"data:image\/svg+xml;base64,PHN2ZyB3aWR0aD0iMSIgaGVpZ2h0PSIxIiB4bWxucz0iaHR0cDovL3d3dy53My5vcmcvMjAwMC9zdmciPjwvc3ZnPg==\" \/><\/a><\/figure>\n<\/div>\n\n\n<p>Une substance particuli\u00e8rement prometteuse dans le ginseng est le Rg1, un gins\u00e9noside qui favorise la mitophagie, le processus par lequel les mitochondries endommag\u00e9es sont d\u00e9grad\u00e9es.\nCela am\u00e9liore la production d&#8217;\u00e9nergie dans les cellules et r\u00e9duit l&#8217;accumulation de prot\u00e9ines nocives telles que la b\u00eata-amylo\u00efde.\nRg1 am\u00e9liore \u00e9galement la m\u00e9moire en favorisant la neurogen\u00e8se dans l&#8217;hippocampe et en augmentant les facteurs neurotrophiques comme le facteur de croissance des nerfs (NGF) et le facteur neurotrophique d\u00e9riv\u00e9 du cerveau (BDNF).  <\/p>\n\n\n\n<p><em><strong>B<\/strong><\/em><strong><em>erberis<\/em> (berb\u00e9ris, fig. 3) : <\/strong>Le berberis est un genre de plantes utilis\u00e9 en m\u00e9decine traditionnelle pour traiter une grande vari\u00e9t\u00e9 de maladies.\nLe principal ingr\u00e9dient actif du berberis, la berb\u00e9rine, poss\u00e8de des propri\u00e9t\u00e9s neuroprotectrices, antioxydantes et anti-inflammatoires qui en font un candidat prometteur pour le traitement de la maladie d&#8217;Alzheimer.\nLa berb\u00e9rine agit en inhibant la formation de plaques b\u00eata-amylo\u00efdes et d&#8217;enchev\u00eatrements neurofibrillaires.  <\/p>\n\n\n<div class=\"wp-block-image\">\n<figure class=\"aligncenter size-full is-resized\"><a href=\"https:\/\/medizinonline.com\/wp-content\/uploads\/2024\/09\/abb3_PP1_berberis.jpg\"><img decoding=\"async\" width=\"976\" height=\"791\" data-src=\"https:\/\/medizinonline.com\/wp-content\/uploads\/2024\/09\/abb3_PP1_berberis.jpg\" alt=\"\" class=\"wp-image-387135 lazyload\" style=\"--smush-placeholder-width: 976px; --smush-placeholder-aspect-ratio: 976\/791;width:400px\" data-srcset=\"https:\/\/medizinonline.com\/wp-content\/uploads\/2024\/09\/abb3_PP1_berberis.jpg 976w, https:\/\/medizinonline.com\/wp-content\/uploads\/2024\/09\/abb3_PP1_berberis-800x648.jpg 800w\" data-sizes=\"(max-width: 976px) 100vw, 976px\" src=\"data:image\/svg+xml;base64,PHN2ZyB3aWR0aD0iMSIgaGVpZ2h0PSIxIiB4bWxucz0iaHR0cDovL3d3dy53My5vcmcvMjAwMC9zdmciPjwvc3ZnPg==\" \/><\/a><\/figure>\n<\/div>\n\n\n<p>La berb\u00e9rine influence \u00e9galement le circuit des neurotransmetteurs cholinergiques en inhibant l&#8217;activit\u00e9 de l&#8217;ac\u00e9tylcholinest\u00e9rase, l&#8217;enzyme responsable de la d\u00e9gradation de l&#8217;ac\u00e9tylcholine.\nCela augmente la disponibilit\u00e9 de l&#8217;ac\u00e9tylcholine dans le cerveau, ce qui entra\u00eene une am\u00e9lioration de la fonction cognitive.\nEn outre, la berb\u00e9rine a des propri\u00e9t\u00e9s anti-inflammatoires en r\u00e9duisant la production de cytokines telles que l&#8217;IL-1\u03b2 et le TNF-\u03b1.  <\/p>\n\n\n\n<p><strong><em>Crocus sativus<\/em> (safran, fig. 4) : <\/strong>Le safran est l&#8217;une des plantes aromatiques les plus ch\u00e8res et a une longue histoire dans la m\u00e9decine traditionnelle.\nLes principaux principes actifs du safran, la crocine et le safranal, ont montr\u00e9 dans des \u00e9tudes des effets neuroprotecteurs et anti-inflammatoires.\nLa crocine inhibe la formation de b\u00eata-amylo\u00efde et d&#8217;enchev\u00eatrements neurofibrillaires, tandis que le safranal r\u00e9duit l&#8217;activit\u00e9 de l&#8217;ac\u00e9tylcholinest\u00e9rase, ce qui contribue \u00e0 am\u00e9liorer la fonction cognitive des patients atteints de la maladie d&#8217;Alzheimer.  <\/p>\n\n\n\n<p>Des \u00e9tudes montrent que le safran donne des r\u00e9sultats similaires \u00e0 ceux du don\u00e9p\u00e9zil, le m\u00e9dicament de r\u00e9f\u00e9rence, dans le traitement de la d\u00e9mence d&#8217;Alzheimer l\u00e9g\u00e8re \u00e0 mod\u00e9r\u00e9e, mais avec beaucoup moins d&#8217;effets secondaires.\nCela fait du safran un candidat prometteur pour le futur traitement de la maladie d&#8217;Alzheimer. <\/p>\n\n\n<div class=\"wp-block-image\">\n<figure class=\"aligncenter size-full is-resized\"><a href=\"https:\/\/medizinonline.com\/wp-content\/uploads\/2024\/09\/abb4_PP1_safran.jpg\"><img decoding=\"async\" width=\"870\" height=\"509\" data-src=\"https:\/\/medizinonline.com\/wp-content\/uploads\/2024\/09\/abb4_PP1_safran.jpg\" alt=\"\" class=\"wp-image-387136 lazyload\" style=\"--smush-placeholder-width: 870px; --smush-placeholder-aspect-ratio: 870\/509;width:400px\" data-srcset=\"https:\/\/medizinonline.com\/wp-content\/uploads\/2024\/09\/abb4_PP1_safran.jpg 870w, https:\/\/medizinonline.com\/wp-content\/uploads\/2024\/09\/abb4_PP1_safran-800x468.jpg 800w\" data-sizes=\"(max-width: 870px) 100vw, 870px\" src=\"data:image\/svg+xml;base64,PHN2ZyB3aWR0aD0iMSIgaGVpZ2h0PSIxIiB4bWxucz0iaHR0cDovL3d3dy53My5vcmcvMjAwMC9zdmciPjwvc3ZnPg==\" \/><\/a><\/figure>\n<\/div>\n\n\n<h3 id=\"etudes-cliniques-et-developpements-futurs\" class=\"wp-block-heading\">\u00c9tudes cliniques et d\u00e9veloppements futurs<\/h3>\n\n\n\n<p>De nombreuses \u00e9tudes pr\u00e9cliniques et cliniques ont d\u00e9montr\u00e9 le potentiel des m\u00e9dicaments \u00e0 base de plantes dans le traitement de la maladie d&#8217;Alzheimer.\nDans des mod\u00e8les animaux, la curcumine, le ginseng, la berb\u00e9rine et le safran ont montr\u00e9 des effets neuroprotecteurs et anti-inflammatoires prometteurs.\nDes \u00e9tudes cliniques chez l&#8217;homme ont \u00e9galement montr\u00e9 que ces substances v\u00e9g\u00e9tales pouvaient am\u00e9liorer les fonctions cognitives et ralentir la progression de la maladie, tout en entra\u00eenant moins d&#8217;effets secondaires que les m\u00e9dicaments traditionnels.  <\/p>\n\n\n\n<p>Malgr\u00e9 ces r\u00e9sultats prometteurs, d&#8217;autres \u00e9tudes \u00e0 long terme sont n\u00e9cessaires pour confirmer la s\u00e9curit\u00e9 et l&#8217;efficacit\u00e9 de ces produits phytoth\u00e9rapeutiques.\nAlors que de plus en plus de patients recherchent des traitements naturels et alternatifs, il est important d&#8217;approfondir la recherche dans ce domaine et de d\u00e9velopper de nouvelles approches phytoth\u00e9rapeutiques pour le traitement de la maladie d&#8217;Alzheimer. <\/p>\n\n\n\n<h3 id=\"conclusion\" class=\"wp-block-heading\">Conclusion<\/h3>\n\n\n\n<p>La phytoth\u00e9rapie offre un grand potentiel en tant que th\u00e9rapie alternative ou compl\u00e9mentaire pour le traitement de la maladie d&#8217;Alzheimer.\nDes plantes comme <em>le curcuma longa, le panax ginseng, le berberis<\/em> et <em>le crocus sativus<\/em> contiennent des substances bioactives qui ont des effets anti-inflammatoires, antioxydants et neuroprotecteurs.\nCes substances v\u00e9g\u00e9tales pourraient jouer un r\u00f4le important dans le traitement de la maladie d&#8217;Alzheimer \u00e0 l&#8217;avenir, notamment compte tenu de l&#8217;efficacit\u00e9 limit\u00e9e et des nombreux effets secondaires des m\u00e9dicaments actuellement disponibles.  <\/p>\n\n\n\n<p>Cependant, la recherche dans ce domaine n&#8217;en est qu&#8217;\u00e0 ses d\u00e9buts et d&#8217;autres \u00e9tudes cliniques sont n\u00e9cessaires pour confirmer l&#8217;efficacit\u00e9 et la s\u00e9curit\u00e9 \u00e0 long terme de ces m\u00e9dicaments \u00e0 base de plantes.\nSi les r\u00e9sultats prometteurs des \u00e9tudes men\u00e9es jusqu&#8217;\u00e0 pr\u00e9sent se confirment, la phytoth\u00e9rapie pourrait \u00e0 l&#8217;avenir constituer un pilier important dans le traitement de la maladie d&#8217;Alzheimer et d&#8217;autres maladies neurod\u00e9g\u00e9n\u00e9ratives. <\/p>\n\n\n\n<p><em>Source : Piekarz J, Picheta N, Burdan O, et al. : Phytotherapy in Alzheimer&#8217;s Disease-A Narrative Review. Biomedicines . 2024 Aug 9 ; 12(8) : 1812. doi : 10.3390\/biomedicines12081812. PMID : 39200276 ; PMCID : PMC11351709.<\/em><\/p>\n\n\n\n<p><\/p>\n\n\n\n<p class=\"has-small-font-size\"><em><em>PHYTOTHERAPIE PRAXIS 2024; 1(1): 22\u201323<\/em><\/em><\/p>\n","protected":false},"excerpt":{"rendered":"<p>La maladie d&#8217;Alzheimer (MA) est l&#8217;une des maladies neurod\u00e9g\u00e9n\u00e9ratives les plus fr\u00e9quemment diagnostiqu\u00e9es dans le monde et la principale cause de d\u00e9mence. La maladie d&#8217;Alzheimer touche 50 \u00e0 70% des&hellip;<\/p>\n","protected":false},"author":7,"featured_media":387157,"comment_status":"closed","ping_status":"closed","sticky":false,"template":"","format":"standard","meta":{"_acf_changed":false,"pmpro_default_level":"","cat_1_feature_home_top":false,"cat_2_editor_pick":false,"csco_eyebrow_text":"La phytoth\u00e9rapie dans la maladie d'Alzheimer","footnotes":""},"category":[11549,11527,11531,11467,11383,74320,11489],"tags":[14012,78758,78759,12103,27508],"powerkit_post_featured":[],"class_list":["post-387151","post","type-post","status-publish","format-standard","has-post-thumbnail","category-rx-fr","category-etudes","category-formation-continue","category-medecine-pharmaceutique","category-neurologie-fr","category-phytotherapie-fr","category-psychiatrie-et-psychotherapie","tag-alzheimer-fr","tag-berberis-fr","tag-crocus-fr","tag-demence-fr","tag-ginseng-fr","pmpro-has-access"],"acf":[],"publishpress_future_action":{"enabled":false,"date":"2026-05-03 23:32:28","action":"change-status","newStatus":"draft","terms":[],"taxonomy":"category","extraData":[]},"publishpress_future_workflow_manual_trigger":{"enabledWorkflows":[]},"wpml_current_locale":"fr_FR","wpml_translations":{"it_IT":{"locale":"it_IT","id":387179,"slug":"approcci-erboristici-al-trattamento-di-una-malattia-neurodegenerativa","post_title":"Approcci erboristici al trattamento di una malattia neurodegenerativa","href":"https:\/\/medizinonline.com\/it\/approcci-erboristici-al-trattamento-di-una-malattia-neurodegenerativa\/"},"pt_PT":{"locale":"pt_PT","id":387175,"slug":"abordagens-a-base-de-plantas-para-o-tratamento-de-uma-doenca-neurodegenerativa","post_title":"Abordagens \u00e0 base de plantas para o tratamento de uma doen\u00e7a neurodegenerativa","href":"https:\/\/medizinonline.com\/pt-pt\/abordagens-a-base-de-plantas-para-o-tratamento-de-uma-doenca-neurodegenerativa\/"},"es_ES":{"locale":"es_ES","id":387168,"slug":"enfoques-a-base-de-plantas-para-el-tratamiento-de-una-enfermedad-neurodegenerativa","post_title":"Enfoques a base de plantas para el tratamiento de una enfermedad neurodegenerativa","href":"https:\/\/medizinonline.com\/es\/enfoques-a-base-de-plantas-para-el-tratamiento-de-una-enfermedad-neurodegenerativa\/"}},"_links":{"self":[{"href":"https:\/\/medizinonline.com\/fr\/wp-json\/wp\/v2\/posts\/387151","targetHints":{"allow":["GET"]}}],"collection":[{"href":"https:\/\/medizinonline.com\/fr\/wp-json\/wp\/v2\/posts"}],"about":[{"href":"https:\/\/medizinonline.com\/fr\/wp-json\/wp\/v2\/types\/post"}],"author":[{"embeddable":true,"href":"https:\/\/medizinonline.com\/fr\/wp-json\/wp\/v2\/users\/7"}],"replies":[{"embeddable":true,"href":"https:\/\/medizinonline.com\/fr\/wp-json\/wp\/v2\/comments?post=387151"}],"version-history":[{"count":2,"href":"https:\/\/medizinonline.com\/fr\/wp-json\/wp\/v2\/posts\/387151\/revisions"}],"predecessor-version":[{"id":388067,"href":"https:\/\/medizinonline.com\/fr\/wp-json\/wp\/v2\/posts\/387151\/revisions\/388067"}],"wp:featuredmedia":[{"embeddable":true,"href":"https:\/\/medizinonline.com\/fr\/wp-json\/wp\/v2\/media\/387157"}],"wp:attachment":[{"href":"https:\/\/medizinonline.com\/fr\/wp-json\/wp\/v2\/media?parent=387151"}],"wp:term":[{"taxonomy":"category","embeddable":true,"href":"https:\/\/medizinonline.com\/fr\/wp-json\/wp\/v2\/category?post=387151"},{"taxonomy":"post_tag","embeddable":true,"href":"https:\/\/medizinonline.com\/fr\/wp-json\/wp\/v2\/tags?post=387151"},{"taxonomy":"powerkit_post_featured","embeddable":true,"href":"https:\/\/medizinonline.com\/fr\/wp-json\/wp\/v2\/powerkit_post_featured?post=387151"}],"curies":[{"name":"wp","href":"https:\/\/api.w.org\/{rel}","templated":true}]}}