{"id":392477,"date":"2024-12-20T00:01:00","date_gmt":"2024-12-19T23:01:00","guid":{"rendered":"https:\/\/medizinonline.com\/?p=392477"},"modified":"2025-01-28T09:43:18","modified_gmt":"2025-01-28T08:43:18","slug":"prevention-de-lepuisement-professionnel-au-sein-de-lequipe-du-cabinet-medical-principes-et-strategies-3","status":"publish","type":"post","link":"https:\/\/medizinonline.com\/fr\/prevention-de-lepuisement-professionnel-au-sein-de-lequipe-du-cabinet-medical-principes-et-strategies-3\/","title":{"rendered":"Pr\u00e9vention de l&#8217;\u00e9puisement professionnel au sein de l&#8217;\u00e9quipe du cabinet m\u00e9dical \u2013 Principes et strat\u00e9gies"},"content":{"rendered":"\n<p><strong>Le burnout est un ensemble de sympt\u00f4mes dont le sympt\u00f4me cardinal est l&#8217;\u00e9puisement, en r\u00e9ponse \u00e0 un stress \u00e9motionnel et interpersonnel prolong\u00e9 au travail. Une gestion th\u00e9rapeutique multimodale s&#8217;appuie sur la psycho\u00e9ducation, l&#8217;hygi\u00e8ne du sommeil, la compr\u00e9hension de la maladie, les facteurs de risque psychologiques, les soins personnels, les strat\u00e9gies d&#8217;adaptation, la r\u00e9solution des conflits et les comp\u00e9tences sociales. \u00c9tant donn\u00e9 qu&#8217;une bonne prise en charge des patients repose sur le bon fonctionnement de l&#8217;\u00e9quipe du cabinet, il convient de pr\u00e9venir l&#8217;\u00e9puisement professionnel par une structure d&#8217;entreprise positive.  <\/strong><\/p>\n\n\n\n<div class=\"pmpro\"><div class=\"pmpro_card pmpro_content_message\"><div class=\"pmpro_card_content\">Dieser Inhalt ist nur f\u00fcr Benutzer der Gruppe: Medizinische Fachperson zug\u00e4nglich <br \/><a href=\"https:\/\/medizinonline.com\/fr\/mon-compte\/paquets\/\">Jetzt beitreten<\/a><\/div><div class=\"pmpro_card_actions pmpro_font-medium\">Already a member? <a href=\"https:\/\/medizinonline.com\/fr\/se-connecter\/?redirect_to=https%3A%2F%2Fmedizinonline.com%2Ffr%2Fprevention-de-lepuisement-professionnel-au-sein-de-lequipe-du-cabinet-medical-principes-et-strategies-3%2F\">Connectez-vous ici<\/a><\/div><\/div><\/div>","protected":false},"excerpt":{"rendered":"<p>Le burnout est un ensemble de sympt\u00f4mes dont le sympt\u00f4me cardinal est l&#8217;\u00e9puisement, en r\u00e9ponse \u00e0 un stress \u00e9motionnel et interpersonnel prolong\u00e9 au travail. Une gestion th\u00e9rapeutique multimodale s&#8217;appuie sur&#8230;&hellip;... <\/p>\n<div class=\"pmpro\"><div class=\"pmpro_card pmpro_content_message\"><div class=\"pmpro_card_content\">Dieser Inhalt ist nur f\u00fcr Benutzer der Gruppe: Medizinische Fachperson zug\u00e4nglich <br \/><a href=\"https:\/\/medizinonline.com\/fr\/mon-compte\/paquets\/\">Jetzt beitreten<\/a><\/div><div class=\"pmpro_card_actions pmpro_font-medium\">Already a member? <a href=\"https:\/\/medizinonline.com\/fr\/se-connecter\/?redirect_to=https%3A%2F%2Fmedizinonline.com%2Ffr%2Fprevention-de-lepuisement-professionnel-au-sein-de-lequipe-du-cabinet-medical-principes-et-strategies-3%2F\">Connectez-vous ici<\/a><\/div><\/div><\/div>","protected":false},"author":7,"featured_media":392516,"comment_status":"closed","ping_status":"closed","sticky":false,"template":"","format":"standard","meta":{"_acf_changed":false,"pmpro_default_level":"","cat_1_feature_home_top":false,"cat_2_editor_pick":false,"csco_eyebrow_text":"Gestion du cabinet m\u00e9dical","footnotes":""},"category":[11549,22616,11546,11482,11489],"tags":[12572,13398,12336],"powerkit_post_featured":[],"class_list":["post-392477","post","type-post","status-publish","format-standard","has-post-thumbnail","category-rx-fr","category-formation-continue-cme","category-gestion-du-cabinet-medical","category-prevention-et-soins-de-sante","category-psychiatrie-et-psychotherapie","tag-burnout-fr","tag-gestion-du-cabinet-medical","tag-prevention-fr","pmpro-level-required","pmpro-level-1","pmpro-no-access"],"acf":[],"publishpress_future_action":{"enabled":false,"date":"2026-05-02 07:23:52","action":"change-status","newStatus":"draft","terms":[],"taxonomy":"category","extraData":[]},"publishpress_future_workflow_manual_trigger":{"enabledWorkflows":[]},"wpml_current_locale":"fr_FR","wpml_translations":{"it_IT":{"locale":"it_IT","id":392478,"slug":"prevenzione-del-burnout-nel-team-dello-studio-medico-nozioni-di-base-e-strategie-3","post_title":"Prevenzione del burnout nel team dello studio medico - nozioni di base e strategie","href":"https:\/\/medizinonline.com\/it\/prevenzione-del-burnout-nel-team-dello-studio-medico-nozioni-di-base-e-strategie-3\/"},"pt_PT":{"locale":"pt_PT","id":392479,"slug":"prevencao-do-burnout-na-equipa-de-trabalho-nocoes-basicas-e-estrategias-3","post_title":"Preven\u00e7\u00e3o do burnout na equipa de trabalho \u2013no\u00e7\u00f5es b\u00e1sicas e estrat\u00e9gias","href":"https:\/\/medizinonline.com\/pt-pt\/prevencao-do-burnout-na-equipa-de-trabalho-nocoes-basicas-e-estrategias-3\/"},"es_ES":{"locale":"es_ES","id":392480,"slug":"prevencion-del-burnout-en-el-equipo-de-la-consulta-fundamentos-y-estrategias-3","post_title":"Prevenci\u00f3n del burnout en el equipo de la consulta - fundamentos y estrategias","href":"https:\/\/medizinonline.com\/es\/prevencion-del-burnout-en-el-equipo-de-la-consulta-fundamentos-y-estrategias-3\/"}},"_links":{"self":[{"href":"https:\/\/medizinonline.com\/fr\/wp-json\/wp\/v2\/posts\/392477","targetHints":{"allow":["GET"]}}],"collection":[{"href":"https:\/\/medizinonline.com\/fr\/wp-json\/wp\/v2\/posts"}],"about":[{"href":"https:\/\/medizinonline.com\/fr\/wp-json\/wp\/v2\/types\/post"}],"author":[{"embeddable":true,"href":"https:\/\/medizinonline.com\/fr\/wp-json\/wp\/v2\/users\/7"}],"replies":[{"embeddable":true,"href":"https:\/\/medizinonline.com\/fr\/wp-json\/wp\/v2\/comments?post=392477"}],"version-history":[{"count":3,"href":"https:\/\/medizinonline.com\/fr\/wp-json\/wp\/v2\/posts\/392477\/revisions"}],"predecessor-version":[{"id":393799,"href":"https:\/\/medizinonline.com\/fr\/wp-json\/wp\/v2\/posts\/392477\/revisions\/393799"}],"wp:featuredmedia":[{"embeddable":true,"href":"https:\/\/medizinonline.com\/fr\/wp-json\/wp\/v2\/media\/392516"}],"wp:attachment":[{"href":"https:\/\/medizinonline.com\/fr\/wp-json\/wp\/v2\/media?parent=392477"}],"wp:term":[{"taxonomy":"category","embeddable":true,"href":"https:\/\/medizinonline.com\/fr\/wp-json\/wp\/v2\/category?post=392477"},{"taxonomy":"post_tag","embeddable":true,"href":"https:\/\/medizinonline.com\/fr\/wp-json\/wp\/v2\/tags?post=392477"},{"taxonomy":"powerkit_post_featured","embeddable":true,"href":"https:\/\/medizinonline.com\/fr\/wp-json\/wp\/v2\/powerkit_post_featured?post=392477"}],"curies":[{"name":"wp","href":"https:\/\/api.w.org\/{rel}","templated":true}]}}