{"id":395362,"date":"2025-03-08T14:00:00","date_gmt":"2025-03-08T13:00:00","guid":{"rendered":"https:\/\/medizinonline.com\/paquet-de-mesures-contre-les-complexes-de-symptomes-une-mise-a-jour\/"},"modified":"2025-03-08T12:13:54","modified_gmt":"2025-03-08T11:13:54","slug":"paquet-de-mesures-contre-les-complexes-de-symptomes-une-mise-a-jour","status":"publish","type":"post","link":"https:\/\/medizinonline.com\/fr\/paquet-de-mesures-contre-les-complexes-de-symptomes-une-mise-a-jour\/","title":{"rendered":"Paquet de mesures contre les complexes de sympt\u00f4mes &#8211; une mise \u00e0 jour"},"content":{"rendered":"\n<p><strong>Dans la BPCO, la bronchodilatation duale (LAMA\/LABA) est majoritairement consid\u00e9r\u00e9e comme le traitement standard. Lorsque les patients sont sujets \u00e0 des exacerbations, l&#8217;ajout de st\u00e9ro\u00efdes inhal\u00e9s (CSI) peut \u00eatre utile. Mais qu&#8217;en est-il des patients qui, malgr\u00e9 ces options th\u00e9rapeutiques, ne parviennent pas \u00e0 contr\u00f4ler suffisamment leur maladie et qui pr\u00e9sentent un nombre \u00e9lev\u00e9 d&#8217;\u00e9osinophiles sanguins (\u2265300 cellules\/\u00b5l) ? Pour cette sous-population, le dupilumab est autoris\u00e9 dans l&#8217;UE depuis fin juin 2024 en tant qu&#8217;add-on, c&#8217;est-\u00e0-dire en compl\u00e9ment de la m\u00e9dication existante.   <\/strong><\/p>\n\n\n\n<div class=\"pmpro\"><div class=\"pmpro_card pmpro_content_message\"><div class=\"pmpro_card_content\">Dieser Inhalt ist nur f\u00fcr Benutzer der Gruppe: Medizinische Fachperson zug\u00e4nglich <br \/><a href=\"https:\/\/medizinonline.com\/fr\/mon-compte\/paquets\/\">Jetzt beitreten<\/a><\/div><div class=\"pmpro_card_actions pmpro_font-medium\">Already a member? <a href=\"https:\/\/medizinonline.com\/fr\/se-connecter\/?redirect_to=https%3A%2F%2Fmedizinonline.com%2Ffr%2Fpaquet-de-mesures-contre-les-complexes-de-symptomes-une-mise-a-jour%2F\">Connectez-vous ici<\/a><\/div><\/div><\/div>","protected":false},"excerpt":{"rendered":"<p>Dans la BPCO, la bronchodilatation duale (LAMA\/LABA) est majoritairement consid\u00e9r\u00e9e comme le traitement standard. Lorsque les patients sont sujets \u00e0 des exacerbations, l&#8217;ajout de st\u00e9ro\u00efdes inhal\u00e9s (CSI) peut \u00eatre utile&#8230;.&hellip;... <\/p>\n<div class=\"pmpro\"><div class=\"pmpro_card pmpro_content_message\"><div class=\"pmpro_card_content\">Dieser Inhalt ist nur f\u00fcr Benutzer der Gruppe: Medizinische Fachperson zug\u00e4nglich <br \/><a href=\"https:\/\/medizinonline.com\/fr\/mon-compte\/paquets\/\">Jetzt beitreten<\/a><\/div><div class=\"pmpro_card_actions pmpro_font-medium\">Already a member? <a href=\"https:\/\/medizinonline.com\/fr\/se-connecter\/?redirect_to=https%3A%2F%2Fmedizinonline.com%2Ffr%2Fpaquet-de-mesures-contre-les-complexes-de-symptomes-une-mise-a-jour%2F\">Connectez-vous ici<\/a><\/div><\/div><\/div>","protected":false},"author":7,"featured_media":395364,"comment_status":"closed","ping_status":"closed","sticky":false,"template":"","format":"standard","meta":{"_acf_changed":false,"pmpro_default_level":"","cat_1_feature_home_top":false,"cat_2_editor_pick":false,"csco_eyebrow_text":"Traitement de la BPCO  ","footnotes":""},"category":[11549,11541,11315,11477,11535],"tags":[81296,72180,81293,13449,13757,81295,75252,81294],"powerkit_post_featured":[],"class_list":["post-395362","post","type-post","status-publish","format-standard","has-post-thumbnail","category-rx-fr","category-cases-fr","category-medecine-interne-generale","category-pneumologie-fr","category-rapports-de-congres","tag-nombre-deosinophiles-dans-le-sang-fr","tag-bronchodilatation-duale","tag-complexe-de-symptomes","tag-dupilumab-fr","tag-ics-fr","tag-lama-laba-fr","tag-nombre-deosinophiles-dans-le-sang","tag-traitement-de-la-bpco","pmpro-level-required","pmpro-level-1","pmpro-no-access"],"acf":[],"publishpress_future_action":{"enabled":false,"date":"2026-05-06 11:48:20","action":"change-status","newStatus":"draft","terms":[],"taxonomy":"category","extraData":[]},"publishpress_future_workflow_manual_trigger":{"enabledWorkflows":[]},"wpml_current_locale":"fr_FR","wpml_translations":{"it_IT":{"locale":"it_IT","id":395356,"slug":"pacchetto-di-misure-per-combattere-i-complessi-sintomatologici-un-aggiornamento","post_title":"Pacchetto di misure per combattere i complessi sintomatologici - un aggiornamento","href":"https:\/\/medizinonline.com\/it\/pacchetto-di-misure-per-combattere-i-complessi-sintomatologici-un-aggiornamento\/"},"pt_PT":{"locale":"pt_PT","id":395350,"slug":"pacote-de-medidas-para-combater-os-complexos-de-sintomas-uma-atualizacao","post_title":"Pacote de medidas para combater os complexos de sintomas - uma atualiza\u00e7\u00e3o","href":"https:\/\/medizinonline.com\/pt-pt\/pacote-de-medidas-para-combater-os-complexos-de-sintomas-uma-atualizacao\/"},"es_ES":{"locale":"es_ES","id":395343,"slug":"paquete-de-medidas-para-combatir-los-complejos-sintomaticos-una-actualizacion","post_title":"Paquete de medidas para combatir los complejos sintom\u00e1ticos - una actualizaci\u00f3n","href":"https:\/\/medizinonline.com\/es\/paquete-de-medidas-para-combatir-los-complejos-sintomaticos-una-actualizacion\/"}},"_links":{"self":[{"href":"https:\/\/medizinonline.com\/fr\/wp-json\/wp\/v2\/posts\/395362","targetHints":{"allow":["GET"]}}],"collection":[{"href":"https:\/\/medizinonline.com\/fr\/wp-json\/wp\/v2\/posts"}],"about":[{"href":"https:\/\/medizinonline.com\/fr\/wp-json\/wp\/v2\/types\/post"}],"author":[{"embeddable":true,"href":"https:\/\/medizinonline.com\/fr\/wp-json\/wp\/v2\/users\/7"}],"replies":[{"embeddable":true,"href":"https:\/\/medizinonline.com\/fr\/wp-json\/wp\/v2\/comments?post=395362"}],"version-history":[{"count":3,"href":"https:\/\/medizinonline.com\/fr\/wp-json\/wp\/v2\/posts\/395362\/revisions"}],"predecessor-version":[{"id":396651,"href":"https:\/\/medizinonline.com\/fr\/wp-json\/wp\/v2\/posts\/395362\/revisions\/396651"}],"wp:featuredmedia":[{"embeddable":true,"href":"https:\/\/medizinonline.com\/fr\/wp-json\/wp\/v2\/media\/395364"}],"wp:attachment":[{"href":"https:\/\/medizinonline.com\/fr\/wp-json\/wp\/v2\/media?parent=395362"}],"wp:term":[{"taxonomy":"category","embeddable":true,"href":"https:\/\/medizinonline.com\/fr\/wp-json\/wp\/v2\/category?post=395362"},{"taxonomy":"post_tag","embeddable":true,"href":"https:\/\/medizinonline.com\/fr\/wp-json\/wp\/v2\/tags?post=395362"},{"taxonomy":"powerkit_post_featured","embeddable":true,"href":"https:\/\/medizinonline.com\/fr\/wp-json\/wp\/v2\/powerkit_post_featured?post=395362"}],"curies":[{"name":"wp","href":"https:\/\/api.w.org\/{rel}","templated":true}]}}