{"id":395683,"date":"2025-04-18T01:05:00","date_gmt":"2025-04-17T23:05:00","guid":{"rendered":"https:\/\/medizinonline.com\/ne-pas-prendre-a-la-legere\/"},"modified":"2025-04-17T23:07:05","modified_gmt":"2025-04-17T21:07:05","slug":"ne-pas-prendre-a-la-legere","status":"publish","type":"post","link":"https:\/\/medizinonline.com\/fr\/ne-pas-prendre-a-la-legere\/","title":{"rendered":"Ne pas prendre \u00e0 la l\u00e9g\u00e8re"},"content":{"rendered":"\n<p><strong>Les infections de plaies au niveau des pieds sont fr\u00e9quentes et leur classification correcte constitue parfois un d\u00e9fi. En cas d&#8217;infection du pied \u00e0 Gram n\u00e9gatif, les r\u00e9sultats de l&#8217;examen clinique constituent l&#8217;\u00e9pine dorsale du diagnostic. Le traitement local est d&#8217;une importance capitale, une antibioth\u00e9rapie syst\u00e9mique est recommand\u00e9e en cas d&#8217;infection suppl\u00e9mentaire des tissus mous et, dans certains cas, une intervention chirurgicale est \u00e9galement n\u00e9cessaire.  <\/strong><\/p>\n\n<div class=\"pmpro\"><div class=\"pmpro_card pmpro_content_message\"><div class=\"pmpro_card_content\">Dieser Inhalt ist nur f\u00fcr Benutzer der Gruppe: Medizinische Fachperson zug\u00e4nglich <br \/><a href=\"https:\/\/medizinonline.com\/fr\/mon-compte\/paquets\/\">Jetzt beitreten<\/a><\/div><div class=\"pmpro_card_actions pmpro_font-medium\">Already a member? <a href=\"https:\/\/medizinonline.com\/fr\/se-connecter\/?redirect_to=https%3A%2F%2Fmedizinonline.com%2Ffr%2Fne-pas-prendre-a-la-legere%2F\">Connectez-vous ici<\/a><\/div><\/div><\/div>","protected":false},"excerpt":{"rendered":"<p>Les infections de plaies au niveau des pieds sont fr\u00e9quentes et leur classification correcte constitue parfois un d\u00e9fi. En cas d&#8217;infection du pied \u00e0 Gram n\u00e9gatif, les r\u00e9sultats de l&#8217;examen&#8230;&hellip;... <\/p>\n<div class=\"pmpro\"><div class=\"pmpro_card pmpro_content_message\"><div class=\"pmpro_card_content\">Dieser Inhalt ist nur f\u00fcr Benutzer der Gruppe: Medizinische Fachperson zug\u00e4nglich <br \/><a href=\"https:\/\/medizinonline.com\/fr\/mon-compte\/paquets\/\">Jetzt beitreten<\/a><\/div><div class=\"pmpro_card_actions pmpro_font-medium\">Already a member? <a href=\"https:\/\/medizinonline.com\/fr\/se-connecter\/?redirect_to=https%3A%2F%2Fmedizinonline.com%2Ffr%2Fne-pas-prendre-a-la-legere%2F\">Connectez-vous ici<\/a><\/div><\/div><\/div>","protected":false},"author":7,"featured_media":395686,"comment_status":"closed","ping_status":"closed","sticky":false,"template":"","format":"standard","meta":{"_acf_changed":false,"pmpro_default_level":"","cat_1_feature_home_top":false,"cat_2_editor_pick":false,"csco_eyebrow_text":"Infection du pied \u00e0 Gram n\u00e9gatif  ","footnotes":""},"category":[11549,11399,11362,11404,11428,11535],"tags":[81509,81507,81510,81508,14496],"powerkit_post_featured":[],"class_list":["post-395683","post","type-post","status-publish","format-standard","has-post-thumbnail","category-rx-fr","category-chirurgie-fr","category-dermatologie-et-venerologie","category-endocrinologie-et-diabetologie","category-infectiologie","category-rapports-de-congres","tag-antibiotherapie-systemique","tag-congres-sur-les-plaies-de-nuremberg","tag-infection-du-pied-a-gram-negatif","tag-infections-des-tissus-mous-fr","tag-therapie-locale","pmpro-level-required","pmpro-level-1","pmpro-no-access"],"acf":[],"publishpress_future_action":{"enabled":false,"date":"2026-05-09 09:38:04","action":"change-status","newStatus":"draft","terms":[],"taxonomy":"category","extraData":[]},"publishpress_future_workflow_manual_trigger":{"enabledWorkflows":[]},"wpml_current_locale":"fr_FR","wpml_translations":{"it_IT":{"locale":"it_IT","id":395677,"slug":"da-non-prendere-alla-leggera","post_title":"Da non prendere alla leggera","href":"https:\/\/medizinonline.com\/it\/da-non-prendere-alla-leggera\/"},"pt_PT":{"locale":"pt_PT","id":395672,"slug":"nao-deve-ser-tomado-de-animo-leve","post_title":"N\u00e3o deve ser tomado de \u00e2nimo leve","href":"https:\/\/medizinonline.com\/pt-pt\/nao-deve-ser-tomado-de-animo-leve\/"},"es_ES":{"locale":"es_ES","id":395666,"slug":"no-debe-tomarse-a-la-ligera","post_title":"No debe tomarse a la ligera","href":"https:\/\/medizinonline.com\/es\/no-debe-tomarse-a-la-ligera\/"}},"_links":{"self":[{"href":"https:\/\/medizinonline.com\/fr\/wp-json\/wp\/v2\/posts\/395683","targetHints":{"allow":["GET"]}}],"collection":[{"href":"https:\/\/medizinonline.com\/fr\/wp-json\/wp\/v2\/posts"}],"about":[{"href":"https:\/\/medizinonline.com\/fr\/wp-json\/wp\/v2\/types\/post"}],"author":[{"embeddable":true,"href":"https:\/\/medizinonline.com\/fr\/wp-json\/wp\/v2\/users\/7"}],"replies":[{"embeddable":true,"href":"https:\/\/medizinonline.com\/fr\/wp-json\/wp\/v2\/comments?post=395683"}],"version-history":[{"count":2,"href":"https:\/\/medizinonline.com\/fr\/wp-json\/wp\/v2\/posts\/395683\/revisions"}],"predecessor-version":[{"id":398451,"href":"https:\/\/medizinonline.com\/fr\/wp-json\/wp\/v2\/posts\/395683\/revisions\/398451"}],"wp:featuredmedia":[{"embeddable":true,"href":"https:\/\/medizinonline.com\/fr\/wp-json\/wp\/v2\/media\/395686"}],"wp:attachment":[{"href":"https:\/\/medizinonline.com\/fr\/wp-json\/wp\/v2\/media?parent=395683"}],"wp:term":[{"taxonomy":"category","embeddable":true,"href":"https:\/\/medizinonline.com\/fr\/wp-json\/wp\/v2\/category?post=395683"},{"taxonomy":"post_tag","embeddable":true,"href":"https:\/\/medizinonline.com\/fr\/wp-json\/wp\/v2\/tags?post=395683"},{"taxonomy":"powerkit_post_featured","embeddable":true,"href":"https:\/\/medizinonline.com\/fr\/wp-json\/wp\/v2\/powerkit_post_featured?post=395683"}],"curies":[{"name":"wp","href":"https:\/\/api.w.org\/{rel}","templated":true}]}}