{"id":396285,"date":"2025-04-17T01:05:00","date_gmt":"2025-04-16T23:05:00","guid":{"rendered":"https:\/\/medizinonline.com\/les-produits-biologiques-anti-il-5-5r%ce%b1-convainquent-dans-le-monde-reel\/"},"modified":"2025-04-16T22:01:11","modified_gmt":"2025-04-16T20:01:11","slug":"les-produits-biologiques-anti-il-5-5r%ce%b1-convainquent-dans-le-monde-reel","status":"publish","type":"post","link":"https:\/\/medizinonline.com\/fr\/les-produits-biologiques-anti-il-5-5r%ce%b1-convainquent-dans-le-monde-reel\/","title":{"rendered":"Les produits biologiques anti-IL-5\/-5R\u03b1 convainquent dans le monde r\u00e9el"},"content":{"rendered":"\n<p><strong>Trois agents biologiques ciblant l&#8217;interleukine 5 (IL-5) ou son r\u00e9cepteur (IL-5R\u03b1) ont \u00e9t\u00e9 approuv\u00e9s pour une utilisation chez les patients souffrant d&#8217;asthme s\u00e9v\u00e8re. Dans une m\u00e9ta-analyse, des chercheurs grecs ont examin\u00e9 la r\u00e9ponse clinique aux m\u00e9dicaments biologiques anti-IL-5\/-5R\u03b1 dans des \u00e9tudes du monde r\u00e9el et ont fourni des informations sur l&#8217;utilisation de ces m\u00e9dicaments dans la pratique clinique. <\/strong><\/p>\n\n\n\n<div class=\"pmpro\"><div class=\"pmpro_card pmpro_content_message\"><div class=\"pmpro_card_content\">Dieser Inhalt ist nur f\u00fcr Benutzer der Gruppe: Medizinische Fachperson zug\u00e4nglich <br \/><a href=\"https:\/\/medizinonline.com\/fr\/mon-compte\/paquets\/\">Jetzt beitreten<\/a><\/div><div class=\"pmpro_card_actions pmpro_font-medium\">Already a member? <a href=\"https:\/\/medizinonline.com\/fr\/se-connecter\/?redirect_to=https%3A%2F%2Fmedizinonline.com%2Ffr%2Fles-produits-biologiques-anti-il-5-5r%25ce%25b1-convainquent-dans-le-monde-reel%2F\">Connectez-vous ici<\/a><\/div><\/div><\/div>","protected":false},"excerpt":{"rendered":"<p>Trois agents biologiques ciblant l&#8217;interleukine 5 (IL-5) ou son r\u00e9cepteur (IL-5R\u03b1) ont \u00e9t\u00e9 approuv\u00e9s pour une utilisation chez les patients souffrant d&#8217;asthme s\u00e9v\u00e8re. Dans une m\u00e9ta-analyse, des chercheurs grecs ont&#8230;&hellip;... <\/p>\n<div class=\"pmpro\"><div class=\"pmpro_card pmpro_content_message\"><div class=\"pmpro_card_content\">Dieser Inhalt ist nur f\u00fcr Benutzer der Gruppe: Medizinische Fachperson zug\u00e4nglich <br \/><a href=\"https:\/\/medizinonline.com\/fr\/mon-compte\/paquets\/\">Jetzt beitreten<\/a><\/div><div class=\"pmpro_card_actions pmpro_font-medium\">Already a member? <a href=\"https:\/\/medizinonline.com\/fr\/se-connecter\/?redirect_to=https%3A%2F%2Fmedizinonline.com%2Ffr%2Fles-produits-biologiques-anti-il-5-5r%25ce%25b1-convainquent-dans-le-monde-reel%2F\">Connectez-vous ici<\/a><\/div><\/div><\/div>","protected":false},"author":7,"featured_media":396286,"comment_status":"closed","ping_status":"closed","sticky":false,"template":"","format":"standard","meta":{"_acf_changed":false,"pmpro_default_level":"","cat_1_feature_home_top":false,"cat_2_editor_pick":false,"csco_eyebrow_text":"Asthme s\u00e9v\u00e8re","footnotes":""},"category":[11549,11527,11531,11315,11477],"tags":[74955,18892,42006,81742,18882,81741,27386,54911,74953],"powerkit_post_featured":[],"class_list":["post-396285","post","type-post","status-publish","format-standard","has-post-thumbnail","category-rx-fr","category-etudes","category-formation-continue","category-medecine-interne-generale","category-pneumologie-fr","tag-benralizumab-fr","tag-exacerbations-fr","tag-il-5-fr","tag-il-5r-fr","tag-interleukine-5","tag-medicaments-biologiques-anti-il-5-5r","tag-mepolizumab-fr","tag-recepteur","tag-reslizumab-fr","pmpro-level-required","pmpro-level-1","pmpro-no-access"],"acf":[],"publishpress_future_action":{"enabled":false,"date":"2026-05-05 04:23:34","action":"change-status","newStatus":"draft","terms":[],"taxonomy":"category","extraData":[]},"publishpress_future_workflow_manual_trigger":{"enabledWorkflows":[]},"wpml_current_locale":"fr_FR","wpml_translations":{"it_IT":{"locale":"it_IT","id":396251,"slug":"i-biologici-anti-il-5-5r%ce%b1-impressionano-nel-mondo-reale","post_title":"I biologici anti-IL-5\/-5R\u03b1 impressionano nel mondo reale","href":"https:\/\/medizinonline.com\/it\/i-biologici-anti-il-5-5r%ce%b1-impressionano-nel-mondo-reale\/"},"pt_PT":{"locale":"pt_PT","id":396259,"slug":"os-produtos-biologicos-anti-il-5-5r%ce%b1-impressionam-no-mundo-real","post_title":"Os produtos biol\u00f3gicos anti-IL-5\/-5R\u03b1 impressionam no mundo real","href":"https:\/\/medizinonline.com\/pt-pt\/os-produtos-biologicos-anti-il-5-5r%ce%b1-impressionam-no-mundo-real\/"},"es_ES":{"locale":"es_ES","id":396282,"slug":"los-biologicos-anti-il-5-5r%ce%b1-impresionan-en-el-mundo-real","post_title":"Los biol\u00f3gicos anti-IL-5\/-5R\u03b1 impresionan en el mundo real","href":"https:\/\/medizinonline.com\/es\/los-biologicos-anti-il-5-5r%ce%b1-impresionan-en-el-mundo-real\/"}},"_links":{"self":[{"href":"https:\/\/medizinonline.com\/fr\/wp-json\/wp\/v2\/posts\/396285","targetHints":{"allow":["GET"]}}],"collection":[{"href":"https:\/\/medizinonline.com\/fr\/wp-json\/wp\/v2\/posts"}],"about":[{"href":"https:\/\/medizinonline.com\/fr\/wp-json\/wp\/v2\/types\/post"}],"author":[{"embeddable":true,"href":"https:\/\/medizinonline.com\/fr\/wp-json\/wp\/v2\/users\/7"}],"replies":[{"embeddable":true,"href":"https:\/\/medizinonline.com\/fr\/wp-json\/wp\/v2\/comments?post=396285"}],"version-history":[{"count":2,"href":"https:\/\/medizinonline.com\/fr\/wp-json\/wp\/v2\/posts\/396285\/revisions"}],"predecessor-version":[{"id":398423,"href":"https:\/\/medizinonline.com\/fr\/wp-json\/wp\/v2\/posts\/396285\/revisions\/398423"}],"wp:featuredmedia":[{"embeddable":true,"href":"https:\/\/medizinonline.com\/fr\/wp-json\/wp\/v2\/media\/396286"}],"wp:attachment":[{"href":"https:\/\/medizinonline.com\/fr\/wp-json\/wp\/v2\/media?parent=396285"}],"wp:term":[{"taxonomy":"category","embeddable":true,"href":"https:\/\/medizinonline.com\/fr\/wp-json\/wp\/v2\/category?post=396285"},{"taxonomy":"post_tag","embeddable":true,"href":"https:\/\/medizinonline.com\/fr\/wp-json\/wp\/v2\/tags?post=396285"},{"taxonomy":"powerkit_post_featured","embeddable":true,"href":"https:\/\/medizinonline.com\/fr\/wp-json\/wp\/v2\/powerkit_post_featured?post=396285"}],"curies":[{"name":"wp","href":"https:\/\/api.w.org\/{rel}","templated":true}]}}