{"id":397395,"date":"2025-03-23T01:05:00","date_gmt":"2025-03-23T00:05:00","guid":{"rendered":"https:\/\/medizinonline.com\/dans-quels-cas-lantibiotherapie-est-elle-obsolete\/"},"modified":"2025-03-23T09:17:03","modified_gmt":"2025-03-23T08:17:03","slug":"dans-quels-cas-lantibiotherapie-est-elle-obsolete","status":"publish","type":"post","link":"https:\/\/medizinonline.com\/fr\/dans-quels-cas-lantibiotherapie-est-elle-obsolete\/","title":{"rendered":"Dans quels cas l&#8217;antibioth\u00e9rapie est-elle obsol\u00e8te ?"},"content":{"rendered":"\n<p><strong>Aujourd&#8217;hui, le principe est que l&#8217;administration d&#8217;antibiotiques doit \u00eatre soigneusement pes\u00e9e. Si la scarlatine, par exemple, n\u00e9cessite un traitement antibiotique, de nombreuses autres maladies respiratoires peuvent \u00eatre trait\u00e9es sans antibiotiques. Outre la question de savoir si les agents pathog\u00e8nes sont r\u00e9ellement bact\u00e9riens, l&#8217;\u00e9tat g\u00e9n\u00e9ral du patient est \u00e9galement d\u00e9terminant. Si l&#8217;on opte pour une antibioth\u00e9rapie, il convient de le faire dans le respect des recommandations actuelles des lignes directrices et de mani\u00e8re aussi br\u00e8ve et \u00e9troite que possible.     <\/strong><\/p>\n\n<div class=\"pmpro\"><div class=\"pmpro_card pmpro_content_message\"><div class=\"pmpro_card_content\">Dieser Inhalt ist nur f\u00fcr Benutzer der Gruppe: Medizinische Fachperson zug\u00e4nglich <br \/><a href=\"https:\/\/medizinonline.com\/fr\/mon-compte\/paquets\/\">Jetzt beitreten<\/a><\/div><div class=\"pmpro_card_actions pmpro_font-medium\">Already a member? <a href=\"https:\/\/medizinonline.com\/fr\/se-connecter\/?redirect_to=https%3A%2F%2Fmedizinonline.com%2Ffr%2Fdans-quels-cas-lantibiotherapie-est-elle-obsolete%2F\">Connectez-vous ici<\/a><\/div><\/div><\/div>","protected":false},"excerpt":{"rendered":"<p>Aujourd&#8217;hui, le principe est que l&#8217;administration d&#8217;antibiotiques doit \u00eatre soigneusement pes\u00e9e. Si la scarlatine, par exemple, n\u00e9cessite un traitement antibiotique, de nombreuses autres maladies respiratoires peuvent \u00eatre trait\u00e9es sans antibiotiques&#8230;.&hellip;... <\/p>\n<div class=\"pmpro\"><div class=\"pmpro_card pmpro_content_message\"><div class=\"pmpro_card_content\">Dieser Inhalt ist nur f\u00fcr Benutzer der Gruppe: Medizinische Fachperson zug\u00e4nglich <br \/><a href=\"https:\/\/medizinonline.com\/fr\/mon-compte\/paquets\/\">Jetzt beitreten<\/a><\/div><div class=\"pmpro_card_actions pmpro_font-medium\">Already a member? <a href=\"https:\/\/medizinonline.com\/fr\/se-connecter\/?redirect_to=https%3A%2F%2Fmedizinonline.com%2Ffr%2Fdans-quels-cas-lantibiotherapie-est-elle-obsolete%2F\">Connectez-vous ici<\/a><\/div><\/div><\/div>","protected":false},"author":7,"featured_media":397396,"comment_status":"closed","ping_status":"closed","sticky":false,"template":"","format":"standard","meta":{"_acf_changed":false,"pmpro_default_level":"","cat_1_feature_home_top":false,"cat_2_editor_pick":false,"csco_eyebrow_text":"Infections respiratoires chez les enfants","footnotes":""},"category":[11549,11428,11315,11448,11458,11477,11535],"tags":[17287,12235,25776,26163,82039,54449,12579,82038,14676],"powerkit_post_featured":[],"class_list":["post-397395","post","type-post","status-publish","format-standard","has-post-thumbnail","category-rx-fr","category-infectiologie","category-medecine-interne-generale","category-orl-fr","category-pediatrie","category-pneumologie-fr","category-rapports-de-congres","tag-antibiotherapie","tag-antibiotiques","tag-bronchite","tag-ecarlate","tag-infections-respiratoires-chez-les-enfants","tag-laryngite","tag-lignes-directrices","tag-pseudo-croup-fr","tag-streptocoques","pmpro-level-required","pmpro-level-1","pmpro-no-access"],"acf":[],"publishpress_future_action":{"enabled":false,"date":"2026-05-02 08:22:20","action":"change-status","newStatus":"draft","terms":[],"taxonomy":"category","extraData":[]},"publishpress_future_workflow_manual_trigger":{"enabledWorkflows":[]},"wpml_current_locale":"fr_FR","wpml_translations":{"it_IT":{"locale":"it_IT","id":397392,"slug":"in-quali-casi-il-trattamento-antibiotico-e-obsoleto","post_title":"In quali casi il trattamento antibiotico \u00e8 obsoleto?","href":"https:\/\/medizinonline.com\/it\/in-quali-casi-il-trattamento-antibiotico-e-obsoleto\/"},"pt_PT":{"locale":"pt_PT","id":397388,"slug":"em-que-casos-e-que-o-tratamento-com-antibioticos-e-obsoleto","post_title":"Em que casos \u00e9 que o tratamento com antibi\u00f3ticos \u00e9 obsoleto?","href":"https:\/\/medizinonline.com\/pt-pt\/em-que-casos-e-que-o-tratamento-com-antibioticos-e-obsoleto\/"},"es_ES":{"locale":"es_ES","id":397385,"slug":"en-que-casos-esta-obsoleto-el-tratamiento-antibiotico","post_title":"\u00bfEn qu\u00e9 casos est\u00e1 obsoleto el tratamiento antibi\u00f3tico?","href":"https:\/\/medizinonline.com\/es\/en-que-casos-esta-obsoleto-el-tratamiento-antibiotico\/"}},"_links":{"self":[{"href":"https:\/\/medizinonline.com\/fr\/wp-json\/wp\/v2\/posts\/397395","targetHints":{"allow":["GET"]}}],"collection":[{"href":"https:\/\/medizinonline.com\/fr\/wp-json\/wp\/v2\/posts"}],"about":[{"href":"https:\/\/medizinonline.com\/fr\/wp-json\/wp\/v2\/types\/post"}],"author":[{"embeddable":true,"href":"https:\/\/medizinonline.com\/fr\/wp-json\/wp\/v2\/users\/7"}],"replies":[{"embeddable":true,"href":"https:\/\/medizinonline.com\/fr\/wp-json\/wp\/v2\/comments?post=397395"}],"version-history":[{"count":3,"href":"https:\/\/medizinonline.com\/fr\/wp-json\/wp\/v2\/posts\/397395\/revisions"}],"predecessor-version":[{"id":397699,"href":"https:\/\/medizinonline.com\/fr\/wp-json\/wp\/v2\/posts\/397395\/revisions\/397699"}],"wp:featuredmedia":[{"embeddable":true,"href":"https:\/\/medizinonline.com\/fr\/wp-json\/wp\/v2\/media\/397396"}],"wp:attachment":[{"href":"https:\/\/medizinonline.com\/fr\/wp-json\/wp\/v2\/media?parent=397395"}],"wp:term":[{"taxonomy":"category","embeddable":true,"href":"https:\/\/medizinonline.com\/fr\/wp-json\/wp\/v2\/category?post=397395"},{"taxonomy":"post_tag","embeddable":true,"href":"https:\/\/medizinonline.com\/fr\/wp-json\/wp\/v2\/tags?post=397395"},{"taxonomy":"powerkit_post_featured","embeddable":true,"href":"https:\/\/medizinonline.com\/fr\/wp-json\/wp\/v2\/powerkit_post_featured?post=397395"}],"curies":[{"name":"wp","href":"https:\/\/api.w.org\/{rel}","templated":true}]}}