{"id":398756,"date":"2025-05-12T14:05:00","date_gmt":"2025-05-12T12:05:00","guid":{"rendered":"https:\/\/medizinonline.com\/?p=398756"},"modified":"2025-05-12T14:25:05","modified_gmt":"2025-05-12T12:25:05","slug":"maladie-de-stargardt-une-etude-de-therapie-genique-pionniere-donne-de-lespoir","status":"publish","type":"post","link":"https:\/\/medizinonline.com\/fr\/maladie-de-stargardt-une-etude-de-therapie-genique-pionniere-donne-de-lespoir\/","title":{"rendered":"Maladie de Stargardt : une \u00e9tude de th\u00e9rapie g\u00e9nique pionni\u00e8re donne de l&#8217;espoir"},"content":{"rendered":"\n<p><strong>La maladie de Stargardt se caract\u00e9rise par une d\u00e9g\u00e9n\u00e9rescence maculaire et une c\u00e9cit\u00e9 dues \u00e0 des mutations &#8220;loss of function&#8221; dans le g\u00e8ne ABCA4. Une \u00e9quipe dirig\u00e9e par des chercheurs de l&#8217;Universit\u00e9 de B\u00e2le a d\u00e9velopp\u00e9 une nouvelle approche th\u00e9rapeutique prometteuse. Dans leur \u00e9tude, ils ont pu d\u00e9montrer une correction pr\u00e9cise du g\u00e8ne gr\u00e2ce au &#8220;base editing&#8221;. Les r\u00e9sultats ont \u00e9t\u00e9 publi\u00e9s dans la revue <em>Nature Medicine<\/em>.   <\/strong><\/p>\n\n<div class=\"pmpro\"><div class=\"pmpro_card pmpro_content_message\"><div class=\"pmpro_card_content\">Dieser Inhalt ist nur f\u00fcr Benutzer der Gruppe: Medizinische Fachperson zug\u00e4nglich <br \/><a href=\"https:\/\/medizinonline.com\/fr\/mon-compte\/paquets\/\">Jetzt beitreten<\/a><\/div><div class=\"pmpro_card_actions pmpro_font-medium\">Already a member? <a href=\"https:\/\/medizinonline.com\/fr\/se-connecter\/?redirect_to=https%3A%2F%2Fmedizinonline.com%2Ffr%2Fmaladie-de-stargardt-une-etude-de-therapie-genique-pionniere-donne-de-lespoir%2F\">Connectez-vous ici<\/a><\/div><\/div><\/div>","protected":false},"excerpt":{"rendered":"<p>La maladie de Stargardt se caract\u00e9rise par une d\u00e9g\u00e9n\u00e9rescence maculaire et une c\u00e9cit\u00e9 dues \u00e0 des mutations &#8220;loss of function&#8221; dans le g\u00e8ne ABCA4. Une \u00e9quipe dirig\u00e9e par des chercheurs&#8230;&hellip;... <\/p>\n<div class=\"pmpro\"><div class=\"pmpro_card pmpro_content_message\"><div class=\"pmpro_card_content\">Dieser Inhalt ist nur f\u00fcr Benutzer der Gruppe: Medizinische Fachperson zug\u00e4nglich <br \/><a href=\"https:\/\/medizinonline.com\/fr\/mon-compte\/paquets\/\">Jetzt beitreten<\/a><\/div><div class=\"pmpro_card_actions pmpro_font-medium\">Already a member? <a href=\"https:\/\/medizinonline.com\/fr\/se-connecter\/?redirect_to=https%3A%2F%2Fmedizinonline.com%2Ffr%2Fmaladie-de-stargardt-une-etude-de-therapie-genique-pionniere-donne-de-lespoir%2F\">Connectez-vous ici<\/a><\/div><\/div><\/div>","protected":false},"author":7,"featured_media":398763,"comment_status":"closed","ping_status":"closed","sticky":false,"template":"","format":"standard","meta":{"_acf_changed":false,"pmpro_default_level":"","cat_1_feature_home_top":false,"cat_2_editor_pick":false,"csco_eyebrow_text":"Journal Club","footnotes":""},"category":[11527,11531,11417,11315,11444,11549],"tags":[82176,27107,82175],"powerkit_post_featured":[],"class_list":["post-398756","post","type-post","status-publish","format-standard","has-post-thumbnail","category-etudes","category-formation-continue","category-genetique","category-medecine-interne-generale","category-ophtalmologie","category-rx-fr","tag-cecite-fr","tag-degenerescence-maculaire","tag-maladie-de-stargardt","pmpro-level-required","pmpro-level-1","pmpro-no-access"],"acf":[],"publishpress_future_action":{"enabled":false,"date":"2026-05-07 15:43:24","action":"change-status","newStatus":"draft","terms":[],"taxonomy":"category","extraData":[]},"publishpress_future_workflow_manual_trigger":{"enabledWorkflows":[]},"wpml_current_locale":"fr_FR","wpml_translations":{"it_IT":{"locale":"it_IT","id":398768,"slug":"malattia-di-stargardt-un-innovativo-studio-di-terapia-genica-da-speranza","post_title":"Malattia di Stargardt: un innovativo studio di terapia genica d\u00e0 speranza","href":"https:\/\/medizinonline.com\/it\/malattia-di-stargardt-un-innovativo-studio-di-terapia-genica-da-speranza\/"},"pt_PT":{"locale":"pt_PT","id":398775,"slug":"doenca-de-stargardt-estudo-inovador-de-terapia-genetica-da-esperanca","post_title":"Doen\u00e7a de Stargardt: estudo inovador de terapia gen\u00e9tica d\u00e1 esperan\u00e7a","href":"https:\/\/medizinonline.com\/pt-pt\/doenca-de-stargardt-estudo-inovador-de-terapia-genetica-da-esperanca\/"},"es_ES":{"locale":"es_ES","id":398754,"slug":"enfermedad-de-stargardt-un-innovador-estudio-de-terapia-genica-da-esperanzas","post_title":"Enfermedad de Stargardt: un innovador estudio de terapia g\u00e9nica da esperanzas","href":"https:\/\/medizinonline.com\/es\/enfermedad-de-stargardt-un-innovador-estudio-de-terapia-genica-da-esperanzas\/"}},"_links":{"self":[{"href":"https:\/\/medizinonline.com\/fr\/wp-json\/wp\/v2\/posts\/398756","targetHints":{"allow":["GET"]}}],"collection":[{"href":"https:\/\/medizinonline.com\/fr\/wp-json\/wp\/v2\/posts"}],"about":[{"href":"https:\/\/medizinonline.com\/fr\/wp-json\/wp\/v2\/types\/post"}],"author":[{"embeddable":true,"href":"https:\/\/medizinonline.com\/fr\/wp-json\/wp\/v2\/users\/7"}],"replies":[{"embeddable":true,"href":"https:\/\/medizinonline.com\/fr\/wp-json\/wp\/v2\/comments?post=398756"}],"version-history":[{"count":1,"href":"https:\/\/medizinonline.com\/fr\/wp-json\/wp\/v2\/posts\/398756\/revisions"}],"predecessor-version":[{"id":398766,"href":"https:\/\/medizinonline.com\/fr\/wp-json\/wp\/v2\/posts\/398756\/revisions\/398766"}],"wp:featuredmedia":[{"embeddable":true,"href":"https:\/\/medizinonline.com\/fr\/wp-json\/wp\/v2\/media\/398763"}],"wp:attachment":[{"href":"https:\/\/medizinonline.com\/fr\/wp-json\/wp\/v2\/media?parent=398756"}],"wp:term":[{"taxonomy":"category","embeddable":true,"href":"https:\/\/medizinonline.com\/fr\/wp-json\/wp\/v2\/category?post=398756"},{"taxonomy":"post_tag","embeddable":true,"href":"https:\/\/medizinonline.com\/fr\/wp-json\/wp\/v2\/tags?post=398756"},{"taxonomy":"powerkit_post_featured","embeddable":true,"href":"https:\/\/medizinonline.com\/fr\/wp-json\/wp\/v2\/powerkit_post_featured?post=398756"}],"curies":[{"name":"wp","href":"https:\/\/api.w.org\/{rel}","templated":true}]}}