{"id":399726,"date":"2025-05-16T01:05:00","date_gmt":"2025-05-15T23:05:00","guid":{"rendered":"https:\/\/medizinonline.com\/?p=399726"},"modified":"2025-05-16T07:42:34","modified_gmt":"2025-05-16T05:42:34","slug":"les-hommes-blancs-ages-sont-ils-favorises","status":"publish","type":"post","link":"https:\/\/medizinonline.com\/fr\/les-hommes-blancs-ages-sont-ils-favorises\/","title":{"rendered":"Les hommes blancs \u00e2g\u00e9s sont-ils favoris\u00e9s ?"},"content":{"rendered":"\n<p><strong>Malgr\u00e9 des recommandations concordantes et des preuves cliniques de plus en plus nombreuses, les traitements SGLT2i et GLP1-RA tardent \u00e0 \u00eatre adopt\u00e9s par les personnes atteintes de diab\u00e8te de type 2 et de comorbidit\u00e9s cardiaques. M\u00eame chez ceux qui commencent un traitement de deuxi\u00e8me ligne, les diff\u00e9rences ethniques sont encore relativement peu \u00e9tudi\u00e9es. Un oubli, car les groupes ethniques minoritaires pr\u00e9sentent des taux de morbidit\u00e9 et de mortalit\u00e9 plus \u00e9lev\u00e9s li\u00e9s au diab\u00e8te de type 2.  <\/strong><\/p>\n\n<div class=\"pmpro\"><div class=\"pmpro_card pmpro_content_message\"><div class=\"pmpro_card_content\">Dieser Inhalt ist nur f\u00fcr Benutzer der Gruppe: Medizinische Fachperson zug\u00e4nglich <br \/><a href=\"https:\/\/medizinonline.com\/fr\/mon-compte\/paquets\/\">Jetzt beitreten<\/a><\/div><div class=\"pmpro_card_actions pmpro_font-medium\">Already a member? <a href=\"https:\/\/medizinonline.com\/fr\/se-connecter\/?redirect_to=https%3A%2F%2Fmedizinonline.com%2Ffr%2Fles-hommes-blancs-ages-sont-ils-favorises%2F\">Connectez-vous ici<\/a><\/div><\/div><\/div>","protected":false},"excerpt":{"rendered":"<p>Malgr\u00e9 des recommandations concordantes et des preuves cliniques de plus en plus nombreuses, les traitements SGLT2i et GLP1-RA tardent \u00e0 \u00eatre adopt\u00e9s par les personnes atteintes de diab\u00e8te de type&#8230;&hellip;... <\/p>\n<div class=\"pmpro\"><div class=\"pmpro_card pmpro_content_message\"><div class=\"pmpro_card_content\">Dieser Inhalt ist nur f\u00fcr Benutzer der Gruppe: Medizinische Fachperson zug\u00e4nglich <br \/><a href=\"https:\/\/medizinonline.com\/fr\/mon-compte\/paquets\/\">Jetzt beitreten<\/a><\/div><div class=\"pmpro_card_actions pmpro_font-medium\">Already a member? <a href=\"https:\/\/medizinonline.com\/fr\/se-connecter\/?redirect_to=https%3A%2F%2Fmedizinonline.com%2Ffr%2Fles-hommes-blancs-ages-sont-ils-favorises%2F\">Connectez-vous ici<\/a><\/div><\/div><\/div>","protected":false},"author":7,"featured_media":399728,"comment_status":"closed","ping_status":"closed","sticky":false,"template":"","format":"standard","meta":{"_acf_changed":false,"pmpro_default_level":"","cat_1_feature_home_top":false,"cat_2_editor_pick":false,"csco_eyebrow_text":"Inhibiteurs de SGLT2 et GLP1-RA","footnotes":""},"category":[11378,11404,11527,11531,11549],"tags":[82617,82615,12050,33431,82618,82616,62760],"powerkit_post_featured":[],"class_list":["post-399726","post","type-post","status-publish","format-standard","has-post-thumbnail","category-cardiologie","category-endocrinologie-et-diabetologie","category-etudes","category-formation-continue","category-rx-fr","tag-antagonistes-du-recepteur-glp1","tag-comorbidites-cardiorespiratoires","tag-diabete-de-type-2","tag-inhibiteurs-de-sglt2-fr","tag-les-differences-ethniques","tag-taux-de-mortalite-fr","tag-therapie-contre-le-diabete","pmpro-level-required","pmpro-level-1","pmpro-no-access"],"acf":[],"publishpress_future_action":{"enabled":false,"date":"2026-05-03 15:39:10","action":"change-status","newStatus":"draft","terms":[],"taxonomy":"category","extraData":[]},"publishpress_future_workflow_manual_trigger":{"enabledWorkflows":[]},"wpml_current_locale":"fr_FR","wpml_translations":{"it_IT":{"locale":"it_IT","id":399713,"slug":"gli-uomini-anziani-e-bianchi-sono-favoriti","post_title":"Gli uomini anziani e bianchi sono favoriti?","href":"https:\/\/medizinonline.com\/it\/gli-uomini-anziani-e-bianchi-sono-favoriti\/"},"pt_PT":{"locale":"pt_PT","id":399718,"slug":"os-homens-velhos-e-brancos-sao-favorecidos","post_title":"Os homens velhos e brancos s\u00e3o favorecidos?","href":"https:\/\/medizinonline.com\/pt-pt\/os-homens-velhos-e-brancos-sao-favorecidos\/"},"es_ES":{"locale":"es_ES","id":399714,"slug":"se-favorece-a-los-hombres-viejos-y-blancos","post_title":"\u00bfSe favorece a los hombres viejos y blancos?","href":"https:\/\/medizinonline.com\/es\/se-favorece-a-los-hombres-viejos-y-blancos\/"}},"_links":{"self":[{"href":"https:\/\/medizinonline.com\/fr\/wp-json\/wp\/v2\/posts\/399726","targetHints":{"allow":["GET"]}}],"collection":[{"href":"https:\/\/medizinonline.com\/fr\/wp-json\/wp\/v2\/posts"}],"about":[{"href":"https:\/\/medizinonline.com\/fr\/wp-json\/wp\/v2\/types\/post"}],"author":[{"embeddable":true,"href":"https:\/\/medizinonline.com\/fr\/wp-json\/wp\/v2\/users\/7"}],"replies":[{"embeddable":true,"href":"https:\/\/medizinonline.com\/fr\/wp-json\/wp\/v2\/comments?post=399726"}],"version-history":[{"count":1,"href":"https:\/\/medizinonline.com\/fr\/wp-json\/wp\/v2\/posts\/399726\/revisions"}],"predecessor-version":[{"id":399730,"href":"https:\/\/medizinonline.com\/fr\/wp-json\/wp\/v2\/posts\/399726\/revisions\/399730"}],"wp:featuredmedia":[{"embeddable":true,"href":"https:\/\/medizinonline.com\/fr\/wp-json\/wp\/v2\/media\/399728"}],"wp:attachment":[{"href":"https:\/\/medizinonline.com\/fr\/wp-json\/wp\/v2\/media?parent=399726"}],"wp:term":[{"taxonomy":"category","embeddable":true,"href":"https:\/\/medizinonline.com\/fr\/wp-json\/wp\/v2\/category?post=399726"},{"taxonomy":"post_tag","embeddable":true,"href":"https:\/\/medizinonline.com\/fr\/wp-json\/wp\/v2\/tags?post=399726"},{"taxonomy":"powerkit_post_featured","embeddable":true,"href":"https:\/\/medizinonline.com\/fr\/wp-json\/wp\/v2\/powerkit_post_featured?post=399726"}],"curies":[{"name":"wp","href":"https:\/\/api.w.org\/{rel}","templated":true}]}}