{"id":399969,"date":"2025-05-31T14:05:00","date_gmt":"2025-05-31T12:05:00","guid":{"rendered":"https:\/\/medizinonline.com\/?p=399969"},"modified":"2025-05-31T13:04:33","modified_gmt":"2025-05-31T11:04:33","slug":"la-migraine-chez-les-hommes-sous-diagnostiquee-sous-estimee-sous-etudiee","status":"publish","type":"post","link":"https:\/\/medizinonline.com\/fr\/la-migraine-chez-les-hommes-sous-diagnostiquee-sous-estimee-sous-etudiee\/","title":{"rendered":"La migraine chez les hommes : sous-diagnostiqu\u00e9e, sous-estim\u00e9e, sous-\u00e9tudi\u00e9e"},"content":{"rendered":"\n<p><strong>La migraine est une c\u00e9phal\u00e9e primaire \u00e0 forte pr\u00e9valence dont les diff\u00e9rences entre les sexes ont jusqu&#8217;\u00e0 pr\u00e9sent surtout \u00e9t\u00e9 consid\u00e9r\u00e9es en fonction des femmes. Pourtant, la migraine chez les hommes pr\u00e9sente des caract\u00e9ristiques particuli\u00e8res, tant au niveau des sympt\u00f4mes, des comorbidit\u00e9s et de la gestion de la douleur que de la r\u00e9ponse aux traitements. Cet article fait le point sur les connaissances actuelles sur la migraine chez les hommes, souligne le r\u00f4le des facteurs biologiques et sociaux et plaide pour une meilleure prise en compte des patients masculins dans le diagnostic, le traitement et la recherche.  <\/strong><\/p>\n\n<div class=\"pmpro\"><div class=\"pmpro_card pmpro_content_message\"><div class=\"pmpro_card_content\">Dieser Inhalt ist nur f\u00fcr Benutzer der Gruppe: Medizinische Fachperson zug\u00e4nglich <br \/><a href=\"https:\/\/medizinonline.com\/fr\/mon-compte\/paquets\/\">Jetzt beitreten<\/a><\/div><div class=\"pmpro_card_actions pmpro_font-medium\">Already a member? <a href=\"https:\/\/medizinonline.com\/fr\/se-connecter\/?redirect_to=https%3A%2F%2Fmedizinonline.com%2Ffr%2Fla-migraine-chez-les-hommes-sous-diagnostiquee-sous-estimee-sous-etudiee%2F\">Connectez-vous ici<\/a><\/div><\/div><\/div>","protected":false},"excerpt":{"rendered":"<p>La migraine est une c\u00e9phal\u00e9e primaire \u00e0 forte pr\u00e9valence dont les diff\u00e9rences entre les sexes ont jusqu&#8217;\u00e0 pr\u00e9sent surtout \u00e9t\u00e9 consid\u00e9r\u00e9es en fonction des femmes. Pourtant, la migraine chez les&#8230;&hellip;... <\/p>\n<div class=\"pmpro\"><div class=\"pmpro_card pmpro_content_message\"><div class=\"pmpro_card_content\">Dieser Inhalt ist nur f\u00fcr Benutzer der Gruppe: Medizinische Fachperson zug\u00e4nglich <br \/><a href=\"https:\/\/medizinonline.com\/fr\/mon-compte\/paquets\/\">Jetzt beitreten<\/a><\/div><div class=\"pmpro_card_actions pmpro_font-medium\">Already a member? <a href=\"https:\/\/medizinonline.com\/fr\/se-connecter\/?redirect_to=https%3A%2F%2Fmedizinonline.com%2Ffr%2Fla-migraine-chez-les-hommes-sous-diagnostiquee-sous-estimee-sous-etudiee%2F\">Connectez-vous ici<\/a><\/div><\/div><\/div>","protected":false},"author":7,"featured_media":399970,"comment_status":"closed","ping_status":"closed","sticky":false,"template":"","format":"standard","meta":{"_acf_changed":false,"pmpro_default_level":"","cat_1_feature_home_top":false,"cat_2_editor_pick":false,"csco_eyebrow_text":"Plaidoyer pour une neurologie sp\u00e9cifique au sexe","footnotes":""},"category":[11527,11531,11383,11549],"tags":[],"powerkit_post_featured":[],"class_list":["post-399969","post","type-post","status-publish","format-standard","has-post-thumbnail","category-etudes","category-formation-continue","category-neurologie-fr","category-rx-fr","pmpro-level-required","pmpro-level-1","pmpro-no-access"],"acf":[],"publishpress_future_action":{"enabled":false,"date":"2026-05-04 10:54:35","action":"change-status","newStatus":"draft","terms":[],"taxonomy":"category","extraData":[]},"publishpress_future_workflow_manual_trigger":{"enabledWorkflows":[]},"wpml_current_locale":"fr_FR","wpml_translations":{"it_IT":{"locale":"it_IT","id":399973,"slug":"emicrania-negli-uomini-sottodiagnosticata-sottovalutata-poco-studiata","post_title":"Emicrania negli uomini: sottodiagnosticata, sottovalutata, poco studiata","href":"https:\/\/medizinonline.com\/it\/emicrania-negli-uomini-sottodiagnosticata-sottovalutata-poco-studiata\/"},"pt_PT":{"locale":"pt_PT","id":399960,"slug":"enxaqueca-nos-homens-subdiagnosticada-subestimada-pouco-estudada","post_title":"Enxaqueca nos homens: subdiagnosticada, subestimada, pouco estudada","href":"https:\/\/medizinonline.com\/pt-pt\/enxaqueca-nos-homens-subdiagnosticada-subestimada-pouco-estudada\/"},"es_ES":{"locale":"es_ES","id":399962,"slug":"la-migrana-en-los-hombres-infradiagnosticada-subestimada-poco-investigada","post_title":"La migra\u00f1a en los hombres: infradiagnosticada, subestimada, poco investigada","href":"https:\/\/medizinonline.com\/es\/la-migrana-en-los-hombres-infradiagnosticada-subestimada-poco-investigada\/"}},"_links":{"self":[{"href":"https:\/\/medizinonline.com\/fr\/wp-json\/wp\/v2\/posts\/399969","targetHints":{"allow":["GET"]}}],"collection":[{"href":"https:\/\/medizinonline.com\/fr\/wp-json\/wp\/v2\/posts"}],"about":[{"href":"https:\/\/medizinonline.com\/fr\/wp-json\/wp\/v2\/types\/post"}],"author":[{"embeddable":true,"href":"https:\/\/medizinonline.com\/fr\/wp-json\/wp\/v2\/users\/7"}],"replies":[{"embeddable":true,"href":"https:\/\/medizinonline.com\/fr\/wp-json\/wp\/v2\/comments?post=399969"}],"version-history":[{"count":1,"href":"https:\/\/medizinonline.com\/fr\/wp-json\/wp\/v2\/posts\/399969\/revisions"}],"predecessor-version":[{"id":399971,"href":"https:\/\/medizinonline.com\/fr\/wp-json\/wp\/v2\/posts\/399969\/revisions\/399971"}],"wp:featuredmedia":[{"embeddable":true,"href":"https:\/\/medizinonline.com\/fr\/wp-json\/wp\/v2\/media\/399970"}],"wp:attachment":[{"href":"https:\/\/medizinonline.com\/fr\/wp-json\/wp\/v2\/media?parent=399969"}],"wp:term":[{"taxonomy":"category","embeddable":true,"href":"https:\/\/medizinonline.com\/fr\/wp-json\/wp\/v2\/category?post=399969"},{"taxonomy":"post_tag","embeddable":true,"href":"https:\/\/medizinonline.com\/fr\/wp-json\/wp\/v2\/tags?post=399969"},{"taxonomy":"powerkit_post_featured","embeddable":true,"href":"https:\/\/medizinonline.com\/fr\/wp-json\/wp\/v2\/powerkit_post_featured?post=399969"}],"curies":[{"name":"wp","href":"https:\/\/api.w.org\/{rel}","templated":true}]}}