{"id":402739,"date":"2025-07-15T01:05:00","date_gmt":"2025-07-14T23:05:00","guid":{"rendered":"https:\/\/medizinonline.com\/focus-sur-de-nouvelles-approches-therapeutiques-anti-inflammatoires\/"},"modified":"2025-07-15T02:56:32","modified_gmt":"2025-07-15T00:56:32","slug":"focus-sur-de-nouvelles-approches-therapeutiques-anti-inflammatoires","status":"publish","type":"post","link":"https:\/\/medizinonline.com\/fr\/focus-sur-de-nouvelles-approches-therapeutiques-anti-inflammatoires\/","title":{"rendered":"Focus sur de nouvelles approches th\u00e9rapeutiques anti-inflammatoires"},"content":{"rendered":"\n<p><strong>Le prurit chronique est associ\u00e9 \u00e0 une souffrance consid\u00e9rable et peut survenir aussi bien dans le cadre de dermatoses classiques que comme sympt\u00f4me principal de nombreuses maladies internes. Le prurigo chronique associe des d\u00e9mangeaisons prolong\u00e9es \u00e0 des l\u00e9sions prurigineuses \u00e9tendues, ce qui est particuli\u00e8rement p\u00e9nible pour les personnes concern\u00e9es. Des traitements efficaces sont n\u00e9cessaires. Les recherches actuelles portent non seulement sur les interleukines et leurs r\u00e9cepteurs, mais aussi sur d&#8217;autres m\u00e9canismes de signalisation impliqu\u00e9s.     <\/strong><\/p>\n\n<div class=\"pmpro\"><div class=\"pmpro_card pmpro_content_message\"><div class=\"pmpro_card_content\">Dieser Inhalt ist nur f\u00fcr Benutzer der Gruppe: Medizinische Fachperson zug\u00e4nglich <br \/><a href=\"https:\/\/medizinonline.com\/fr\/mon-compte\/paquets\/\">Jetzt beitreten<\/a><\/div><div class=\"pmpro_card_actions pmpro_font-medium\">Already a member? <a href=\"https:\/\/medizinonline.com\/fr\/se-connecter\/?redirect_to=https%3A%2F%2Fmedizinonline.com%2Ffr%2Ffocus-sur-de-nouvelles-approches-therapeutiques-anti-inflammatoires%2F\">Connectez-vous ici<\/a><\/div><\/div><\/div>","protected":false},"excerpt":{"rendered":"<p>Le prurit chronique est associ\u00e9 \u00e0 une souffrance consid\u00e9rable et peut survenir aussi bien dans le cadre de dermatoses classiques que comme sympt\u00f4me principal de nombreuses maladies internes. Le prurigo&#8230;&hellip;... <\/p>\n<div class=\"pmpro\"><div class=\"pmpro_card pmpro_content_message\"><div class=\"pmpro_card_content\">Dieser Inhalt ist nur f\u00fcr Benutzer der Gruppe: Medizinische Fachperson zug\u00e4nglich <br \/><a href=\"https:\/\/medizinonline.com\/fr\/mon-compte\/paquets\/\">Jetzt beitreten<\/a><\/div><div class=\"pmpro_card_actions pmpro_font-medium\">Already a member? <a href=\"https:\/\/medizinonline.com\/fr\/se-connecter\/?redirect_to=https%3A%2F%2Fmedizinonline.com%2Ffr%2Ffocus-sur-de-nouvelles-approches-therapeutiques-anti-inflammatoires%2F\">Connectez-vous ici<\/a><\/div><\/div><\/div>","protected":false},"author":7,"featured_media":402744,"comment_status":"closed","ping_status":"closed","sticky":false,"template":"","format":"standard","meta":{"_acf_changed":false,"pmpro_default_level":"","cat_1_feature_home_top":false,"cat_2_editor_pick":false,"csco_eyebrow_text":"Prurit chronique : \u00ab tour d'horizon \u00bb.","footnotes":""},"category":[11349,11362,11527,11464,11535,11549],"tags":[83467,82320,9048,65362,83398,1927,65751,14321,83395,83396],"powerkit_post_featured":[],"class_list":["post-402739","post","type-post","status-publish","format-standard","has-post-thumbnail","category-allergologie-et-immunologie-clinique","category-dermatologie-et-venerologie","category-etudes","category-pharmacologie-et-toxicologie","category-rapports-de-congres","category-rx-fr","tag-approches-therapeutiques-anti-inflammatoires","tag-barzolvolimab","tag-dupilumab","tag-nemolizumab","tag-povorcitinib","tag-prurigo","tag-prurigo-nodulaire","tag-prurit-chronique","tag-tour-dhorizon","tag-vixarelimab","pmpro-level-required","pmpro-level-1","pmpro-no-access"],"acf":[],"publishpress_future_action":{"enabled":false,"date":"2026-05-02 07:33:59","action":"change-status","newStatus":"draft","terms":[],"taxonomy":"category","extraData":[]},"publishpress_future_workflow_manual_trigger":{"enabledWorkflows":[]},"wpml_current_locale":"fr_FR","wpml_translations":{"it_IT":{"locale":"it_IT","id":402742,"slug":"focus-sui-nuovi-approcci-terapeutici-antinfiammatori","post_title":"Focus sui nuovi approcci terapeutici antinfiammatori","href":"https:\/\/medizinonline.com\/it\/focus-sui-nuovi-approcci-terapeutici-antinfiammatori\/"},"pt_PT":{"locale":"pt_PT","id":402778,"slug":"foco-em-novas-abordagens-terapeuticas-anti-inflamatorias","post_title":"Foco em novas abordagens terap\u00eauticas anti-inflamat\u00f3rias","href":"https:\/\/medizinonline.com\/pt-pt\/foco-em-novas-abordagens-terapeuticas-anti-inflamatorias\/"},"es_ES":{"locale":"es_ES","id":402738,"slug":"centrarse-en-nuevos-enfoques-terapeuticos-antiinflamatorios","post_title":"Centrarse en nuevos enfoques terap\u00e9uticos antiinflamatorios","href":"https:\/\/medizinonline.com\/es\/centrarse-en-nuevos-enfoques-terapeuticos-antiinflamatorios\/"}},"_links":{"self":[{"href":"https:\/\/medizinonline.com\/fr\/wp-json\/wp\/v2\/posts\/402739","targetHints":{"allow":["GET"]}}],"collection":[{"href":"https:\/\/medizinonline.com\/fr\/wp-json\/wp\/v2\/posts"}],"about":[{"href":"https:\/\/medizinonline.com\/fr\/wp-json\/wp\/v2\/types\/post"}],"author":[{"embeddable":true,"href":"https:\/\/medizinonline.com\/fr\/wp-json\/wp\/v2\/users\/7"}],"replies":[{"embeddable":true,"href":"https:\/\/medizinonline.com\/fr\/wp-json\/wp\/v2\/comments?post=402739"}],"version-history":[{"count":2,"href":"https:\/\/medizinonline.com\/fr\/wp-json\/wp\/v2\/posts\/402739\/revisions"}],"predecessor-version":[{"id":405143,"href":"https:\/\/medizinonline.com\/fr\/wp-json\/wp\/v2\/posts\/402739\/revisions\/405143"}],"wp:featuredmedia":[{"embeddable":true,"href":"https:\/\/medizinonline.com\/fr\/wp-json\/wp\/v2\/media\/402744"}],"wp:attachment":[{"href":"https:\/\/medizinonline.com\/fr\/wp-json\/wp\/v2\/media?parent=402739"}],"wp:term":[{"taxonomy":"category","embeddable":true,"href":"https:\/\/medizinonline.com\/fr\/wp-json\/wp\/v2\/category?post=402739"},{"taxonomy":"post_tag","embeddable":true,"href":"https:\/\/medizinonline.com\/fr\/wp-json\/wp\/v2\/tags?post=402739"},{"taxonomy":"powerkit_post_featured","embeddable":true,"href":"https:\/\/medizinonline.com\/fr\/wp-json\/wp\/v2\/powerkit_post_featured?post=402739"}],"curies":[{"name":"wp","href":"https:\/\/api.w.org\/{rel}","templated":true}]}}