{"id":403674,"date":"2025-06-30T01:05:00","date_gmt":"2025-06-29T23:05:00","guid":{"rendered":"https:\/\/medizinonline.com\/?p=403674"},"modified":"2025-06-19T15:29:28","modified_gmt":"2025-06-19T13:29:28","slug":"ameliorations-dans-plusieurs-domaines-lies-a-la-vie-quotidienne","status":"publish","type":"post","link":"https:\/\/medizinonline.com\/fr\/ameliorations-dans-plusieurs-domaines-lies-a-la-vie-quotidienne\/","title":{"rendered":"Am\u00e9liorations dans plusieurs domaines li\u00e9s \u00e0 la vie quotidienne"},"content":{"rendered":"\n<p><strong>Il existe un besoin de traitements efficaces et bien tol\u00e9r\u00e9s qui peuvent \u00eatre utilis\u00e9s d\u00e8s les premiers stades de la d\u00e9mence. Dans l&#8217;ensemble, les \u00e9tudes sugg\u00e8rent que la prise d&#8217;un extrait de ginkgo standardis\u00e9 et propri\u00e9taire peut \u00eatre une intervention efficace pour la pr\u00e9vention primaire et secondaire des troubles cognitifs et de la d\u00e9mence l\u00e9g\u00e8re \u00e0 mod\u00e9r\u00e9e. Pour confirmer l&#8217;efficacit\u00e9 chez les patients atteints de d\u00e9mence l\u00e9g\u00e8re, Riepe et al. ont r\u00e9alis\u00e9 une m\u00e9ta-analyse.   <\/strong><\/p>\n\n<div class=\"pmpro\"><div class=\"pmpro_card pmpro_content_message\"><div class=\"pmpro_card_content\">Dieser Inhalt ist nur f\u00fcr Benutzer der Gruppe: Medizinische Fachperson zug\u00e4nglich <br \/><a href=\"https:\/\/medizinonline.com\/fr\/mon-compte\/paquets\/\">Jetzt beitreten<\/a><\/div><div class=\"pmpro_card_actions pmpro_font-medium\">Already a member? <a href=\"https:\/\/medizinonline.com\/fr\/se-connecter\/?redirect_to=https%3A%2F%2Fmedizinonline.com%2Ffr%2Fameliorations-dans-plusieurs-domaines-lies-a-la-vie-quotidienne%2F\">Connectez-vous ici<\/a><\/div><\/div><\/div>","protected":false},"excerpt":{"rendered":"<p>Il existe un besoin de traitements efficaces et bien tol\u00e9r\u00e9s qui peuvent \u00eatre utilis\u00e9s d\u00e8s les premiers stades de la d\u00e9mence. Dans l&#8217;ensemble, les \u00e9tudes sugg\u00e8rent que la prise d&#8217;un&#8230;&hellip;... <\/p>\n<div class=\"pmpro\"><div class=\"pmpro_card pmpro_content_message\"><div class=\"pmpro_card_content\">Dieser Inhalt ist nur f\u00fcr Benutzer der Gruppe: Medizinische Fachperson zug\u00e4nglich <br \/><a href=\"https:\/\/medizinonline.com\/fr\/mon-compte\/paquets\/\">Jetzt beitreten<\/a><\/div><div class=\"pmpro_card_actions pmpro_font-medium\">Already a member? <a href=\"https:\/\/medizinonline.com\/fr\/se-connecter\/?redirect_to=https%3A%2F%2Fmedizinonline.com%2Ffr%2Fameliorations-dans-plusieurs-domaines-lies-a-la-vie-quotidienne%2F\">Connectez-vous ici<\/a><\/div><\/div><\/div>","protected":false},"author":7,"featured_media":401364,"comment_status":"closed","ping_status":"closed","sticky":false,"template":"","format":"standard","meta":{"_acf_changed":false,"pmpro_default_level":"","cat_1_feature_home_top":false,"cat_2_editor_pick":false,"csco_eyebrow_text":"Ginkgo biloba dans la d\u00e9mence l\u00e9g\u00e8re : nouvelle m\u00e9ta-analyse  ","footnotes":""},"category":[11527,11315,11467,11383,74320,11549],"tags":[49977,12103,83657,15049,65728,18789,83659],"powerkit_post_featured":[],"class_list":["post-403674","post","type-post","status-publish","format-standard","has-post-thumbnail","category-etudes","category-medecine-interne-generale","category-medecine-pharmaceutique","category-neurologie-fr","category-phytotherapie-fr","category-rx-fr","tag-adl-fr","tag-demence-fr","tag-domaines-pertinents-pour-la-vie-quotidienne","tag-ginkgo-fr","tag-ginkgo-biloba-fr","tag-meta-analyse-fr","tag-riepe-fr","pmpro-level-required","pmpro-level-1","pmpro-no-access"],"acf":[],"publishpress_future_action":{"enabled":false,"date":"2026-05-05 04:32:39","action":"change-status","newStatus":"draft","terms":[],"taxonomy":"category","extraData":[]},"publishpress_future_workflow_manual_trigger":{"enabledWorkflows":[]},"wpml_current_locale":"fr_FR","wpml_translations":{"it_IT":{"locale":"it_IT","id":403675,"slug":"miglioramenti-in-diversi-domini-rilevanti-per-la-vita-quotidiana","post_title":"Miglioramenti in diversi domini rilevanti per la vita quotidiana.","href":"https:\/\/medizinonline.com\/it\/miglioramenti-in-diversi-domini-rilevanti-per-la-vita-quotidiana\/"},"pt_PT":{"locale":"pt_PT","id":403678,"slug":"melhorias-em-varios-dominios-relevantes-para-a-vida-quotidiana","post_title":"Melhorias em v\u00e1rios dom\u00ednios relevantes para a vida quotidiana","href":"https:\/\/medizinonline.com\/pt-pt\/melhorias-em-varios-dominios-relevantes-para-a-vida-quotidiana\/"},"es_ES":{"locale":"es_ES","id":403676,"slug":"mejoras-en-varios-dominios-relevantes-para-la-vida-cotidiana","post_title":"Mejoras en varios dominios relevantes para la vida cotidiana","href":"https:\/\/medizinonline.com\/es\/mejoras-en-varios-dominios-relevantes-para-la-vida-cotidiana\/"}},"_links":{"self":[{"href":"https:\/\/medizinonline.com\/fr\/wp-json\/wp\/v2\/posts\/403674","targetHints":{"allow":["GET"]}}],"collection":[{"href":"https:\/\/medizinonline.com\/fr\/wp-json\/wp\/v2\/posts"}],"about":[{"href":"https:\/\/medizinonline.com\/fr\/wp-json\/wp\/v2\/types\/post"}],"author":[{"embeddable":true,"href":"https:\/\/medizinonline.com\/fr\/wp-json\/wp\/v2\/users\/7"}],"replies":[{"embeddable":true,"href":"https:\/\/medizinonline.com\/fr\/wp-json\/wp\/v2\/comments?post=403674"}],"version-history":[{"count":1,"href":"https:\/\/medizinonline.com\/fr\/wp-json\/wp\/v2\/posts\/403674\/revisions"}],"predecessor-version":[{"id":403679,"href":"https:\/\/medizinonline.com\/fr\/wp-json\/wp\/v2\/posts\/403674\/revisions\/403679"}],"wp:featuredmedia":[{"embeddable":true,"href":"https:\/\/medizinonline.com\/fr\/wp-json\/wp\/v2\/media\/401364"}],"wp:attachment":[{"href":"https:\/\/medizinonline.com\/fr\/wp-json\/wp\/v2\/media?parent=403674"}],"wp:term":[{"taxonomy":"category","embeddable":true,"href":"https:\/\/medizinonline.com\/fr\/wp-json\/wp\/v2\/category?post=403674"},{"taxonomy":"post_tag","embeddable":true,"href":"https:\/\/medizinonline.com\/fr\/wp-json\/wp\/v2\/tags?post=403674"},{"taxonomy":"powerkit_post_featured","embeddable":true,"href":"https:\/\/medizinonline.com\/fr\/wp-json\/wp\/v2\/powerkit_post_featured?post=403674"}],"curies":[{"name":"wp","href":"https:\/\/api.w.org\/{rel}","templated":true}]}}