{"id":404343,"date":"2025-06-23T15:00:00","date_gmt":"2025-06-23T13:00:00","guid":{"rendered":"https:\/\/medizinonline.com\/predisposition-genetique-depistage-de-la-sarcopenie-et-evaluation-pre-therapeutique\/"},"modified":"2025-06-30T16:43:09","modified_gmt":"2025-06-30T14:43:09","slug":"predisposition-genetique-depistage-de-la-sarcopenie-et-evaluation-pre-therapeutique","status":"publish","type":"post","link":"https:\/\/medizinonline.com\/fr\/predisposition-genetique-depistage-de-la-sarcopenie-et-evaluation-pre-therapeutique\/","title":{"rendered":"Pr\u00e9disposition g\u00e9n\u00e9tique, d\u00e9pistage de la sarcop\u00e9nie et \u00e9valuation pr\u00e9-th\u00e9rapeutique"},"content":{"rendered":"\n<p><strong><em>Les sympt\u00f4mes du tractus urinaire inf\u00e9rieur<\/em> (LUTS) sont tr\u00e8s r\u00e9pandus chez les hommes d&#8217;\u00e2ge moyen et avanc\u00e9 et concernent \u00e0 la fois le stockage et l&#8217;\u00e9vacuation de l&#8217;urine. Outre les facteurs de risque \u00e9prouv\u00e9s tels que l&#8217;hypertrophie de la prostate et l&#8217;inflammation chronique, les influences g\u00e9n\u00e9tiques et l&#8217;\u00e9tat physique g\u00e9n\u00e9ral &#8211; notamment la sarcop\u00e9nie &#8211; sont aujourd&#8217;hui consid\u00e9r\u00e9s comme des param\u00e8tres essentiels pour pr\u00e9dire la r\u00e9ponse aux traitements. Parall\u00e8lement, les directives actuelles pr\u00e9conisent une \u00e9valuation pr\u00e9-th\u00e9rapeutique structur\u00e9e afin d&#8217;\u00e9viter les erreurs de diagnostic et les interventions invasives inutiles, et d&#8217;adapter les traitements aux besoins individuels des patients.  <\/strong><\/p>\n\n<div class=\"pmpro\"><div class=\"pmpro_card pmpro_content_message\"><div class=\"pmpro_card_content\">Dieser Inhalt ist nur f\u00fcr Benutzer der Gruppe: Medizinische Fachperson zug\u00e4nglich <br \/><a href=\"https:\/\/medizinonline.com\/fr\/mon-compte\/paquets\/\">Jetzt beitreten<\/a><\/div><div class=\"pmpro_card_actions pmpro_font-medium\">Already a member? <a href=\"https:\/\/medizinonline.com\/fr\/se-connecter\/?redirect_to=https%3A%2F%2Fmedizinonline.com%2Ffr%2Fpredisposition-genetique-depistage-de-la-sarcopenie-et-evaluation-pre-therapeutique%2F\">Connectez-vous ici<\/a><\/div><\/div><\/div>","protected":false},"excerpt":{"rendered":"<p>Les sympt\u00f4mes du tractus urinaire inf\u00e9rieur (LUTS) sont tr\u00e8s r\u00e9pandus chez les hommes d&#8217;\u00e2ge moyen et avanc\u00e9 et concernent \u00e0 la fois le stockage et l&#8217;\u00e9vacuation de l&#8217;urine. Outre les&#8230;&hellip;... <\/p>\n<div class=\"pmpro\"><div class=\"pmpro_card pmpro_content_message\"><div class=\"pmpro_card_content\">Dieser Inhalt ist nur f\u00fcr Benutzer der Gruppe: Medizinische Fachperson zug\u00e4nglich <br \/><a href=\"https:\/\/medizinonline.com\/fr\/mon-compte\/paquets\/\">Jetzt beitreten<\/a><\/div><div class=\"pmpro_card_actions pmpro_font-medium\">Already a member? <a href=\"https:\/\/medizinonline.com\/fr\/se-connecter\/?redirect_to=https%3A%2F%2Fmedizinonline.com%2Ffr%2Fpredisposition-genetique-depistage-de-la-sarcopenie-et-evaluation-pre-therapeutique%2F\">Connectez-vous ici<\/a><\/div><\/div><\/div>","protected":false},"author":7,"featured_media":404344,"comment_status":"closed","ping_status":"closed","sticky":false,"template":"","format":"standard","meta":{"_acf_changed":false,"pmpro_default_level":"","cat_1_feature_home_top":false,"cat_2_editor_pick":false,"csco_eyebrow_text":"Connaissances actuelles sur la diff\u00e9renciation et l'\u00e9valuation des LUTS  ","footnotes":""},"category":[11527,11531,11368,11315,11549,11514],"tags":[83868,12144,36477],"powerkit_post_featured":[],"class_list":["post-404343","post","type-post","status-publish","format-standard","has-post-thumbnail","category-etudes","category-formation-continue","category-geriatrie-fr","category-medecine-interne-generale","category-rx-fr","category-urologie-fr","tag-hypertrophie-de-la-prostate","tag-luts-fr","tag-sarcopenie","pmpro-level-required","pmpro-level-1","pmpro-no-access"],"acf":[],"publishpress_future_action":{"enabled":false,"date":"2026-05-05 06:36:12","action":"change-status","newStatus":"draft","terms":[],"taxonomy":"category","extraData":[]},"publishpress_future_workflow_manual_trigger":{"enabledWorkflows":[]},"wpml_current_locale":"fr_FR","wpml_translations":{"it_IT":{"locale":"it_IT","id":404392,"slug":"predisposizione-genetica-screening-della-sarcopenia-e-valutazione-pre-terapeutica","post_title":"Predisposizione genetica, screening della sarcopenia e valutazione pre-terapeutica","href":"https:\/\/medizinonline.com\/it\/predisposizione-genetica-screening-della-sarcopenia-e-valutazione-pre-terapeutica\/"},"pt_PT":{"locale":"pt_PT","id":404331,"slug":"predisposicao-genetica-rastreio-da-sarcopenia-e-avaliacao-pre-terapeutica","post_title":"Predisposi\u00e7\u00e3o gen\u00e9tica, rastreio da sarcopenia e avalia\u00e7\u00e3o pr\u00e9-terap\u00eautica","href":"https:\/\/medizinonline.com\/pt-pt\/predisposicao-genetica-rastreio-da-sarcopenia-e-avaliacao-pre-terapeutica\/"},"es_ES":{"locale":"es_ES","id":404325,"slug":"predisposicion-genetica-cribado-de-la-sarcopenia-y-evaluacion-preterapeutica","post_title":"Predisposici\u00f3n gen\u00e9tica, cribado de la sarcopenia y evaluaci\u00f3n preterap\u00e9utica","href":"https:\/\/medizinonline.com\/es\/predisposicion-genetica-cribado-de-la-sarcopenia-y-evaluacion-preterapeutica\/"}},"_links":{"self":[{"href":"https:\/\/medizinonline.com\/fr\/wp-json\/wp\/v2\/posts\/404343","targetHints":{"allow":["GET"]}}],"collection":[{"href":"https:\/\/medizinonline.com\/fr\/wp-json\/wp\/v2\/posts"}],"about":[{"href":"https:\/\/medizinonline.com\/fr\/wp-json\/wp\/v2\/types\/post"}],"author":[{"embeddable":true,"href":"https:\/\/medizinonline.com\/fr\/wp-json\/wp\/v2\/users\/7"}],"replies":[{"embeddable":true,"href":"https:\/\/medizinonline.com\/fr\/wp-json\/wp\/v2\/comments?post=404343"}],"version-history":[{"count":1,"href":"https:\/\/medizinonline.com\/fr\/wp-json\/wp\/v2\/posts\/404343\/revisions"}],"predecessor-version":[{"id":404345,"href":"https:\/\/medizinonline.com\/fr\/wp-json\/wp\/v2\/posts\/404343\/revisions\/404345"}],"wp:featuredmedia":[{"embeddable":true,"href":"https:\/\/medizinonline.com\/fr\/wp-json\/wp\/v2\/media\/404344"}],"wp:attachment":[{"href":"https:\/\/medizinonline.com\/fr\/wp-json\/wp\/v2\/media?parent=404343"}],"wp:term":[{"taxonomy":"category","embeddable":true,"href":"https:\/\/medizinonline.com\/fr\/wp-json\/wp\/v2\/category?post=404343"},{"taxonomy":"post_tag","embeddable":true,"href":"https:\/\/medizinonline.com\/fr\/wp-json\/wp\/v2\/tags?post=404343"},{"taxonomy":"powerkit_post_featured","embeddable":true,"href":"https:\/\/medizinonline.com\/fr\/wp-json\/wp\/v2\/powerkit_post_featured?post=404343"}],"curies":[{"name":"wp","href":"https:\/\/api.w.org\/{rel}","templated":true}]}}