{"id":404400,"date":"2025-06-19T23:00:00","date_gmt":"2025-06-19T21:00:00","guid":{"rendered":"https:\/\/medizinonline.com\/microparticules-de-plastique-dans-les-tissus-du-cancer-de-la-prostate\/"},"modified":"2025-06-30T17:05:52","modified_gmt":"2025-06-30T15:05:52","slug":"microparticules-de-plastique-dans-les-tissus-du-cancer-de-la-prostate","status":"publish","type":"post","link":"https:\/\/medizinonline.com\/fr\/microparticules-de-plastique-dans-les-tissus-du-cancer-de-la-prostate\/","title":{"rendered":"Microparticules de plastique dans les tissus du cancer de la prostate"},"content":{"rendered":"\n<p><strong>Les microparticules plastiques (MPs, &lt;5 mm) sont pr\u00e9sentes dans l&#8217;air, l&#8217;eau, le sol et les aliments du monde entier et se sont \u00e9tablies dans presque tous les organes humains. Les premi\u00e8res \u00e9tudes ont d\u00e9montr\u00e9 la pr\u00e9sence de MPs dans le sang, le placenta, les poumons et l&#8217;appareil urinaire. Chez les patients masculins, les MP ont d\u00e9j\u00e0 \u00e9t\u00e9 d\u00e9crits dans le sperme et dans les tissus testiculaires, ce qui soul\u00e8ve la question de savoir si les MP s&#8217;accumulent \u00e9galement dans les tissus de la prostate et quels pourraient \u00eatre les effets sur la canc\u00e9rog\u00e9n\u00e8se.  <\/strong><\/p>\n\n<div class=\"pmpro\"><div class=\"pmpro_card pmpro_content_message\"><div class=\"pmpro_card_content\">Dieser Inhalt ist nur f\u00fcr Benutzer der Gruppe: Medizinische Fachperson zug\u00e4nglich <br \/><a href=\"https:\/\/medizinonline.com\/fr\/mon-compte\/paquets\/\">Jetzt beitreten<\/a><\/div><div class=\"pmpro_card_actions pmpro_font-medium\">Already a member? <a href=\"https:\/\/medizinonline.com\/fr\/se-connecter\/?redirect_to=https%3A%2F%2Fmedizinonline.com%2Ffr%2Fmicroparticules-de-plastique-dans-les-tissus-du-cancer-de-la-prostate%2F\">Connectez-vous ici<\/a><\/div><\/div><\/div>","protected":false},"excerpt":{"rendered":"<p>Les microparticules plastiques (MPs, &lt;5 mm) sont pr\u00e9sentes dans l&#8217;air, l&#8217;eau, le sol et les aliments du monde entier et se sont \u00e9tablies dans presque tous les organes humains. Les&#8230;&hellip;... <\/p>\n<div class=\"pmpro\"><div class=\"pmpro_card pmpro_content_message\"><div class=\"pmpro_card_content\">Dieser Inhalt ist nur f\u00fcr Benutzer der Gruppe: Medizinische Fachperson zug\u00e4nglich <br \/><a href=\"https:\/\/medizinonline.com\/fr\/mon-compte\/paquets\/\">Jetzt beitreten<\/a><\/div><div class=\"pmpro_card_actions pmpro_font-medium\">Already a member? <a href=\"https:\/\/medizinonline.com\/fr\/se-connecter\/?redirect_to=https%3A%2F%2Fmedizinonline.com%2Ffr%2Fmicroparticules-de-plastique-dans-les-tissus-du-cancer-de-la-prostate%2F\">Connectez-vous ici<\/a><\/div><\/div><\/div>","protected":false},"author":7,"featured_media":404401,"comment_status":"closed","ping_status":"closed","sticky":false,"template":"","format":"standard","meta":{"_acf_changed":false,"pmpro_default_level":"","cat_1_feature_home_top":false,"cat_2_editor_pick":false,"csco_eyebrow_text":"Consommation alimentaire \"\u00e0 emporter\", bouteilles en plastique & Co.  ","footnotes":""},"category":[11527,11531,11315,11389,11549,11514],"tags":[33111,17937,70628],"powerkit_post_featured":[],"class_list":["post-404400","post","type-post","status-publish","format-standard","has-post-thumbnail","category-etudes","category-formation-continue","category-medecine-interne-generale","category-oncologie","category-rx-fr","category-urologie-fr","tag-cancer-de-la-prostate-fr","tag-cancer-de-la-prostate","tag-microplastiques","pmpro-level-required","pmpro-level-1","pmpro-no-access"],"acf":[],"publishpress_future_action":{"enabled":false,"date":"2026-05-07 19:23:04","action":"change-status","newStatus":"draft","terms":[],"taxonomy":"category","extraData":[]},"publishpress_future_workflow_manual_trigger":{"enabledWorkflows":[]},"wpml_current_locale":"fr_FR","wpml_translations":{"it_IT":{"locale":"it_IT","id":404394,"slug":"particelle-di-microplastica-nel-tessuto-del-cancro-alla-prostata","post_title":"Particelle di microplastica nel tessuto del cancro alla prostata","href":"https:\/\/medizinonline.com\/it\/particelle-di-microplastica-nel-tessuto-del-cancro-alla-prostata\/"},"pt_PT":{"locale":"pt_PT","id":404389,"slug":"particulas-de-microplastico-no-tecido-do-cancro-da-prostata","post_title":"Part\u00edculas de micropl\u00e1stico no tecido do cancro da pr\u00f3stata","href":"https:\/\/medizinonline.com\/pt-pt\/particulas-de-microplastico-no-tecido-do-cancro-da-prostata\/"},"es_ES":{"locale":"es_ES","id":404385,"slug":"particulas-microplasticas-en-el-tejido-del-cancer-de-prostata","post_title":"Part\u00edculas micropl\u00e1sticas en el tejido del c\u00e1ncer de pr\u00f3stata","href":"https:\/\/medizinonline.com\/es\/particulas-microplasticas-en-el-tejido-del-cancer-de-prostata\/"}},"_links":{"self":[{"href":"https:\/\/medizinonline.com\/fr\/wp-json\/wp\/v2\/posts\/404400","targetHints":{"allow":["GET"]}}],"collection":[{"href":"https:\/\/medizinonline.com\/fr\/wp-json\/wp\/v2\/posts"}],"about":[{"href":"https:\/\/medizinonline.com\/fr\/wp-json\/wp\/v2\/types\/post"}],"author":[{"embeddable":true,"href":"https:\/\/medizinonline.com\/fr\/wp-json\/wp\/v2\/users\/7"}],"replies":[{"embeddable":true,"href":"https:\/\/medizinonline.com\/fr\/wp-json\/wp\/v2\/comments?post=404400"}],"version-history":[{"count":1,"href":"https:\/\/medizinonline.com\/fr\/wp-json\/wp\/v2\/posts\/404400\/revisions"}],"predecessor-version":[{"id":404403,"href":"https:\/\/medizinonline.com\/fr\/wp-json\/wp\/v2\/posts\/404400\/revisions\/404403"}],"wp:featuredmedia":[{"embeddable":true,"href":"https:\/\/medizinonline.com\/fr\/wp-json\/wp\/v2\/media\/404401"}],"wp:attachment":[{"href":"https:\/\/medizinonline.com\/fr\/wp-json\/wp\/v2\/media?parent=404400"}],"wp:term":[{"taxonomy":"category","embeddable":true,"href":"https:\/\/medizinonline.com\/fr\/wp-json\/wp\/v2\/category?post=404400"},{"taxonomy":"post_tag","embeddable":true,"href":"https:\/\/medizinonline.com\/fr\/wp-json\/wp\/v2\/tags?post=404400"},{"taxonomy":"powerkit_post_featured","embeddable":true,"href":"https:\/\/medizinonline.com\/fr\/wp-json\/wp\/v2\/powerkit_post_featured?post=404400"}],"curies":[{"name":"wp","href":"https:\/\/api.w.org\/{rel}","templated":true}]}}