{"id":404884,"date":"2025-08-15T00:30:00","date_gmt":"2025-08-14T22:30:00","guid":{"rendered":"https:\/\/medizinonline.com\/?p=404884"},"modified":"2025-08-15T07:55:18","modified_gmt":"2025-08-15T05:55:18","slug":"une-nouvelle-analyse-de-la-base-de-donnees-comble-dimportantes-lacunes-dans-les-connaissances","status":"publish","type":"post","link":"https:\/\/medizinonline.com\/fr\/une-nouvelle-analyse-de-la-base-de-donnees-comble-dimportantes-lacunes-dans-les-connaissances\/","title":{"rendered":"Une nouvelle analyse de la base de donn\u00e9es comble d&#8217;importantes lacunes dans les connaissances"},"content":{"rendered":"\n<p><strong>Volz et al. ont effectu\u00e9 une analyse r\u00e9trospective afin d&#8217;obtenir des informations sur l&#8217;utilisation d&#8217;une pr\u00e9paration d&#8217;huile essentielle de lavande sur une p\u00e9riode plus longue (&gt;3 ou &gt;6 mois) et d&#8217;\u00e9valuer le comportement d&#8217;utilisation chez les 12-17 ans. Pour ce faire, ils ont analys\u00e9 de grandes bases de donn\u00e9es provenant de Suisse et d&#8217;Allemagne. Les r\u00e9sultats sont tr\u00e8s instructifs et confirment le bilan positif de cette option de traitement largement r\u00e9pandue dans le cadre d&#8217;un setting en monde r\u00e9el.     <\/strong><\/p>\n\n\n\n<div class=\"pmpro\"><div class=\"pmpro_card pmpro_content_message\"><div class=\"pmpro_card_content\">Dieser Inhalt ist nur f\u00fcr Benutzer der Gruppe: Medizinische Fachperson zug\u00e4nglich <br \/><a href=\"https:\/\/medizinonline.com\/fr\/mon-compte\/paquets\/\">Jetzt beitreten<\/a><\/div><div class=\"pmpro_card_actions pmpro_font-medium\">Already a member? <a href=\"https:\/\/medizinonline.com\/fr\/se-connecter\/?redirect_to=https%3A%2F%2Fmedizinonline.com%2Ffr%2Fune-nouvelle-analyse-de-la-base-de-donnees-comble-dimportantes-lacunes-dans-les-connaissances%2F\">Connectez-vous ici<\/a><\/div><\/div><\/div>","protected":false},"excerpt":{"rendered":"<p>Volz et al. ont effectu\u00e9 une analyse r\u00e9trospective afin d&#8217;obtenir des informations sur l&#8217;utilisation d&#8217;une pr\u00e9paration d&#8217;huile essentielle de lavande sur une p\u00e9riode plus longue (&gt;3 ou &gt;6 mois) et&#8230;&hellip;... <\/p>\n<div class=\"pmpro\"><div class=\"pmpro_card pmpro_content_message\"><div class=\"pmpro_card_content\">Dieser Inhalt ist nur f\u00fcr Benutzer der Gruppe: Medizinische Fachperson zug\u00e4nglich <br \/><a href=\"https:\/\/medizinonline.com\/fr\/mon-compte\/paquets\/\">Jetzt beitreten<\/a><\/div><div class=\"pmpro_card_actions pmpro_font-medium\">Already a member? <a href=\"https:\/\/medizinonline.com\/fr\/se-connecter\/?redirect_to=https%3A%2F%2Fmedizinonline.com%2Ffr%2Fune-nouvelle-analyse-de-la-base-de-donnees-comble-dimportantes-lacunes-dans-les-connaissances%2F\">Connectez-vous ici<\/a><\/div><\/div><\/div>","protected":false},"author":7,"featured_media":255106,"comment_status":"closed","ping_status":"closed","sticky":false,"template":"","format":"standard","meta":{"_acf_changed":false,"pmpro_default_level":"","cat_1_feature_home_top":false,"cat_2_editor_pick":false,"csco_eyebrow_text":"Pr\u00e9paration \u00e0 base d'huile de lavande : utilisation \u00e0 long terme et chez les adolescents","footnotes":""},"category":[11315,11531,11458,11467,74320,11489,11549,11527],"tags":[84103,20348,12628,84101,20697,27675,84100],"powerkit_post_featured":[],"class_list":["post-404884","post","type-post","status-publish","format-standard","has-post-thumbnail","category-medecine-interne-generale","category-formation-continue","category-pediatrie","category-medecine-pharmaceutique","category-phytotherapie-fr","category-psychiatrie-et-psychotherapie","category-rx-fr","category-etudes","tag-analyse-de-la-base-de-donnees","tag-huile-de-lavande","tag-jeunes","tag-preparation-a-base-dhuile-de-lavande","tag-silexan-fr","tag-utilisation-a-long-terme","tag-volz-fr","pmpro-level-required","pmpro-level-1","pmpro-no-access"],"acf":[],"publishpress_future_action":{"enabled":false,"date":"2026-05-05 12:26:36","action":"change-status","newStatus":"draft","terms":[],"taxonomy":"category","extraData":[]},"publishpress_future_workflow_manual_trigger":{"enabledWorkflows":[]},"wpml_current_locale":"fr_FR","wpml_translations":{"it_IT":{"locale":"it_IT","id":404901,"slug":"lanalisi-del-nuovo-database-colma-importanti-lacune-di-conoscenza","post_title":"L'analisi del nuovo database colma importanti lacune di conoscenza","href":"https:\/\/medizinonline.com\/it\/lanalisi-del-nuovo-database-colma-importanti-lacune-di-conoscenza\/"},"pt_PT":{"locale":"pt_PT","id":404897,"slug":"uma-nova-analise-da-base-de-dados-preenche-importantes-lacunas-de-conhecimento","post_title":"Uma nova an\u00e1lise da base de dados preenche importantes lacunas de conhecimento","href":"https:\/\/medizinonline.com\/pt-pt\/uma-nova-analise-da-base-de-dados-preenche-importantes-lacunas-de-conhecimento\/"},"es_ES":{"locale":"es_ES","id":404759,"slug":"un-nuevo-analisis-de-la-base-de-datos-colma-importantes-lagunas-de-conocimiento","post_title":"Un nuevo an\u00e1lisis de la base de datos colma importantes lagunas de conocimiento","href":"https:\/\/medizinonline.com\/es\/un-nuevo-analisis-de-la-base-de-datos-colma-importantes-lagunas-de-conocimiento\/"}},"_links":{"self":[{"href":"https:\/\/medizinonline.com\/fr\/wp-json\/wp\/v2\/posts\/404884","targetHints":{"allow":["GET"]}}],"collection":[{"href":"https:\/\/medizinonline.com\/fr\/wp-json\/wp\/v2\/posts"}],"about":[{"href":"https:\/\/medizinonline.com\/fr\/wp-json\/wp\/v2\/types\/post"}],"author":[{"embeddable":true,"href":"https:\/\/medizinonline.com\/fr\/wp-json\/wp\/v2\/users\/7"}],"replies":[{"embeddable":true,"href":"https:\/\/medizinonline.com\/fr\/wp-json\/wp\/v2\/comments?post=404884"}],"version-history":[{"count":2,"href":"https:\/\/medizinonline.com\/fr\/wp-json\/wp\/v2\/posts\/404884\/revisions"}],"predecessor-version":[{"id":406162,"href":"https:\/\/medizinonline.com\/fr\/wp-json\/wp\/v2\/posts\/404884\/revisions\/406162"}],"wp:featuredmedia":[{"embeddable":true,"href":"https:\/\/medizinonline.com\/fr\/wp-json\/wp\/v2\/media\/255106"}],"wp:attachment":[{"href":"https:\/\/medizinonline.com\/fr\/wp-json\/wp\/v2\/media?parent=404884"}],"wp:term":[{"taxonomy":"category","embeddable":true,"href":"https:\/\/medizinonline.com\/fr\/wp-json\/wp\/v2\/category?post=404884"},{"taxonomy":"post_tag","embeddable":true,"href":"https:\/\/medizinonline.com\/fr\/wp-json\/wp\/v2\/tags?post=404884"},{"taxonomy":"powerkit_post_featured","embeddable":true,"href":"https:\/\/medizinonline.com\/fr\/wp-json\/wp\/v2\/powerkit_post_featured?post=404884"}],"curies":[{"name":"wp","href":"https:\/\/api.w.org\/{rel}","templated":true}]}}