{"id":404907,"date":"2025-08-05T01:05:00","date_gmt":"2025-08-04T23:05:00","guid":{"rendered":"https:\/\/medizinonline.com\/reconnaitre-le-debut-de-la-progression-et-indiquer-les-contre-mesures-a-prendre\/"},"modified":"2025-07-14T10:52:43","modified_gmt":"2025-07-14T08:52:43","slug":"reconnaitre-le-debut-de-la-progression-et-indiquer-les-contre-mesures-a-prendre","status":"publish","type":"post","link":"https:\/\/medizinonline.com\/fr\/reconnaitre-le-debut-de-la-progression-et-indiquer-les-contre-mesures-a-prendre\/","title":{"rendered":"Reconna\u00eetre le d\u00e9but de la progression et indiquer les contre-mesures \u00e0 prendre"},"content":{"rendered":"\n<p><strong>Les recommandations pour le diagnostic et le traitement des d\u00e9mences publi\u00e9es l&#8217;ann\u00e9e derni\u00e8re par l&#8217;association <em>Swiss Memory Clinics <\/em>(SMC) s&#8217;adressent en premier lieu aux prestataires de soins primaires, a soulign\u00e9 le professeur Stefan Kl\u00f6ppel, directeur m\u00e9dical de la clinique universitaire de psychiatrie et de psychoth\u00e9rapie de la personne \u00e2g\u00e9e, \u00e0 Berne. Selon lui, l&#8217;un des objectifs est de promouvoir le diagnostic pr\u00e9coce et diff\u00e9rentiel et de faciliter l&#8217;acc\u00e8s aux mesures de traitement. Jusqu&#8217;\u00e0 pr\u00e9sent, il n&#8217;existe pas de traitement causal des syndromes d\u00e9mentiels, mais diff\u00e9rentes mesures permettent de lutter contre leur progression.  <\/strong><\/p>\n\n<div class=\"pmpro\"><div class=\"pmpro_card pmpro_content_message\"><div class=\"pmpro_card_content\">Dieser Inhalt ist nur f\u00fcr Benutzer der Gruppe: Medizinische Fachperson zug\u00e4nglich <br \/><a href=\"https:\/\/medizinonline.com\/fr\/mon-compte\/paquets\/\">Jetzt beitreten<\/a><\/div><div class=\"pmpro_card_actions pmpro_font-medium\">Already a member? <a href=\"https:\/\/medizinonline.com\/fr\/se-connecter\/?redirect_to=https%3A%2F%2Fmedizinonline.com%2Ffr%2Freconnaitre-le-debut-de-la-progression-et-indiquer-les-contre-mesures-a-prendre%2F\">Connectez-vous ici<\/a><\/div><\/div><\/div>","protected":false},"excerpt":{"rendered":"<p>Les recommandations pour le diagnostic et le traitement des d\u00e9mences publi\u00e9es l&#8217;ann\u00e9e derni\u00e8re par l&#8217;association Swiss Memory Clinics (SMC) s&#8217;adressent en premier lieu aux prestataires de soins primaires, a soulign\u00e9&#8230;&hellip;... <\/p>\n<div class=\"pmpro\"><div class=\"pmpro_card pmpro_content_message\"><div class=\"pmpro_card_content\">Dieser Inhalt ist nur f\u00fcr Benutzer der Gruppe: Medizinische Fachperson zug\u00e4nglich <br \/><a href=\"https:\/\/medizinonline.com\/fr\/mon-compte\/paquets\/\">Jetzt beitreten<\/a><\/div><div class=\"pmpro_card_actions pmpro_font-medium\">Already a member? <a href=\"https:\/\/medizinonline.com\/fr\/se-connecter\/?redirect_to=https%3A%2F%2Fmedizinonline.com%2Ffr%2Freconnaitre-le-debut-de-la-progression-et-indiquer-les-contre-mesures-a-prendre%2F\">Connectez-vous ici<\/a><\/div><\/div><\/div>","protected":false},"author":7,"featured_media":405866,"comment_status":"closed","ping_status":"closed","sticky":false,"template":"","format":"standard","meta":{"_acf_changed":false,"pmpro_default_level":"","cat_1_feature_home_top":false,"cat_2_editor_pick":false,"csco_eyebrow_text":"D\u00e9mence  ","footnotes":""},"category":[11527,11368,11315,11383,11464,11489,11535,11549],"tags":[14012,84124,84127,12103,79864,14976,84125,84126,74427],"powerkit_post_featured":[],"class_list":["post-404907","post","type-post","status-publish","format-standard","has-post-thumbnail","category-etudes","category-geriatrie-fr","category-medecine-interne-generale","category-neurologie-fr","category-pharmacologie-et-toxicologie","category-psychiatrie-et-psychotherapie","category-rapports-de-congres","category-rx-fr","tag-alzheimer-fr","tag-congres-de-printemps-de-la-ssai-fr","tag-contre-mesures","tag-demence-fr","tag-demence-fr-2","tag-depression-fr","tag-donanemab-fr","tag-lecanemab-fr","tag-progression-fr-2","pmpro-level-required","pmpro-level-1","pmpro-no-access"],"acf":[],"publishpress_future_action":{"enabled":false,"date":"2026-05-05 12:43:31","action":"change-status","newStatus":"draft","terms":[],"taxonomy":"category","extraData":[]},"publishpress_future_workflow_manual_trigger":{"enabledWorkflows":[]},"wpml_current_locale":"fr_FR","wpml_translations":{"it_IT":{"locale":"it_IT","id":404905,"slug":"riconoscere-la-progressione-incipiente-e-identificare-le-contromisure","post_title":"Riconoscere la progressione incipiente e identificare le contromisure.","href":"https:\/\/medizinonline.com\/it\/riconoscere-la-progressione-incipiente-e-identificare-le-contromisure\/"},"pt_PT":{"locale":"pt_PT","id":404881,"slug":"reconhecer-a-progressao-incipiente-e-identificar-as-contramedidas","post_title":"Reconhecer a progress\u00e3o incipiente e identificar as contramedidas","href":"https:\/\/medizinonline.com\/pt-pt\/reconhecer-a-progressao-incipiente-e-identificar-as-contramedidas\/"},"es_ES":{"locale":"es_ES","id":404878,"slug":"reconocer-la-progresion-incipiente-e-identificar-contramedidas","post_title":"Reconocer la progresi\u00f3n incipiente e identificar contramedidas","href":"https:\/\/medizinonline.com\/es\/reconocer-la-progresion-incipiente-e-identificar-contramedidas\/"}},"_links":{"self":[{"href":"https:\/\/medizinonline.com\/fr\/wp-json\/wp\/v2\/posts\/404907","targetHints":{"allow":["GET"]}}],"collection":[{"href":"https:\/\/medizinonline.com\/fr\/wp-json\/wp\/v2\/posts"}],"about":[{"href":"https:\/\/medizinonline.com\/fr\/wp-json\/wp\/v2\/types\/post"}],"author":[{"embeddable":true,"href":"https:\/\/medizinonline.com\/fr\/wp-json\/wp\/v2\/users\/7"}],"replies":[{"embeddable":true,"href":"https:\/\/medizinonline.com\/fr\/wp-json\/wp\/v2\/comments?post=404907"}],"version-history":[{"count":1,"href":"https:\/\/medizinonline.com\/fr\/wp-json\/wp\/v2\/posts\/404907\/revisions"}],"predecessor-version":[{"id":404908,"href":"https:\/\/medizinonline.com\/fr\/wp-json\/wp\/v2\/posts\/404907\/revisions\/404908"}],"wp:featuredmedia":[{"embeddable":true,"href":"https:\/\/medizinonline.com\/fr\/wp-json\/wp\/v2\/media\/405866"}],"wp:attachment":[{"href":"https:\/\/medizinonline.com\/fr\/wp-json\/wp\/v2\/media?parent=404907"}],"wp:term":[{"taxonomy":"category","embeddable":true,"href":"https:\/\/medizinonline.com\/fr\/wp-json\/wp\/v2\/category?post=404907"},{"taxonomy":"post_tag","embeddable":true,"href":"https:\/\/medizinonline.com\/fr\/wp-json\/wp\/v2\/tags?post=404907"},{"taxonomy":"powerkit_post_featured","embeddable":true,"href":"https:\/\/medizinonline.com\/fr\/wp-json\/wp\/v2\/powerkit_post_featured?post=404907"}],"curies":[{"name":"wp","href":"https:\/\/api.w.org\/{rel}","templated":true}]}}