{"id":409273,"date":"2025-10-15T22:46:48","date_gmt":"2025-10-15T20:46:48","guid":{"rendered":"https:\/\/medizinonline.com\/?p=409273"},"modified":"2025-10-15T22:50:26","modified_gmt":"2025-10-15T20:50:26","slug":"limportance-dune-prise-en-charge-precoce-du-diabete-de-type-2","status":"publish","type":"post","link":"https:\/\/medizinonline.com\/fr\/limportance-dune-prise-en-charge-precoce-du-diabete-de-type-2\/","title":{"rendered":"L\u2019importance d\u2019une prise en charge pr\u00e9coce du diab\u00e8te de type 2"},"content":{"rendered":"\n<p>Le diab\u00e8te de type 2 (DT2) est une maladie chronique dont la pr\u00e9valence ne cesse de cro\u00eetre, posant des d\u00e9fis majeurs aux syst\u00e8mes de sant\u00e9. Une prise en charge pr\u00e9coce et personnalis\u00e9e est essentielle pour pr\u00e9venir les complications \u00e0 long terme. Dans cet entretien, la Professeure Anne Wojtusciszyn, Diab\u00e9tologue \u00e0 la CMC (Clinique M\u00e9dico-Chirurgicale) de Nyon, partage son expertise sur l\u2019importance d\u2019atteindre rapidement les valeurs cibles de glyc\u00e9mie, les avantages des inhibiteurs de SGLT2 ainsi que ses exp\u00e9riences cliniques. <strong>|<\/strong> <strong>Adeline Beijns<\/strong><\/p>\n\n\n\n<div class=\"pmpro\"><div class=\"pmpro_card pmpro_content_message\"><div class=\"pmpro_card_content\">Dieser Inhalt ist nur f\u00fcr Benutzer der Gruppe: Medizinische Fachperson zug\u00e4nglich <br \/><a href=\"https:\/\/medizinonline.com\/fr\/mon-compte\/paquets\/\">Jetzt beitreten<\/a><\/div><div class=\"pmpro_card_actions pmpro_font-medium\">Already a member? <a href=\"https:\/\/medizinonline.com\/fr\/se-connecter\/?redirect_to=https%3A%2F%2Fmedizinonline.com%2Ffr%2Flimportance-dune-prise-en-charge-precoce-du-diabete-de-type-2%2F\">Connectez-vous ici<\/a><\/div><\/div><\/div>","protected":false},"excerpt":{"rendered":"<p>Le diab\u00e8te de type 2 (DT2) est une maladie chronique dont la pr\u00e9valence ne cesse de cro\u00eetre, posant des d\u00e9fis majeurs aux syst\u00e8mes de sant\u00e9. Une prise en charge pr\u00e9coce&#8230;&hellip;... <\/p>\n<div class=\"pmpro\"><div class=\"pmpro_card pmpro_content_message\"><div class=\"pmpro_card_content\">Dieser Inhalt ist nur f\u00fcr Benutzer der Gruppe: Medizinische Fachperson zug\u00e4nglich <br \/><a href=\"https:\/\/medizinonline.com\/fr\/mon-compte\/paquets\/\">Jetzt beitreten<\/a><\/div><div class=\"pmpro_card_actions pmpro_font-medium\">Already a member? <a href=\"https:\/\/medizinonline.com\/fr\/se-connecter\/?redirect_to=https%3A%2F%2Fmedizinonline.com%2Ffr%2Flimportance-dune-prise-en-charge-precoce-du-diabete-de-type-2%2F\">Connectez-vous ici<\/a><\/div><\/div><\/div>","protected":false},"author":17461,"featured_media":409274,"comment_status":"closed","ping_status":"closed","sticky":false,"template":"","format":"standard","meta":{"_acf_changed":false,"pmpro_default_level":"","cat_1_feature_home_top":false,"cat_2_editor_pick":false,"csco_eyebrow_text":"Contenu sponsoris\u00e9","footnotes":""},"category":[11404,11378,11345,12075,11539,11315,11467,11410,11482,11549],"tags":[],"powerkit_post_featured":[],"class_list":["post-409273","post","type-post","status-publish","format-standard","has-post-thumbnail","category-endocrinologie-et-diabetologie","category-cardiologie","category-contenu-des-partenaires","category-formation-continue-avec-partenaire","category-interviews-fr","category-medecine-interne-generale","category-medecine-pharmaceutique","category-nutrition-fr","category-prevention-et-soins-de-sante","category-rx-fr","pmpro-level-required","pmpro-level-1","pmpro-no-access"],"acf":[],"publishpress_future_action":{"enabled":false,"date":"2026-05-04 17:11:44","action":"change-status","newStatus":"draft","terms":[],"taxonomy":"category","extraData":[]},"publishpress_future_workflow_manual_trigger":{"enabledWorkflows":[]},"wpml_current_locale":"fr_FR","wpml_translations":[],"_links":{"self":[{"href":"https:\/\/medizinonline.com\/fr\/wp-json\/wp\/v2\/posts\/409273","targetHints":{"allow":["GET"]}}],"collection":[{"href":"https:\/\/medizinonline.com\/fr\/wp-json\/wp\/v2\/posts"}],"about":[{"href":"https:\/\/medizinonline.com\/fr\/wp-json\/wp\/v2\/types\/post"}],"author":[{"embeddable":true,"href":"https:\/\/medizinonline.com\/fr\/wp-json\/wp\/v2\/users\/17461"}],"replies":[{"embeddable":true,"href":"https:\/\/medizinonline.com\/fr\/wp-json\/wp\/v2\/comments?post=409273"}],"version-history":[{"count":3,"href":"https:\/\/medizinonline.com\/fr\/wp-json\/wp\/v2\/posts\/409273\/revisions"}],"predecessor-version":[{"id":409627,"href":"https:\/\/medizinonline.com\/fr\/wp-json\/wp\/v2\/posts\/409273\/revisions\/409627"}],"wp:featuredmedia":[{"embeddable":true,"href":"https:\/\/medizinonline.com\/fr\/wp-json\/wp\/v2\/media\/409274"}],"wp:attachment":[{"href":"https:\/\/medizinonline.com\/fr\/wp-json\/wp\/v2\/media?parent=409273"}],"wp:term":[{"taxonomy":"category","embeddable":true,"href":"https:\/\/medizinonline.com\/fr\/wp-json\/wp\/v2\/category?post=409273"},{"taxonomy":"post_tag","embeddable":true,"href":"https:\/\/medizinonline.com\/fr\/wp-json\/wp\/v2\/tags?post=409273"},{"taxonomy":"powerkit_post_featured","embeddable":true,"href":"https:\/\/medizinonline.com\/fr\/wp-json\/wp\/v2\/powerkit_post_featured?post=409273"}],"curies":[{"name":"wp","href":"https:\/\/api.w.org\/{rel}","templated":true}]}}