{"id":410841,"date":"2025-12-10T00:30:00","date_gmt":"2025-12-09T23:30:00","guid":{"rendered":"https:\/\/medizinonline.com\/?p=410841"},"modified":"2025-12-09T22:06:21","modified_gmt":"2025-12-09T21:06:21","slug":"la-medecine-du-sommeil-en-mutation-de-nouveaux-objectifs-et-une-reevaluation-des-anciens-hypnotiques","status":"publish","type":"post","link":"https:\/\/medizinonline.com\/fr\/la-medecine-du-sommeil-en-mutation-de-nouveaux-objectifs-et-une-reevaluation-des-anciens-hypnotiques\/","title":{"rendered":"La m\u00e9decine du sommeil en mutation : de nouveaux objectifs et une r\u00e9\u00e9valuation des anciens hypnotiques"},"content":{"rendered":"\n<p><strong>Les troubles du sommeil et du rythme circadien (SCRD) apparaissent souvent comme des comorbidit\u00e9s pr\u00e9coces dans les maladies neurod\u00e9g\u00e9n\u00e9ratives telles que la maladie d&#8217;Alzheimer (MA) et la maladie de Parkinson (MP), souvent des d\u00e9cennies avant les sympt\u00f4mes typiques. Le sommeil est central pour la sant\u00e9 du cerveau, car pendant le sommeil \u00e0 ondes lentes (SWS), les d\u00e9chets tels que la b\u00eata-amylo\u00efde (A\u03b2) et la ros\u00e9e sont \u00e9limin\u00e9s via le syst\u00e8me glymphatique. Le traitement pharmacologique des SCRD doit donc \u00eatre effectu\u00e9 avec soin afin d&#8217;\u00e9viter une aggravation de la pathologie.  <\/strong><\/p>\n\n<div class=\"pmpro\"><div class=\"pmpro_card pmpro_content_message\"><div class=\"pmpro_card_content\">Dieser Inhalt ist nur f\u00fcr Benutzer der Gruppe: Medizinische Fachperson zug\u00e4nglich <br \/><a href=\"https:\/\/medizinonline.com\/fr\/mon-compte\/paquets\/\">Jetzt beitreten<\/a><\/div><div class=\"pmpro_card_actions pmpro_font-medium\">Already a member? <a href=\"https:\/\/medizinonline.com\/fr\/se-connecter\/?redirect_to=https%3A%2F%2Fmedizinonline.com%2Ffr%2Fla-medecine-du-sommeil-en-mutation-de-nouveaux-objectifs-et-une-reevaluation-des-anciens-hypnotiques%2F\">Connectez-vous ici<\/a><\/div><\/div><\/div>","protected":false},"excerpt":{"rendered":"<p>Les troubles du sommeil et du rythme circadien (SCRD) apparaissent souvent comme des comorbidit\u00e9s pr\u00e9coces dans les maladies neurod\u00e9g\u00e9n\u00e9ratives telles que la maladie d&#8217;Alzheimer (MA) et la maladie de Parkinson&#8230;&hellip;... <\/p>\n<div class=\"pmpro\"><div class=\"pmpro_card pmpro_content_message\"><div class=\"pmpro_card_content\">Dieser Inhalt ist nur f\u00fcr Benutzer der Gruppe: Medizinische Fachperson zug\u00e4nglich <br \/><a href=\"https:\/\/medizinonline.com\/fr\/mon-compte\/paquets\/\">Jetzt beitreten<\/a><\/div><div class=\"pmpro_card_actions pmpro_font-medium\">Already a member? <a href=\"https:\/\/medizinonline.com\/fr\/se-connecter\/?redirect_to=https%3A%2F%2Fmedizinonline.com%2Ffr%2Fla-medecine-du-sommeil-en-mutation-de-nouveaux-objectifs-et-une-reevaluation-des-anciens-hypnotiques%2F\">Connectez-vous ici<\/a><\/div><\/div><\/div>","protected":false},"author":7,"featured_media":410844,"comment_status":"closed","ping_status":"closed","sticky":false,"template":"","format":"standard","meta":{"_acf_changed":false,"pmpro_default_level":"","cat_1_feature_home_top":false,"cat_2_editor_pick":false,"csco_eyebrow_text":"Troubles du sommeil","footnotes":""},"category":[11531,11383,11464,11489,11549],"tags":[27062,20696],"powerkit_post_featured":[],"class_list":["post-410841","post","type-post","status-publish","format-standard","has-post-thumbnail","category-formation-continue","category-neurologie-fr","category-pharmacologie-et-toxicologie","category-psychiatrie-et-psychotherapie","category-rx-fr","tag-medecine-du-sommeil","tag-troubles-du-sommeil-fr","pmpro-level-required","pmpro-level-1","pmpro-no-access"],"acf":[],"publishpress_future_action":{"enabled":false,"date":"2026-05-06 09:09:15","action":"change-status","newStatus":"draft","terms":[],"taxonomy":"category","extraData":[]},"publishpress_future_workflow_manual_trigger":{"enabledWorkflows":[]},"wpml_current_locale":"fr_FR","wpml_translations":{"it_IT":{"locale":"it_IT","id":410881,"slug":"medicina-del-sonno-in-transizione-nuovi-obiettivi-e-rivalutazione-dei-vecchi-ipnotici","post_title":"Medicina del sonno in transizione: nuovi obiettivi e rivalutazione dei vecchi ipnotici","href":"https:\/\/medizinonline.com\/it\/medicina-del-sonno-in-transizione-nuovi-obiettivi-e-rivalutazione-dei-vecchi-ipnotici\/"},"pt_PT":{"locale":"pt_PT","id":410847,"slug":"a-medicina-do-sono-em-transicao-novos-objectivos-e-uma-reavaliacao-dos-antigos-hipnoticos","post_title":"A medicina do sono em transi\u00e7\u00e3o: novos objectivos e uma reavalia\u00e7\u00e3o dos antigos hipn\u00f3ticos","href":"https:\/\/medizinonline.com\/pt-pt\/a-medicina-do-sono-em-transicao-novos-objectivos-e-uma-reavaliacao-dos-antigos-hipnoticos\/"},"es_ES":{"locale":"es_ES","id":410848,"slug":"la-medicina-del-sueno-en-transicion-nuevos-objetivos-y-una-reevaluacion-de-los-viejos-hipnoticos","post_title":"La medicina del sue\u00f1o en transici\u00f3n: nuevos objetivos y una reevaluaci\u00f3n de los viejos hipn\u00f3ticos","href":"https:\/\/medizinonline.com\/es\/la-medicina-del-sueno-en-transicion-nuevos-objetivos-y-una-reevaluacion-de-los-viejos-hipnoticos\/"}},"_links":{"self":[{"href":"https:\/\/medizinonline.com\/fr\/wp-json\/wp\/v2\/posts\/410841","targetHints":{"allow":["GET"]}}],"collection":[{"href":"https:\/\/medizinonline.com\/fr\/wp-json\/wp\/v2\/posts"}],"about":[{"href":"https:\/\/medizinonline.com\/fr\/wp-json\/wp\/v2\/types\/post"}],"author":[{"embeddable":true,"href":"https:\/\/medizinonline.com\/fr\/wp-json\/wp\/v2\/users\/7"}],"replies":[{"embeddable":true,"href":"https:\/\/medizinonline.com\/fr\/wp-json\/wp\/v2\/comments?post=410841"}],"version-history":[{"count":1,"href":"https:\/\/medizinonline.com\/fr\/wp-json\/wp\/v2\/posts\/410841\/revisions"}],"predecessor-version":[{"id":410846,"href":"https:\/\/medizinonline.com\/fr\/wp-json\/wp\/v2\/posts\/410841\/revisions\/410846"}],"wp:featuredmedia":[{"embeddable":true,"href":"https:\/\/medizinonline.com\/fr\/wp-json\/wp\/v2\/media\/410844"}],"wp:attachment":[{"href":"https:\/\/medizinonline.com\/fr\/wp-json\/wp\/v2\/media?parent=410841"}],"wp:term":[{"taxonomy":"category","embeddable":true,"href":"https:\/\/medizinonline.com\/fr\/wp-json\/wp\/v2\/category?post=410841"},{"taxonomy":"post_tag","embeddable":true,"href":"https:\/\/medizinonline.com\/fr\/wp-json\/wp\/v2\/tags?post=410841"},{"taxonomy":"powerkit_post_featured","embeddable":true,"href":"https:\/\/medizinonline.com\/fr\/wp-json\/wp\/v2\/powerkit_post_featured?post=410841"}],"curies":[{"name":"wp","href":"https:\/\/api.w.org\/{rel}","templated":true}]}}