{"id":410894,"date":"2025-11-30T00:30:00","date_gmt":"2025-11-29T23:30:00","guid":{"rendered":"https:\/\/medizinonline.com\/?p=410894"},"modified":"2025-11-29T08:40:00","modified_gmt":"2025-11-29T07:40:00","slug":"la-vitamine-d-comme-adjuvant-dans-la-sclerose-en-plaques-succes-statistique-et-limites-cliniques","status":"publish","type":"post","link":"https:\/\/medizinonline.com\/fr\/la-vitamine-d-comme-adjuvant-dans-la-sclerose-en-plaques-succes-statistique-et-limites-cliniques\/","title":{"rendered":"La vitamine D comme adjuvant dans la scl\u00e9rose en plaques : succ\u00e8s statistique et limites cliniques"},"content":{"rendered":"\n<p><strong>Plusieurs facteurs de risque sont impliqu\u00e9s dans la pathogen\u00e8se de la scl\u00e9rose en plaques, une carence en vitamine D \u00e9tant associ\u00e9e \u00e0 un risque accru de SEP depuis les ann\u00e9es 1970. <em>Les traitements modificateurs de la maladie<\/em> visent \u00e0 influencer le processus immunitaire sous-jacent afin de r\u00e9duire les pouss\u00e9es et le d\u00e9veloppement des l\u00e9sions. Compte tenu des r\u00e9sultats contradictoires des \u00e9tudes ant\u00e9rieures sur le r\u00f4le th\u00e9rapeutique de la vitamine D chez les patients atteints de SEP \u00e9tablie, une r\u00e9\u00e9valuation compl\u00e8te est n\u00e9cessaire. <\/strong><\/p>\n\n<div class=\"pmpro\"><div class=\"pmpro_card pmpro_content_message\"><div class=\"pmpro_card_content\">Dieser Inhalt ist nur f\u00fcr Benutzer der Gruppe: Medizinische Fachperson zug\u00e4nglich <br \/><a href=\"https:\/\/medizinonline.com\/fr\/mon-compte\/paquets\/\">Jetzt beitreten<\/a><\/div><div class=\"pmpro_card_actions pmpro_font-medium\">Already a member? <a href=\"https:\/\/medizinonline.com\/fr\/se-connecter\/?redirect_to=https%3A%2F%2Fmedizinonline.com%2Ffr%2Fla-vitamine-d-comme-adjuvant-dans-la-sclerose-en-plaques-succes-statistique-et-limites-cliniques%2F\">Connectez-vous ici<\/a><\/div><\/div><\/div>","protected":false},"excerpt":{"rendered":"<p>Plusieurs facteurs de risque sont impliqu\u00e9s dans la pathogen\u00e8se de la scl\u00e9rose en plaques, une carence en vitamine D \u00e9tant associ\u00e9e \u00e0 un risque accru de SEP depuis les ann\u00e9es&#8230;&hellip;... <\/p>\n<div class=\"pmpro\"><div class=\"pmpro_card pmpro_content_message\"><div class=\"pmpro_card_content\">Dieser Inhalt ist nur f\u00fcr Benutzer der Gruppe: Medizinische Fachperson zug\u00e4nglich <br \/><a href=\"https:\/\/medizinonline.com\/fr\/mon-compte\/paquets\/\">Jetzt beitreten<\/a><\/div><div class=\"pmpro_card_actions pmpro_font-medium\">Already a member? <a href=\"https:\/\/medizinonline.com\/fr\/se-connecter\/?redirect_to=https%3A%2F%2Fmedizinonline.com%2Ffr%2Fla-vitamine-d-comme-adjuvant-dans-la-sclerose-en-plaques-succes-statistique-et-limites-cliniques%2F\">Connectez-vous ici<\/a><\/div><\/div><\/div>","protected":false},"author":7,"featured_media":410900,"comment_status":"closed","ping_status":"closed","sticky":false,"template":"","format":"standard","meta":{"_acf_changed":false,"pmpro_default_level":"","cat_1_feature_home_top":false,"cat_2_editor_pick":false,"csco_eyebrow_text":"Scl\u00e9rose en plaques","footnotes":""},"category":[11527,11531,11383,11410,11464,11549],"tags":[12371,85803,13141],"powerkit_post_featured":[],"class_list":["post-410894","post","type-post","status-publish","format-standard","has-post-thumbnail","category-etudes","category-formation-continue","category-neurologie-fr","category-nutrition-fr","category-pharmacologie-et-toxicologie","category-rx-fr","tag-sclerose-en-plaques","tag-therapie-adjuvante","tag-vitamine-d","pmpro-level-required","pmpro-level-1","pmpro-no-access"],"acf":[],"publishpress_future_action":{"enabled":false,"date":"2026-05-03 17:46:18","action":"change-status","newStatus":"draft","terms":[],"taxonomy":"category","extraData":[]},"publishpress_future_workflow_manual_trigger":{"enabledWorkflows":[]},"wpml_current_locale":"fr_FR","wpml_translations":{"it_IT":{"locale":"it_IT","id":410898,"slug":"la-vitamina-d-come-coadiuvante-nella-sclerosi-multipla-successo-statistico-e-limiti-clinici","post_title":"La vitamina D come coadiuvante nella sclerosi multipla: successo statistico e limiti clinici","href":"https:\/\/medizinonline.com\/it\/la-vitamina-d-come-coadiuvante-nella-sclerosi-multipla-successo-statistico-e-limiti-clinici\/"},"pt_PT":{"locale":"pt_PT","id":410895,"slug":"a-vitamina-d-como-adjuvante-na-esclerose-multipla-sucesso-estatistico-e-limitacoes-clinicas","post_title":"A vitamina D como adjuvante na esclerose m\u00faltipla: sucesso estat\u00edstico e limita\u00e7\u00f5es cl\u00ednicas","href":"https:\/\/medizinonline.com\/pt-pt\/a-vitamina-d-como-adjuvante-na-esclerose-multipla-sucesso-estatistico-e-limitacoes-clinicas\/"},"es_ES":{"locale":"es_ES","id":410903,"slug":"la-vitamina-d-como-coadyuvante-en-la-esclerosis-multiple-exito-estadistico-y-limitaciones-clinicas","post_title":"La vitamina D como coadyuvante en la esclerosis m\u00faltiple: \u00e9xito estad\u00edstico y limitaciones cl\u00ednicas","href":"https:\/\/medizinonline.com\/es\/la-vitamina-d-como-coadyuvante-en-la-esclerosis-multiple-exito-estadistico-y-limitaciones-clinicas\/"}},"_links":{"self":[{"href":"https:\/\/medizinonline.com\/fr\/wp-json\/wp\/v2\/posts\/410894","targetHints":{"allow":["GET"]}}],"collection":[{"href":"https:\/\/medizinonline.com\/fr\/wp-json\/wp\/v2\/posts"}],"about":[{"href":"https:\/\/medizinonline.com\/fr\/wp-json\/wp\/v2\/types\/post"}],"author":[{"embeddable":true,"href":"https:\/\/medizinonline.com\/fr\/wp-json\/wp\/v2\/users\/7"}],"replies":[{"embeddable":true,"href":"https:\/\/medizinonline.com\/fr\/wp-json\/wp\/v2\/comments?post=410894"}],"version-history":[{"count":1,"href":"https:\/\/medizinonline.com\/fr\/wp-json\/wp\/v2\/posts\/410894\/revisions"}],"predecessor-version":[{"id":410902,"href":"https:\/\/medizinonline.com\/fr\/wp-json\/wp\/v2\/posts\/410894\/revisions\/410902"}],"wp:featuredmedia":[{"embeddable":true,"href":"https:\/\/medizinonline.com\/fr\/wp-json\/wp\/v2\/media\/410900"}],"wp:attachment":[{"href":"https:\/\/medizinonline.com\/fr\/wp-json\/wp\/v2\/media?parent=410894"}],"wp:term":[{"taxonomy":"category","embeddable":true,"href":"https:\/\/medizinonline.com\/fr\/wp-json\/wp\/v2\/category?post=410894"},{"taxonomy":"post_tag","embeddable":true,"href":"https:\/\/medizinonline.com\/fr\/wp-json\/wp\/v2\/tags?post=410894"},{"taxonomy":"powerkit_post_featured","embeddable":true,"href":"https:\/\/medizinonline.com\/fr\/wp-json\/wp\/v2\/powerkit_post_featured?post=410894"}],"curies":[{"name":"wp","href":"https:\/\/api.w.org\/{rel}","templated":true}]}}