{"id":410993,"date":"2025-11-06T13:30:00","date_gmt":"2025-11-06T12:30:00","guid":{"rendered":"https:\/\/medizinonline.com\/?p=410993"},"modified":"2025-10-27T17:05:49","modified_gmt":"2025-10-27T16:05:49","slug":"lurasidone-en-monotherapie-pour-le-traitement-de-la-depression-bipolaire-de-type-i-avec-symptomes-danxiete","status":"publish","type":"post","link":"https:\/\/medizinonline.com\/fr\/lurasidone-en-monotherapie-pour-le-traitement-de-la-depression-bipolaire-de-type-i-avec-symptomes-danxiete\/","title":{"rendered":"Lurasidone en monoth\u00e9rapie pour le traitement de la d\u00e9pression bipolaire de type I avec sympt\u00f4mes d&#8217;anxi\u00e9t\u00e9"},"content":{"rendered":"\n<p><strong>L&#8217;anxi\u00e9t\u00e9 comorbide est fr\u00e9quente chez les patients souffrant de troubles bipolaires. Cette comorbidit\u00e9 est associ\u00e9e \u00e0 une s\u00e9v\u00e9rit\u00e9 accrue de la maladie, et \u00e0 une moins bonne r\u00e9ponse au traitement. Une \u00e9tude avec la lurasidone 20-60 mg\/jour a montr\u00e9 une efficacit\u00e9 significative contre les sympt\u00f4mes d\u00e9pressifs et anxieux, et ce ind\u00e9pendamment de l&#8217;intensit\u00e9 de l&#8217;anxi\u00e9t\u00e9 \u00e0 la ligne de base.  <\/strong><\/p>\n\n<div class=\"pmpro\"><div class=\"pmpro_card pmpro_content_message\"><div class=\"pmpro_card_content\">Dieser Inhalt ist nur f\u00fcr Benutzer der Gruppe: Medizinische Fachperson zug\u00e4nglich <br \/><a href=\"https:\/\/medizinonline.com\/fr\/mon-compte\/paquets\/\">Jetzt beitreten<\/a><\/div><div class=\"pmpro_card_actions pmpro_font-medium\">Already a member? <a href=\"https:\/\/medizinonline.com\/fr\/se-connecter\/?redirect_to=https%3A%2F%2Fmedizinonline.com%2Ffr%2Flurasidone-en-monotherapie-pour-le-traitement-de-la-depression-bipolaire-de-type-i-avec-symptomes-danxiete%2F\">Connectez-vous ici<\/a><\/div><\/div><\/div>","protected":false},"excerpt":{"rendered":"<p>L&#8217;anxi\u00e9t\u00e9 comorbide est fr\u00e9quente chez les patients souffrant de troubles bipolaires. Cette comorbidit\u00e9 est associ\u00e9e \u00e0 une s\u00e9v\u00e9rit\u00e9 accrue de la maladie, et \u00e0 une moins bonne r\u00e9ponse au traitement&#8230;.&hellip;... <\/p>\n<div class=\"pmpro\"><div class=\"pmpro_card pmpro_content_message\"><div class=\"pmpro_card_content\">Dieser Inhalt ist nur f\u00fcr Benutzer der Gruppe: Medizinische Fachperson zug\u00e4nglich <br \/><a href=\"https:\/\/medizinonline.com\/fr\/mon-compte\/paquets\/\">Jetzt beitreten<\/a><\/div><div class=\"pmpro_card_actions pmpro_font-medium\">Already a member? <a href=\"https:\/\/medizinonline.com\/fr\/se-connecter\/?redirect_to=https%3A%2F%2Fmedizinonline.com%2Ffr%2Flurasidone-en-monotherapie-pour-le-traitement-de-la-depression-bipolaire-de-type-i-avec-symptomes-danxiete%2F\">Connectez-vous ici<\/a><\/div><\/div><\/div>","protected":false},"author":7,"featured_media":410996,"comment_status":"closed","ping_status":"closed","sticky":false,"template":"","format":"standard","meta":{"_acf_changed":false,"pmpro_default_level":"","cat_1_feature_home_top":false,"cat_2_editor_pick":false,"csco_eyebrow_text":"Trouble bipolaire, Trouble anxieux, D\u00e9pression","footnotes":""},"category":[11527,11531,11464,11489,11549],"tags":[34391,17022,28558],"powerkit_post_featured":[],"class_list":["post-410993","post","type-post","status-publish","format-standard","has-post-thumbnail","category-etudes","category-formation-continue","category-pharmacologie-et-toxicologie","category-psychiatrie-et-psychotherapie","category-rx-fr","tag-lurasidon-fr","tag-trouble-anxieux","tag-trouble-bipolaire","pmpro-level-required","pmpro-level-1","pmpro-no-access"],"acf":[],"publishpress_future_action":{"enabled":false,"date":"2026-05-02 11:22:52","action":"change-status","newStatus":"draft","terms":[],"taxonomy":"category","extraData":[]},"publishpress_future_workflow_manual_trigger":{"enabledWorkflows":[]},"wpml_current_locale":"fr_FR","wpml_translations":{"it_IT":{"locale":"it_IT","id":410999,"slug":"lurasidone-come-monoterapia-per-la-depressione-bipolare-i-con-sintomi-di-ansia","post_title":"Lurasidone come monoterapia per la depressione bipolare I con sintomi di ansia","href":"https:\/\/medizinonline.com\/it\/lurasidone-come-monoterapia-per-la-depressione-bipolare-i-con-sintomi-di-ansia\/"},"pt_PT":{"locale":"pt_PT","id":411000,"slug":"lurasidona-em-monoterapia-para-a-depressao-bipolar-i-com-sintomas-de-ansiedade","post_title":"Lurasidona em monoterapia para a depress\u00e3o bipolar I com sintomas de ansiedade","href":"https:\/\/medizinonline.com\/pt-pt\/lurasidona-em-monoterapia-para-a-depressao-bipolar-i-com-sintomas-de-ansiedade\/"},"es_ES":{"locale":"es_ES","id":411006,"slug":"lurasidona-como-monoterapia-para-la-depresion-bipolar-i-con-sintomas-de-ansiedad","post_title":"Lurasidona como monoterapia para la depresi\u00f3n bipolar I con s\u00edntomas de ansiedad","href":"https:\/\/medizinonline.com\/es\/lurasidona-como-monoterapia-para-la-depresion-bipolar-i-con-sintomas-de-ansiedad\/"}},"_links":{"self":[{"href":"https:\/\/medizinonline.com\/fr\/wp-json\/wp\/v2\/posts\/410993","targetHints":{"allow":["GET"]}}],"collection":[{"href":"https:\/\/medizinonline.com\/fr\/wp-json\/wp\/v2\/posts"}],"about":[{"href":"https:\/\/medizinonline.com\/fr\/wp-json\/wp\/v2\/types\/post"}],"author":[{"embeddable":true,"href":"https:\/\/medizinonline.com\/fr\/wp-json\/wp\/v2\/users\/7"}],"replies":[{"embeddable":true,"href":"https:\/\/medizinonline.com\/fr\/wp-json\/wp\/v2\/comments?post=410993"}],"version-history":[{"count":1,"href":"https:\/\/medizinonline.com\/fr\/wp-json\/wp\/v2\/posts\/410993\/revisions"}],"predecessor-version":[{"id":410997,"href":"https:\/\/medizinonline.com\/fr\/wp-json\/wp\/v2\/posts\/410993\/revisions\/410997"}],"wp:featuredmedia":[{"embeddable":true,"href":"https:\/\/medizinonline.com\/fr\/wp-json\/wp\/v2\/media\/410996"}],"wp:attachment":[{"href":"https:\/\/medizinonline.com\/fr\/wp-json\/wp\/v2\/media?parent=410993"}],"wp:term":[{"taxonomy":"category","embeddable":true,"href":"https:\/\/medizinonline.com\/fr\/wp-json\/wp\/v2\/category?post=410993"},{"taxonomy":"post_tag","embeddable":true,"href":"https:\/\/medizinonline.com\/fr\/wp-json\/wp\/v2\/tags?post=410993"},{"taxonomy":"powerkit_post_featured","embeddable":true,"href":"https:\/\/medizinonline.com\/fr\/wp-json\/wp\/v2\/powerkit_post_featured?post=410993"}],"curies":[{"name":"wp","href":"https:\/\/api.w.org\/{rel}","templated":true}]}}