{"id":411373,"date":"2025-11-12T13:30:00","date_gmt":"2025-11-12T12:30:00","guid":{"rendered":"https:\/\/medizinonline.com\/du-trouble-de-la-barriere-cutanee-a-la-marche-atopique\/"},"modified":"2025-11-12T14:35:41","modified_gmt":"2025-11-12T13:35:41","slug":"du-trouble-de-la-barriere-cutanee-a-la-marche-atopique","status":"publish","type":"post","link":"https:\/\/medizinonline.com\/fr\/du-trouble-de-la-barriere-cutanee-a-la-marche-atopique\/","title":{"rendered":"Du trouble de la barri\u00e8re cutan\u00e9e \u00e0 la marche atopique ?"},"content":{"rendered":"\n<p><strong>Un d\u00e9but pr\u00e9coce et une \u00e9volution persistante de la dermatite atopique sont les plus forts pr\u00e9dicteurs de la marche atopique. De nouvelles m\u00e9thodes de diagnostic, telles que la spectroscopie d&#8217;imp\u00e9dance \u00e9lectrique et l&#8217;analyse des biomarqueurs des bandes adh\u00e9sives, offrent le potentiel de d\u00e9tecter de mani\u00e8re pr\u00e9coce et non invasive un dysfonctionnement de la barri\u00e8re, avant m\u00eame l&#8217;apparition des sympt\u00f4mes cliniques. Des approches th\u00e9rapeutiques qui ne se contentent pas de contr\u00f4ler l&#8217;inflammation, mais qui restaurent aussi activement la fonction de barri\u00e8re, pourraient avoir un impact positif durable sur l&#8217;\u00e9volution des maladies allergiques, comme le montrent des \u00e9tudes r\u00e9centes.  <\/strong><\/p>\n\n<div class=\"pmpro\"><div class=\"pmpro_card pmpro_content_message\"><div class=\"pmpro_card_content\">Dieser Inhalt ist nur f\u00fcr Benutzer der Gruppe: Medizinische Fachperson zug\u00e4nglich <br \/><a href=\"https:\/\/medizinonline.com\/fr\/mon-compte\/paquets\/\">Jetzt beitreten<\/a><\/div><div class=\"pmpro_card_actions pmpro_font-medium\">Already a member? <a href=\"https:\/\/medizinonline.com\/fr\/se-connecter\/?redirect_to=https%3A%2F%2Fmedizinonline.com%2Ffr%2Fdu-trouble-de-la-barriere-cutanee-a-la-marche-atopique%2F\">Connectez-vous ici<\/a><\/div><\/div><\/div>","protected":false},"excerpt":{"rendered":"<p>Un d\u00e9but pr\u00e9coce et une \u00e9volution persistante de la dermatite atopique sont les plus forts pr\u00e9dicteurs de la marche atopique. De nouvelles m\u00e9thodes de diagnostic, telles que la spectroscopie d&#8217;imp\u00e9dance&#8230;&hellip;... <\/p>\n<div class=\"pmpro\"><div class=\"pmpro_card pmpro_content_message\"><div class=\"pmpro_card_content\">Dieser Inhalt ist nur f\u00fcr Benutzer der Gruppe: Medizinische Fachperson zug\u00e4nglich <br \/><a href=\"https:\/\/medizinonline.com\/fr\/mon-compte\/paquets\/\">Jetzt beitreten<\/a><\/div><div class=\"pmpro_card_actions pmpro_font-medium\">Already a member? <a href=\"https:\/\/medizinonline.com\/fr\/se-connecter\/?redirect_to=https%3A%2F%2Fmedizinonline.com%2Ffr%2Fdu-trouble-de-la-barriere-cutanee-a-la-marche-atopique%2F\">Connectez-vous ici<\/a><\/div><\/div><\/div>","protected":false},"author":7,"featured_media":411375,"comment_status":"closed","ping_status":"closed","sticky":false,"template":"","format":"standard","meta":{"_acf_changed":false,"pmpro_default_level":"","cat_1_feature_home_top":false,"cat_2_editor_pick":false,"csco_eyebrow_text":"Dermatite atopique","footnotes":""},"category":[11349,11362,11527,11428,11535,11549],"tags":[],"powerkit_post_featured":[],"class_list":["post-411373","post","type-post","status-publish","format-standard","has-post-thumbnail","category-allergologie-et-immunologie-clinique","category-dermatologie-et-venerologie","category-etudes","category-infectiologie","category-rapports-de-congres","category-rx-fr","pmpro-level-required","pmpro-level-1","pmpro-no-access"],"acf":[],"publishpress_future_action":{"enabled":false,"date":"2026-05-03 17:08:52","action":"change-status","newStatus":"draft","terms":[],"taxonomy":"category","extraData":[]},"publishpress_future_workflow_manual_trigger":{"enabledWorkflows":[]},"wpml_current_locale":"fr_FR","wpml_translations":{"it_IT":{"locale":"it_IT","id":411368,"slug":"dal-disturbo-della-barriera-cutanea-alla-marcia-atopica","post_title":"Dal disturbo della barriera cutanea alla marcia atopica?","href":"https:\/\/medizinonline.com\/it\/dal-disturbo-della-barriera-cutanea-alla-marcia-atopica\/"},"pt_PT":{"locale":"pt_PT","id":411363,"slug":"do-disturbio-da-barreira-cutanea-a-marcha-atopica","post_title":"Do dist\u00farbio da barreira cut\u00e2nea \u00e0 marcha at\u00f3pica?","href":"https:\/\/medizinonline.com\/pt-pt\/do-disturbio-da-barreira-cutanea-a-marcha-atopica\/"},"es_ES":{"locale":"es_ES","id":411352,"slug":"del-trastorno-de-la-barrera-cutanea-a-la-marcha-atopica","post_title":"\u00bfDel trastorno de la barrera cut\u00e1nea a la marcha at\u00f3pica?","href":"https:\/\/medizinonline.com\/es\/del-trastorno-de-la-barrera-cutanea-a-la-marcha-atopica\/"}},"_links":{"self":[{"href":"https:\/\/medizinonline.com\/fr\/wp-json\/wp\/v2\/posts\/411373","targetHints":{"allow":["GET"]}}],"collection":[{"href":"https:\/\/medizinonline.com\/fr\/wp-json\/wp\/v2\/posts"}],"about":[{"href":"https:\/\/medizinonline.com\/fr\/wp-json\/wp\/v2\/types\/post"}],"author":[{"embeddable":true,"href":"https:\/\/medizinonline.com\/fr\/wp-json\/wp\/v2\/users\/7"}],"replies":[{"embeddable":true,"href":"https:\/\/medizinonline.com\/fr\/wp-json\/wp\/v2\/comments?post=411373"}],"version-history":[{"count":1,"href":"https:\/\/medizinonline.com\/fr\/wp-json\/wp\/v2\/posts\/411373\/revisions"}],"predecessor-version":[{"id":411377,"href":"https:\/\/medizinonline.com\/fr\/wp-json\/wp\/v2\/posts\/411373\/revisions\/411377"}],"wp:featuredmedia":[{"embeddable":true,"href":"https:\/\/medizinonline.com\/fr\/wp-json\/wp\/v2\/media\/411375"}],"wp:attachment":[{"href":"https:\/\/medizinonline.com\/fr\/wp-json\/wp\/v2\/media?parent=411373"}],"wp:term":[{"taxonomy":"category","embeddable":true,"href":"https:\/\/medizinonline.com\/fr\/wp-json\/wp\/v2\/category?post=411373"},{"taxonomy":"post_tag","embeddable":true,"href":"https:\/\/medizinonline.com\/fr\/wp-json\/wp\/v2\/tags?post=411373"},{"taxonomy":"powerkit_post_featured","embeddable":true,"href":"https:\/\/medizinonline.com\/fr\/wp-json\/wp\/v2\/powerkit_post_featured?post=411373"}],"curies":[{"name":"wp","href":"https:\/\/api.w.org\/{rel}","templated":true}]}}