{"id":411436,"date":"2025-11-14T22:27:55","date_gmt":"2025-11-14T21:27:55","guid":{"rendered":"https:\/\/medizinonline.com\/?p=411436"},"modified":"2025-10-30T17:03:57","modified_gmt":"2025-10-30T16:03:57","slug":"sclerodermie-recommandations-actuelles-pour-le-diagnostic-et-le-traitement-en-2025","status":"publish","type":"post","link":"https:\/\/medizinonline.com\/fr\/sclerodermie-recommandations-actuelles-pour-le-diagnostic-et-le-traitement-en-2025\/","title":{"rendered":"Scl\u00e9rodermie &#8211; Recommandations actuelles pour le diagnostic et le traitement en 2025"},"content":{"rendered":"\n<p><strong>La d\u00e9tection pr\u00e9coce est d\u00e9cisive pour les possibilit\u00e9s de traitement de cette maladie multisyst\u00e9mique avec implication cutan\u00e9e. Les crises de Raynaud sont souvent \u00e0 un stade pr\u00e9coce et doivent toujours faire l&#8217;objet d&#8217;un examen plus approfondi. Les progr\u00e8s dans la compr\u00e9hension des m\u00e9canismes pathologiques de la scl\u00e9rose syst\u00e9mique permettront peut-\u00eatre, dans un avenir pas trop lointain, de proposer de nouvelles th\u00e9rapies cibl\u00e9es et personnalis\u00e9es.<\/strong><\/p>\n\n<div class=\"pmpro\"><div class=\"pmpro_card pmpro_content_message\"><div class=\"pmpro_card_content\">Dieser Inhalt ist nur f\u00fcr Benutzer der Gruppe: Medizinische Fachperson zug\u00e4nglich <br \/><a href=\"https:\/\/medizinonline.com\/fr\/mon-compte\/paquets\/\">Jetzt beitreten<\/a><\/div><div class=\"pmpro_card_actions pmpro_font-medium\">Already a member? <a href=\"https:\/\/medizinonline.com\/fr\/se-connecter\/?redirect_to=https%3A%2F%2Fmedizinonline.com%2Ffr%2Fsclerodermie-recommandations-actuelles-pour-le-diagnostic-et-le-traitement-en-2025%2F\">Connectez-vous ici<\/a><\/div><\/div><\/div>","protected":false},"excerpt":{"rendered":"<p>La d\u00e9tection pr\u00e9coce est d\u00e9cisive pour les possibilit\u00e9s de traitement de cette maladie multisyst\u00e9mique avec implication cutan\u00e9e. Les crises de Raynaud sont souvent \u00e0 un stade pr\u00e9coce et doivent toujours&#8230;&hellip;... <\/p>\n<div class=\"pmpro\"><div class=\"pmpro_card pmpro_content_message\"><div class=\"pmpro_card_content\">Dieser Inhalt ist nur f\u00fcr Benutzer der Gruppe: Medizinische Fachperson zug\u00e4nglich <br \/><a href=\"https:\/\/medizinonline.com\/fr\/mon-compte\/paquets\/\">Jetzt beitreten<\/a><\/div><div class=\"pmpro_card_actions pmpro_font-medium\">Already a member? <a href=\"https:\/\/medizinonline.com\/fr\/se-connecter\/?redirect_to=https%3A%2F%2Fmedizinonline.com%2Ffr%2Fsclerodermie-recommandations-actuelles-pour-le-diagnostic-et-le-traitement-en-2025%2F\">Connectez-vous ici<\/a><\/div><\/div><\/div>","protected":false},"author":7,"featured_media":411437,"comment_status":"closed","ping_status":"closed","sticky":false,"template":"","format":"standard","meta":{"_acf_changed":false,"pmpro_default_level":"","cat_1_feature_home_top":false,"cat_2_editor_pick":false,"csco_eyebrow_text":"Collag\u00e9noses","footnotes":""},"category":[11362,11527,22616,11315,11505,11549],"tags":[28728,14087,29531,14097,14257,26177,23758],"powerkit_post_featured":[],"class_list":["post-411436","post","type-post","status-publish","format-standard","has-post-thumbnail","category-dermatologie-et-venerologie","category-etudes","category-formation-continue-cme","category-medecine-interne-generale","category-rhumatologie","category-rx-fr","tag-bonnes-pratiques-cliniques","tag-collagenoses-fr","tag-dermatoses-auto-immunes","tag-sclerodermie","tag-sclerose","tag-ssc-fr","tag-therapie-multimodale","pmpro-level-required","pmpro-level-1","pmpro-no-access"],"acf":[],"publishpress_future_action":{"enabled":false,"date":"2026-05-07 20:22:48","action":"change-status","newStatus":"draft","terms":[],"taxonomy":"category","extraData":[]},"publishpress_future_workflow_manual_trigger":{"enabledWorkflows":[]},"wpml_current_locale":"fr_FR","wpml_translations":{"it_IT":{"locale":"it_IT","id":411429,"slug":"sclerodermia-raccomandazioni-attuali-per-la-diagnosi-e-la-terapia-2025","post_title":"Sclerodermia - Raccomandazioni attuali per la diagnosi e la terapia 2025","href":"https:\/\/medizinonline.com\/it\/sclerodermia-raccomandazioni-attuali-per-la-diagnosi-e-la-terapia-2025\/"},"pt_PT":{"locale":"pt_PT","id":411423,"slug":"esclerodermia-recomendacoes-actuais-para-o-diagnostico-e-a-terapeutica-2025","post_title":"Esclerodermia - Recomenda\u00e7\u00f5es actuais para o diagn\u00f3stico e a terap\u00eautica 2025","href":"https:\/\/medizinonline.com\/pt-pt\/esclerodermia-recomendacoes-actuais-para-o-diagnostico-e-a-terapeutica-2025\/"},"es_ES":{"locale":"es_ES","id":411418,"slug":"esclerodermia-recomendaciones-actuales-para-el-diagnostico-y-la-terapia-2025","post_title":"Esclerodermia - Recomendaciones actuales para el diagn\u00f3stico y la terapia 2025","href":"https:\/\/medizinonline.com\/es\/esclerodermia-recomendaciones-actuales-para-el-diagnostico-y-la-terapia-2025\/"}},"_links":{"self":[{"href":"https:\/\/medizinonline.com\/fr\/wp-json\/wp\/v2\/posts\/411436","targetHints":{"allow":["GET"]}}],"collection":[{"href":"https:\/\/medizinonline.com\/fr\/wp-json\/wp\/v2\/posts"}],"about":[{"href":"https:\/\/medizinonline.com\/fr\/wp-json\/wp\/v2\/types\/post"}],"author":[{"embeddable":true,"href":"https:\/\/medizinonline.com\/fr\/wp-json\/wp\/v2\/users\/7"}],"replies":[{"embeddable":true,"href":"https:\/\/medizinonline.com\/fr\/wp-json\/wp\/v2\/comments?post=411436"}],"version-history":[{"count":1,"href":"https:\/\/medizinonline.com\/fr\/wp-json\/wp\/v2\/posts\/411436\/revisions"}],"predecessor-version":[{"id":411440,"href":"https:\/\/medizinonline.com\/fr\/wp-json\/wp\/v2\/posts\/411436\/revisions\/411440"}],"wp:featuredmedia":[{"embeddable":true,"href":"https:\/\/medizinonline.com\/fr\/wp-json\/wp\/v2\/media\/411437"}],"wp:attachment":[{"href":"https:\/\/medizinonline.com\/fr\/wp-json\/wp\/v2\/media?parent=411436"}],"wp:term":[{"taxonomy":"category","embeddable":true,"href":"https:\/\/medizinonline.com\/fr\/wp-json\/wp\/v2\/category?post=411436"},{"taxonomy":"post_tag","embeddable":true,"href":"https:\/\/medizinonline.com\/fr\/wp-json\/wp\/v2\/tags?post=411436"},{"taxonomy":"powerkit_post_featured","embeddable":true,"href":"https:\/\/medizinonline.com\/fr\/wp-json\/wp\/v2\/powerkit_post_featured?post=411436"}],"curies":[{"name":"wp","href":"https:\/\/api.w.org\/{rel}","templated":true}]}}