{"id":450253,"date":"2026-01-08T00:30:00","date_gmt":"2026-01-07T23:30:00","guid":{"rendered":"https:\/\/medizinonline.com\/le-c1m-a-le-potentiel-detre-un-biomarqueur\/"},"modified":"2026-01-07T22:13:58","modified_gmt":"2026-01-07T21:13:58","slug":"le-c1m-a-le-potentiel-detre-un-biomarqueur","status":"publish","type":"post","link":"https:\/\/medizinonline.com\/fr\/le-c1m-a-le-potentiel-detre-un-biomarqueur\/","title":{"rendered":"Le C1M a le potentiel d&#8217;\u00eatre un biomarqueur"},"content":{"rendered":"\n<p><strong>Plus la polyarthrite rhumato\u00efde (PR) est diagnostiqu\u00e9e t\u00f4t, meilleur est le pronostic. Mais plus facile \u00e0 dire qu&#8217;\u00e0 faire. Les marqueurs cliniques, s\u00e9rologiques et d&#8217;imagerie traditionnels n&#8217;ont souvent pas une sensibilit\u00e9 suffisante dans la phase pr\u00e9coce de la maladie, ce qui limite leur valeur pronostique. Mais il pourrait y avoir une nouvelle option : Des chercheurs fran\u00e7ais ont trouv\u00e9 des preuves que le C1M, un biomarqueur s\u00e9rique de la d\u00e9gradation du collag\u00e8ne de type I, peut aider \u00e0 pr\u00e9dire la progression radiologique d&#8217;une PR pr\u00e9coce.   <\/strong><\/p>\n\n<div class=\"pmpro\"><div class=\"pmpro_card pmpro_content_message\"><div class=\"pmpro_card_content\">Dieser Inhalt ist nur f\u00fcr Benutzer der Gruppe: Medizinische Fachperson zug\u00e4nglich <br \/><a href=\"https:\/\/medizinonline.com\/fr\/mon-compte\/paquets\/\">Jetzt beitreten<\/a><\/div><div class=\"pmpro_card_actions pmpro_font-medium\">Already a member? <a href=\"https:\/\/medizinonline.com\/fr\/se-connecter\/?redirect_to=https%3A%2F%2Fmedizinonline.com%2Ffr%2Fle-c1m-a-le-potentiel-detre-un-biomarqueur%2F\">Connectez-vous ici<\/a><\/div><\/div><\/div>","protected":false},"excerpt":{"rendered":"<p>Plus la polyarthrite rhumato\u00efde (PR) est diagnostiqu\u00e9e t\u00f4t, meilleur est le pronostic. Mais plus facile \u00e0 dire qu&#8217;\u00e0 faire. Les marqueurs cliniques, s\u00e9rologiques et d&#8217;imagerie traditionnels n&#8217;ont souvent pas une&#8230;&hellip;... <\/p>\n<div class=\"pmpro\"><div class=\"pmpro_card pmpro_content_message\"><div class=\"pmpro_card_content\">Dieser Inhalt ist nur f\u00fcr Benutzer der Gruppe: Medizinische Fachperson zug\u00e4nglich <br \/><a href=\"https:\/\/medizinonline.com\/fr\/mon-compte\/paquets\/\">Jetzt beitreten<\/a><\/div><div class=\"pmpro_card_actions pmpro_font-medium\">Already a member? <a href=\"https:\/\/medizinonline.com\/fr\/se-connecter\/?redirect_to=https%3A%2F%2Fmedizinonline.com%2Ffr%2Fle-c1m-a-le-potentiel-detre-un-biomarqueur%2F\">Connectez-vous ici<\/a><\/div><\/div><\/div>","protected":false},"author":7,"featured_media":450254,"comment_status":"closed","ping_status":"closed","sticky":false,"template":"","format":"standard","meta":{"_acf_changed":false,"pmpro_default_level":"","cat_1_feature_home_top":false,"cat_2_editor_pick":false,"csco_eyebrow_text":"Polyarthrite rhumato\u00efde pr\u00e9coce","footnotes":""},"category":[11527,11531,11368,11315,11505,11549],"tags":[],"powerkit_post_featured":[],"class_list":["post-450253","post","type-post","status-publish","format-standard","has-post-thumbnail","category-etudes","category-formation-continue","category-geriatrie-fr","category-medecine-interne-generale","category-rhumatologie","category-rx-fr","pmpro-level-required","pmpro-level-1","pmpro-no-access"],"acf":[],"publishpress_future_action":{"enabled":false,"date":"2026-05-04 02:31:23","action":"change-status","newStatus":"draft","terms":[],"taxonomy":"category","extraData":[]},"publishpress_future_workflow_manual_trigger":{"enabledWorkflows":[]},"wpml_current_locale":"fr_FR","wpml_translations":{"it_IT":{"locale":"it_IT","id":450249,"slug":"il-c1m-ha-un-potenziale-come-biomarcatore","post_title":"Il C1M ha un potenziale come biomarcatore","href":"https:\/\/medizinonline.com\/it\/il-c1m-ha-un-potenziale-come-biomarcatore\/"},"pt_PT":{"locale":"pt_PT","id":450244,"slug":"o-c1m-tem-potencial-como-biomarcador","post_title":"O C1M tem potencial como biomarcador","href":"https:\/\/medizinonline.com\/pt-pt\/o-c1m-tem-potencial-como-biomarcador\/"},"es_ES":{"locale":"es_ES","id":450240,"slug":"la-c1m-tiene-potencial-como-biomarcador","post_title":"La C1M tiene potencial como biomarcador","href":"https:\/\/medizinonline.com\/es\/la-c1m-tiene-potencial-como-biomarcador\/"}},"_links":{"self":[{"href":"https:\/\/medizinonline.com\/fr\/wp-json\/wp\/v2\/posts\/450253","targetHints":{"allow":["GET"]}}],"collection":[{"href":"https:\/\/medizinonline.com\/fr\/wp-json\/wp\/v2\/posts"}],"about":[{"href":"https:\/\/medizinonline.com\/fr\/wp-json\/wp\/v2\/types\/post"}],"author":[{"embeddable":true,"href":"https:\/\/medizinonline.com\/fr\/wp-json\/wp\/v2\/users\/7"}],"replies":[{"embeddable":true,"href":"https:\/\/medizinonline.com\/fr\/wp-json\/wp\/v2\/comments?post=450253"}],"version-history":[{"count":1,"href":"https:\/\/medizinonline.com\/fr\/wp-json\/wp\/v2\/posts\/450253\/revisions"}],"predecessor-version":[{"id":450255,"href":"https:\/\/medizinonline.com\/fr\/wp-json\/wp\/v2\/posts\/450253\/revisions\/450255"}],"wp:featuredmedia":[{"embeddable":true,"href":"https:\/\/medizinonline.com\/fr\/wp-json\/wp\/v2\/media\/450254"}],"wp:attachment":[{"href":"https:\/\/medizinonline.com\/fr\/wp-json\/wp\/v2\/media?parent=450253"}],"wp:term":[{"taxonomy":"category","embeddable":true,"href":"https:\/\/medizinonline.com\/fr\/wp-json\/wp\/v2\/category?post=450253"},{"taxonomy":"post_tag","embeddable":true,"href":"https:\/\/medizinonline.com\/fr\/wp-json\/wp\/v2\/tags?post=450253"},{"taxonomy":"powerkit_post_featured","embeddable":true,"href":"https:\/\/medizinonline.com\/fr\/wp-json\/wp\/v2\/powerkit_post_featured?post=450253"}],"curies":[{"name":"wp","href":"https:\/\/api.w.org\/{rel}","templated":true}]}}