{"id":458595,"date":"2026-01-20T00:30:00","date_gmt":"2026-01-19T23:30:00","guid":{"rendered":"https:\/\/medizinonline.com\/?p=458595"},"modified":"2026-01-19T22:52:51","modified_gmt":"2026-01-19T21:52:51","slug":"fremanezumab-en-cas-de-migraine-et-de-depression-comorbides","status":"publish","type":"post","link":"https:\/\/medizinonline.com\/fr\/fremanezumab-en-cas-de-migraine-et-de-depression-comorbides\/","title":{"rendered":"Fremanezumab en cas de migraine et de d\u00e9pression comorbides"},"content":{"rendered":"\n<p><strong>La migraine et la d\u00e9pression se renforcent souvent mutuellement et compliquent le traitement. L&#8217;\u00e9tude UNITE montre que l&#8217;anticorps CGRP Fremanezumab r\u00e9duit de mani\u00e8re significative \u00e0 la fois les jours de migraine et les sympt\u00f4mes d\u00e9pressifs, m\u00eame chez les patients ayant suivi un traitement pr\u00e9alable complexe. Le produit s&#8217;est r\u00e9v\u00e9l\u00e9 efficace, bien tol\u00e9r\u00e9 et potentiellement doublement b\u00e9n\u00e9fique.  <\/strong><\/p>\n\n<div class=\"pmpro\"><div class=\"pmpro_card pmpro_content_message\"><div class=\"pmpro_card_content\">Dieser Inhalt ist nur f\u00fcr Benutzer der Gruppe: Medizinische Fachperson zug\u00e4nglich <br \/><a href=\"https:\/\/medizinonline.com\/fr\/mon-compte\/paquets\/\">Jetzt beitreten<\/a><\/div><div class=\"pmpro_card_actions pmpro_font-medium\">Already a member? <a href=\"https:\/\/medizinonline.com\/fr\/se-connecter\/?redirect_to=https%3A%2F%2Fmedizinonline.com%2Ffr%2Ffremanezumab-en-cas-de-migraine-et-de-depression-comorbides%2F\">Connectez-vous ici<\/a><\/div><\/div><\/div>","protected":false},"excerpt":{"rendered":"<p>La migraine et la d\u00e9pression se renforcent souvent mutuellement et compliquent le traitement. L&#8217;\u00e9tude UNITE montre que l&#8217;anticorps CGRP Fremanezumab r\u00e9duit de mani\u00e8re significative \u00e0 la fois les jours de&#8230;&hellip;... <\/p>\n<div class=\"pmpro\"><div class=\"pmpro_card pmpro_content_message\"><div class=\"pmpro_card_content\">Dieser Inhalt ist nur f\u00fcr Benutzer der Gruppe: Medizinische Fachperson zug\u00e4nglich <br \/><a href=\"https:\/\/medizinonline.com\/fr\/mon-compte\/paquets\/\">Jetzt beitreten<\/a><\/div><div class=\"pmpro_card_actions pmpro_font-medium\">Already a member? <a href=\"https:\/\/medizinonline.com\/fr\/se-connecter\/?redirect_to=https%3A%2F%2Fmedizinonline.com%2Ffr%2Ffremanezumab-en-cas-de-migraine-et-de-depression-comorbides%2F\">Connectez-vous ici<\/a><\/div><\/div><\/div>","protected":false},"author":7,"featured_media":458596,"comment_status":"closed","ping_status":"closed","sticky":false,"template":"","format":"standard","meta":{"_acf_changed":false,"pmpro_default_level":"","cat_1_feature_home_top":false,"cat_2_editor_pick":false,"csco_eyebrow_text":"Migraine","footnotes":""},"category":[11527,11383,11464,11549],"tags":[67239,19774,14976,28678,13867],"powerkit_post_featured":[],"class_list":["post-458595","post","type-post","status-publish","format-standard","has-post-thumbnail","category-etudes","category-neurologie-fr","category-pharmacologie-et-toxicologie","category-rx-fr","tag-anticorps-cgrp","tag-cgrp-fr","tag-depression-fr","tag-fremanezumab-fr","tag-migraine-fr","pmpro-level-required","pmpro-level-1","pmpro-no-access"],"acf":[],"publishpress_future_action":{"enabled":false,"date":"2026-05-03 20:30:19","action":"change-status","newStatus":"draft","terms":[],"taxonomy":"category","extraData":[]},"publishpress_future_workflow_manual_trigger":{"enabledWorkflows":[]},"wpml_current_locale":"fr_FR","wpml_translations":{"it_IT":{"locale":"it_IT","id":458570,"slug":"fremanezumab-per-lemicrania-e-la-depressione-in-comorbilita","post_title":"Fremanezumab per l'emicrania e la depressione in comorbilit\u00e0","href":"https:\/\/medizinonline.com\/it\/fremanezumab-per-lemicrania-e-la-depressione-in-comorbilita\/"},"pt_PT":{"locale":"pt_PT","id":458563,"slug":"fremanezumab-para-a-enxaqueca-e-depressao-comorbidas","post_title":"Fremanezumab para a enxaqueca e depress\u00e3o com\u00f3rbidas","href":"https:\/\/medizinonline.com\/pt-pt\/fremanezumab-para-a-enxaqueca-e-depressao-comorbidas\/"},"es_ES":{"locale":"es_ES","id":458663,"slug":"fremanezumab-para-la-migrana-comorbida-y-la-depresion","post_title":"Fremanezumab para la migra\u00f1a com\u00f3rbida y la depresi\u00f3n","href":"https:\/\/medizinonline.com\/es\/fremanezumab-para-la-migrana-comorbida-y-la-depresion\/"}},"_links":{"self":[{"href":"https:\/\/medizinonline.com\/fr\/wp-json\/wp\/v2\/posts\/458595","targetHints":{"allow":["GET"]}}],"collection":[{"href":"https:\/\/medizinonline.com\/fr\/wp-json\/wp\/v2\/posts"}],"about":[{"href":"https:\/\/medizinonline.com\/fr\/wp-json\/wp\/v2\/types\/post"}],"author":[{"embeddable":true,"href":"https:\/\/medizinonline.com\/fr\/wp-json\/wp\/v2\/users\/7"}],"replies":[{"embeddable":true,"href":"https:\/\/medizinonline.com\/fr\/wp-json\/wp\/v2\/comments?post=458595"}],"version-history":[{"count":1,"href":"https:\/\/medizinonline.com\/fr\/wp-json\/wp\/v2\/posts\/458595\/revisions"}],"predecessor-version":[{"id":458598,"href":"https:\/\/medizinonline.com\/fr\/wp-json\/wp\/v2\/posts\/458595\/revisions\/458598"}],"wp:featuredmedia":[{"embeddable":true,"href":"https:\/\/medizinonline.com\/fr\/wp-json\/wp\/v2\/media\/458596"}],"wp:attachment":[{"href":"https:\/\/medizinonline.com\/fr\/wp-json\/wp\/v2\/media?parent=458595"}],"wp:term":[{"taxonomy":"category","embeddable":true,"href":"https:\/\/medizinonline.com\/fr\/wp-json\/wp\/v2\/category?post=458595"},{"taxonomy":"post_tag","embeddable":true,"href":"https:\/\/medizinonline.com\/fr\/wp-json\/wp\/v2\/tags?post=458595"},{"taxonomy":"powerkit_post_featured","embeddable":true,"href":"https:\/\/medizinonline.com\/fr\/wp-json\/wp\/v2\/powerkit_post_featured?post=458595"}],"curies":[{"name":"wp","href":"https:\/\/api.w.org\/{rel}","templated":true}]}}