{"id":459100,"date":"2026-01-18T00:30:00","date_gmt":"2026-01-17T23:30:00","guid":{"rendered":"https:\/\/medizinonline.com\/promotion-des-competences-en-matiere-de-sante-de-labstrait-au-concret\/"},"modified":"2026-01-18T14:51:22","modified_gmt":"2026-01-18T13:51:22","slug":"promotion-des-competences-en-matiere-de-sante-de-labstrait-au-concret","status":"publish","type":"post","link":"https:\/\/medizinonline.com\/fr\/promotion-des-competences-en-matiere-de-sante-de-labstrait-au-concret\/","title":{"rendered":"Promotion des comp\u00e9tences en mati\u00e8re de sant\u00e9 : de l&#8217;abstrait au concret"},"content":{"rendered":"\n<p><strong>La strat\u00e9gie du Conseil f\u00e9d\u00e9ral en mati\u00e8re de politique de la sant\u00e9 &#8220;Sant\u00e9 2030&#8221; d\u00e9finit un cadre d&#8217;action de la politique de la sant\u00e9 qui vise \u00e0 garantir l&#8217;approvisionnement en soins dans les ann\u00e9es \u00e0 venir. Le deuxi\u00e8me des huit objectifs de la strat\u00e9gie concerne le renforcement des comp\u00e9tences en mati\u00e8re de sant\u00e9 de la population r\u00e9sidant en Suisse. <\/strong><\/p>\n\n\n\n<div class=\"pmpro\"><div class=\"pmpro_card pmpro_content_message\"><div class=\"pmpro_card_content\">Dieser Inhalt ist nur f\u00fcr Benutzer der Gruppe: Medizinische Fachperson zug\u00e4nglich <br \/><a href=\"https:\/\/medizinonline.com\/fr\/mon-compte\/paquets\/\">Jetzt beitreten<\/a><\/div><div class=\"pmpro_card_actions pmpro_font-medium\">Already a member? <a href=\"https:\/\/medizinonline.com\/fr\/se-connecter\/?redirect_to=https%3A%2F%2Fmedizinonline.com%2Ffr%2Fpromotion-des-competences-en-matiere-de-sante-de-labstrait-au-concret%2F\">Connectez-vous ici<\/a><\/div><\/div><\/div>","protected":false},"excerpt":{"rendered":"<p>La strat\u00e9gie du Conseil f\u00e9d\u00e9ral en mati\u00e8re de politique de la sant\u00e9 &#8220;Sant\u00e9 2030&#8221; d\u00e9finit un cadre d&#8217;action de la politique de la sant\u00e9 qui vise \u00e0 garantir l&#8217;approvisionnement en&#8230;&hellip;... <\/p>\n<div class=\"pmpro\"><div class=\"pmpro_card pmpro_content_message\"><div class=\"pmpro_card_content\">Dieser Inhalt ist nur f\u00fcr Benutzer der Gruppe: Medizinische Fachperson zug\u00e4nglich <br \/><a href=\"https:\/\/medizinonline.com\/fr\/mon-compte\/paquets\/\">Jetzt beitreten<\/a><\/div><div class=\"pmpro_card_actions pmpro_font-medium\">Already a member? <a href=\"https:\/\/medizinonline.com\/fr\/se-connecter\/?redirect_to=https%3A%2F%2Fmedizinonline.com%2Ffr%2Fpromotion-des-competences-en-matiere-de-sante-de-labstrait-au-concret%2F\">Connectez-vous ici<\/a><\/div><\/div><\/div>","protected":false},"author":7,"featured_media":459104,"comment_status":"closed","ping_status":"closed","sticky":false,"template":"","format":"standard","meta":{"_acf_changed":false,"pmpro_default_level":"","cat_1_feature_home_top":false,"cat_2_editor_pick":false,"csco_eyebrow_text":"Litt\u00e9ratie en mati\u00e8re de sant\u00e9","footnotes":""},"category":[11527,11546,11315,11482,11549],"tags":[12327,65319,87348],"powerkit_post_featured":[],"class_list":["post-459100","post","type-post","status-publish","format-standard","has-post-thumbnail","category-etudes","category-gestion-du-cabinet-medical","category-medecine-interne-generale","category-prevention-et-soins-de-sante","category-rx-fr","tag-competences-en-matiere-de-sante","tag-litteratie-en-matiere-de-sante","tag-sante-2030","pmpro-level-required","pmpro-level-1","pmpro-no-access"],"acf":[],"publishpress_future_action":{"enabled":false,"date":"2026-05-08 23:04:49","action":"change-status","newStatus":"draft","terms":[],"taxonomy":"category","extraData":[]},"publishpress_future_workflow_manual_trigger":{"enabledWorkflows":[]},"wpml_current_locale":"fr_FR","wpml_translations":{"it_IT":{"locale":"it_IT","id":459081,"slug":"promuovere-lalfabetizzazione-sanitaria-dal-livello-astratto-a-quello-concreto","post_title":"Promuovere l'alfabetizzazione sanitaria: dal livello astratto a quello concreto","href":"https:\/\/medizinonline.com\/it\/promuovere-lalfabetizzazione-sanitaria-dal-livello-astratto-a-quello-concreto\/"},"pt_PT":{"locale":"pt_PT","id":459095,"slug":"promover-a-literacia-em-saude-do-nivel-abstrato-ao-nivel-concreto","post_title":"Promover a literacia em sa\u00fade: do n\u00edvel abstrato ao n\u00edvel concreto","href":"https:\/\/medizinonline.com\/pt-pt\/promover-a-literacia-em-saude-do-nivel-abstrato-ao-nivel-concreto\/"},"es_ES":{"locale":"es_ES","id":459098,"slug":"promover-la-alfabetizacion-sanitaria-de-lo-abstracto-a-lo-concreto","post_title":"Promover la alfabetizaci\u00f3n sanitaria: de lo abstracto a lo concreto","href":"https:\/\/medizinonline.com\/es\/promover-la-alfabetizacion-sanitaria-de-lo-abstracto-a-lo-concreto\/"}},"_links":{"self":[{"href":"https:\/\/medizinonline.com\/fr\/wp-json\/wp\/v2\/posts\/459100","targetHints":{"allow":["GET"]}}],"collection":[{"href":"https:\/\/medizinonline.com\/fr\/wp-json\/wp\/v2\/posts"}],"about":[{"href":"https:\/\/medizinonline.com\/fr\/wp-json\/wp\/v2\/types\/post"}],"author":[{"embeddable":true,"href":"https:\/\/medizinonline.com\/fr\/wp-json\/wp\/v2\/users\/7"}],"replies":[{"embeddable":true,"href":"https:\/\/medizinonline.com\/fr\/wp-json\/wp\/v2\/comments?post=459100"}],"version-history":[{"count":2,"href":"https:\/\/medizinonline.com\/fr\/wp-json\/wp\/v2\/posts\/459100\/revisions"}],"predecessor-version":[{"id":460829,"href":"https:\/\/medizinonline.com\/fr\/wp-json\/wp\/v2\/posts\/459100\/revisions\/460829"}],"wp:featuredmedia":[{"embeddable":true,"href":"https:\/\/medizinonline.com\/fr\/wp-json\/wp\/v2\/media\/459104"}],"wp:attachment":[{"href":"https:\/\/medizinonline.com\/fr\/wp-json\/wp\/v2\/media?parent=459100"}],"wp:term":[{"taxonomy":"category","embeddable":true,"href":"https:\/\/medizinonline.com\/fr\/wp-json\/wp\/v2\/category?post=459100"},{"taxonomy":"post_tag","embeddable":true,"href":"https:\/\/medizinonline.com\/fr\/wp-json\/wp\/v2\/tags?post=459100"},{"taxonomy":"powerkit_post_featured","embeddable":true,"href":"https:\/\/medizinonline.com\/fr\/wp-json\/wp\/v2\/powerkit_post_featured?post=459100"}],"curies":[{"name":"wp","href":"https:\/\/api.w.org\/{rel}","templated":true}]}}