{"id":460218,"date":"2026-01-17T12:45:00","date_gmt":"2026-01-17T11:45:00","guid":{"rendered":"https:\/\/medizinonline.com\/symptomes-danxiete-dans-les-troubles-alimentaires\/"},"modified":"2026-01-16T22:26:39","modified_gmt":"2026-01-16T21:26:39","slug":"symptomes-danxiete-dans-les-troubles-alimentaires","status":"publish","type":"post","link":"https:\/\/medizinonline.com\/fr\/symptomes-danxiete-dans-les-troubles-alimentaires\/","title":{"rendered":"Sympt\u00f4mes d&#8217;anxi\u00e9t\u00e9 dans les troubles alimentaires"},"content":{"rendered":"\n<p><strong>Les troubles alimentaires font partie des maladies mentales qui sont fortement influenc\u00e9es par des facteurs de stress biologiques, psychologiques et sociaux. Les sympt\u00f4mes d&#8217;anxi\u00e9t\u00e9 sont parmi les plus fr\u00e9quents et les plus invalidants. La revue syst\u00e9matique de Morris et ses coll\u00e8gues, publi\u00e9e en 2025, est enti\u00e8rement consacr\u00e9e au traitement pharmacologique de l&#8217;anxi\u00e9t\u00e9 chez les personnes souffrant de troubles alimentaires. Les auteurs rapportent que les sympt\u00f4mes d&#8217;anxi\u00e9t\u00e9 jouent un r\u00f4le essentiel \u00e0 la fois en tant que comorbidit\u00e9s ind\u00e9pendantes et en tant que processus li\u00e9s \u00e0 l&#8217;alimentation. La pr\u00e9valence des troubles anxieux formels est \u00e9lev\u00e9e et l&#8217;anxi\u00e9t\u00e9 peut influencer consid\u00e9rablement l&#8217;\u00e9volution du trouble alimentaire, par exemple en augmentant la s\u00e9v\u00e9rit\u00e9 des sympt\u00f4mes, en augmentant les taux de rechute ou en augmentant les fr\u00e9quences d&#8217;hospitalisation. La revue r\u00e9sume 51 \u00e9tudes qui ont examin\u00e9 les options de traitement pharmacologique en fonction de leurs effets sur les sympt\u00f4mes d&#8217;anxi\u00e9t\u00e9. Ces \u00e9tudes consistaient en des essais contr\u00f4l\u00e9s randomis\u00e9s, des \u00e9tudes ouvertes, des s\u00e9ries de cas, des rapports de cas et des \u00e9tudes r\u00e9trospectives, ce qui donne une base de preuves h\u00e9t\u00e9rog\u00e8ne, mais globalement significative.      <\/strong><\/p>\n\n<div class=\"pmpro\"><div class=\"pmpro_card pmpro_content_message\"><div class=\"pmpro_card_content\">Dieser Inhalt ist nur f\u00fcr Benutzer der Gruppe: Medizinische Fachperson zug\u00e4nglich <br \/><a href=\"https:\/\/medizinonline.com\/fr\/mon-compte\/paquets\/\">Jetzt beitreten<\/a><\/div><div class=\"pmpro_card_actions pmpro_font-medium\">Already a member? <a href=\"https:\/\/medizinonline.com\/fr\/se-connecter\/?redirect_to=https%3A%2F%2Fmedizinonline.com%2Ffr%2Fsymptomes-danxiete-dans-les-troubles-alimentaires%2F\">Connectez-vous ici<\/a><\/div><\/div><\/div>","protected":false},"excerpt":{"rendered":"<p>Les troubles alimentaires font partie des maladies mentales qui sont fortement influenc\u00e9es par des facteurs de stress biologiques, psychologiques et sociaux. Les sympt\u00f4mes d&#8217;anxi\u00e9t\u00e9 sont parmi les plus fr\u00e9quents et&#8230;&hellip;... <\/p>\n<div class=\"pmpro\"><div class=\"pmpro_card pmpro_content_message\"><div class=\"pmpro_card_content\">Dieser Inhalt ist nur f\u00fcr Benutzer der Gruppe: Medizinische Fachperson zug\u00e4nglich <br \/><a href=\"https:\/\/medizinonline.com\/fr\/mon-compte\/paquets\/\">Jetzt beitreten<\/a><\/div><div class=\"pmpro_card_actions pmpro_font-medium\">Already a member? <a href=\"https:\/\/medizinonline.com\/fr\/se-connecter\/?redirect_to=https%3A%2F%2Fmedizinonline.com%2Ffr%2Fsymptomes-danxiete-dans-les-troubles-alimentaires%2F\">Connectez-vous ici<\/a><\/div><\/div><\/div>","protected":false},"author":7,"featured_media":460219,"comment_status":"closed","ping_status":"closed","sticky":false,"template":"","format":"standard","meta":{"_acf_changed":false,"pmpro_default_level":"","cat_1_feature_home_top":false,"cat_2_editor_pick":false,"csco_eyebrow_text":"Th\u00e9rapie pharmacologique  ","footnotes":""},"category":[11527,11531,11410,11464,11489,11549],"tags":[31198,23634],"powerkit_post_featured":[],"class_list":["post-460218","post","type-post","status-publish","format-standard","has-post-thumbnail","category-etudes","category-formation-continue","category-nutrition-fr","category-pharmacologie-et-toxicologie","category-psychiatrie-et-psychotherapie","category-rx-fr","tag-troubles-alimentaires","tag-troubles-anxieux","pmpro-level-required","pmpro-level-1","pmpro-no-access"],"acf":[],"publishpress_future_action":{"enabled":false,"date":"2026-05-06 19:10:17","action":"change-status","newStatus":"draft","terms":[],"taxonomy":"category","extraData":[]},"publishpress_future_workflow_manual_trigger":{"enabledWorkflows":[]},"wpml_current_locale":"fr_FR","wpml_translations":{"it_IT":{"locale":"it_IT","id":460215,"slug":"sintomi-di-ansia-nei-disturbi-alimentari","post_title":"Sintomi di ansia nei disturbi alimentari","href":"https:\/\/medizinonline.com\/it\/sintomi-di-ansia-nei-disturbi-alimentari\/"},"pt_PT":{"locale":"pt_PT","id":460224,"slug":"sintomas-de-ansiedade-nas-perturbacoes-alimentares","post_title":"Sintomas de ansiedade nas perturba\u00e7\u00f5es alimentares","href":"https:\/\/medizinonline.com\/pt-pt\/sintomas-de-ansiedade-nas-perturbacoes-alimentares\/"},"es_ES":{"locale":"es_ES","id":460212,"slug":"sintomas-de-ansiedad-en-los-trastornos-alimentarios","post_title":"S\u00edntomas de ansiedad en los trastornos alimentarios","href":"https:\/\/medizinonline.com\/es\/sintomas-de-ansiedad-en-los-trastornos-alimentarios\/"}},"_links":{"self":[{"href":"https:\/\/medizinonline.com\/fr\/wp-json\/wp\/v2\/posts\/460218","targetHints":{"allow":["GET"]}}],"collection":[{"href":"https:\/\/medizinonline.com\/fr\/wp-json\/wp\/v2\/posts"}],"about":[{"href":"https:\/\/medizinonline.com\/fr\/wp-json\/wp\/v2\/types\/post"}],"author":[{"embeddable":true,"href":"https:\/\/medizinonline.com\/fr\/wp-json\/wp\/v2\/users\/7"}],"replies":[{"embeddable":true,"href":"https:\/\/medizinonline.com\/fr\/wp-json\/wp\/v2\/comments?post=460218"}],"version-history":[{"count":1,"href":"https:\/\/medizinonline.com\/fr\/wp-json\/wp\/v2\/posts\/460218\/revisions"}],"predecessor-version":[{"id":460220,"href":"https:\/\/medizinonline.com\/fr\/wp-json\/wp\/v2\/posts\/460218\/revisions\/460220"}],"wp:featuredmedia":[{"embeddable":true,"href":"https:\/\/medizinonline.com\/fr\/wp-json\/wp\/v2\/media\/460219"}],"wp:attachment":[{"href":"https:\/\/medizinonline.com\/fr\/wp-json\/wp\/v2\/media?parent=460218"}],"wp:term":[{"taxonomy":"category","embeddable":true,"href":"https:\/\/medizinonline.com\/fr\/wp-json\/wp\/v2\/category?post=460218"},{"taxonomy":"post_tag","embeddable":true,"href":"https:\/\/medizinonline.com\/fr\/wp-json\/wp\/v2\/tags?post=460218"},{"taxonomy":"powerkit_post_featured","embeddable":true,"href":"https:\/\/medizinonline.com\/fr\/wp-json\/wp\/v2\/powerkit_post_featured?post=460218"}],"curies":[{"name":"wp","href":"https:\/\/api.w.org\/{rel}","templated":true}]}}