{"id":460272,"date":"2026-02-19T21:54:30","date_gmt":"2026-02-19T20:54:30","guid":{"rendered":"https:\/\/medizinonline.com\/troubles-anxieux-et-depressifs-a-ladolescence\/"},"modified":"2026-02-19T21:54:55","modified_gmt":"2026-02-19T20:54:55","slug":"troubles-anxieux-et-depressifs-a-ladolescence","status":"publish","type":"post","link":"https:\/\/medizinonline.com\/fr\/troubles-anxieux-et-depressifs-a-ladolescence\/","title":{"rendered":"Troubles anxieux et d\u00e9pressifs \u00e0 l&#8217;adolescence"},"content":{"rendered":"\n<p><strong>La pr\u00e9valence des sympt\u00f4mes d&#8217;anxi\u00e9t\u00e9 et de d\u00e9pression cliniquement significatifs chez les enfants et les adolescents a consid\u00e9rablement augment\u00e9 ces derni\u00e8res ann\u00e9es. Alors qu&#8217;en 2015, environ 7% des adolescents dans le monde rapportaient des sympt\u00f4mes anxieux \u00e9lev\u00e9s et 7,5% des sympt\u00f4mes d\u00e9pressifs, les estimations globales pour 2021 montrent des valeurs nettement plus \u00e9lev\u00e9es : 20,5% des adolescents pr\u00e9sentent des sympt\u00f4mes anxieux \u00e9lev\u00e9s et 25,2% des sympt\u00f4mes d\u00e9pressifs. Les m\u00e9ta-analyses montrent que les troubles d\u00e9pressifs \u00e0 l&#8217;adolescence sont associ\u00e9s \u00e0 des effets n\u00e9gatifs sur les r\u00e9sultats scolaires, l&#8217;int\u00e9gration sur le march\u00e9 du travail, la parentalit\u00e9 pr\u00e9coce, les comportements suicidaires et la consommation de substances. De m\u00eame, les troubles anxieux sont associ\u00e9s \u00e0 des maladies mentales ult\u00e9rieures, \u00e0 la consommation de substances, \u00e0 des probl\u00e8mes de sant\u00e9, \u00e0 l&#8217;automutilation, \u00e0 des difficult\u00e9s dans la vie professionnelle et \u00e0 des charges financi\u00e8res.   <\/strong><\/p>\n\n<div class=\"pmpro\"><div class=\"pmpro_card pmpro_content_message\"><div class=\"pmpro_card_content\">Dieser Inhalt ist nur f\u00fcr Benutzer der Gruppe: Medizinische Fachperson zug\u00e4nglich <br \/><a href=\"https:\/\/medizinonline.com\/fr\/mon-compte\/paquets\/\">Jetzt beitreten<\/a><\/div><div class=\"pmpro_card_actions pmpro_font-medium\">Already a member? <a href=\"https:\/\/medizinonline.com\/fr\/se-connecter\/?redirect_to=https%3A%2F%2Fmedizinonline.com%2Ffr%2Ftroubles-anxieux-et-depressifs-a-ladolescence%2F\">Connectez-vous ici<\/a><\/div><\/div><\/div>","protected":false},"excerpt":{"rendered":"<p>La pr\u00e9valence des sympt\u00f4mes d&#8217;anxi\u00e9t\u00e9 et de d\u00e9pression cliniquement significatifs chez les enfants et les adolescents a consid\u00e9rablement augment\u00e9 ces derni\u00e8res ann\u00e9es. Alors qu&#8217;en 2015, environ 7% des adolescents dans&#8230;&hellip;... <\/p>\n<div class=\"pmpro\"><div class=\"pmpro_card pmpro_content_message\"><div class=\"pmpro_card_content\">Dieser Inhalt ist nur f\u00fcr Benutzer der Gruppe: Medizinische Fachperson zug\u00e4nglich <br \/><a href=\"https:\/\/medizinonline.com\/fr\/mon-compte\/paquets\/\">Jetzt beitreten<\/a><\/div><div class=\"pmpro_card_actions pmpro_font-medium\">Already a member? <a href=\"https:\/\/medizinonline.com\/fr\/se-connecter\/?redirect_to=https%3A%2F%2Fmedizinonline.com%2Ffr%2Ftroubles-anxieux-et-depressifs-a-ladolescence%2F\">Connectez-vous ici<\/a><\/div><\/div><\/div>","protected":false},"author":7,"featured_media":460273,"comment_status":"closed","ping_status":"closed","sticky":false,"template":"","format":"standard","meta":{"_acf_changed":false,"pmpro_default_level":"","cat_1_feature_home_top":false,"cat_2_editor_pick":false,"csco_eyebrow_text":"Diagnostic et traitement fond\u00e9s sur des donn\u00e9es probantes dans le cadre m\u00e9dical  ","footnotes":""},"category":[11527,11531,11458,11464,11489,11549],"tags":[14976,63623,88057],"powerkit_post_featured":[],"class_list":["post-460272","post","type-post","status-publish","format-standard","has-post-thumbnail","category-etudes","category-formation-continue","category-pediatrie","category-pharmacologie-et-toxicologie","category-psychiatrie-et-psychotherapie","category-rx-fr","tag-depression-fr","tag-groupes-a-risque","tag-lacunes-dans-lapprovisionnement","pmpro-level-required","pmpro-level-1","pmpro-no-access"],"acf":[],"publishpress_future_action":{"enabled":false,"date":"2026-05-07 02:32:43","action":"change-status","newStatus":"draft","terms":[],"taxonomy":"category","extraData":[]},"publishpress_future_workflow_manual_trigger":{"enabledWorkflows":[]},"wpml_current_locale":"fr_FR","wpml_translations":{"it_IT":{"locale":"it_IT","id":460269,"slug":"disturbi-dansia-e-depressione-nelladolescenza","post_title":"Disturbi d'ansia e depressione nell'adolescenza","href":"https:\/\/medizinonline.com\/it\/disturbi-dansia-e-depressione-nelladolescenza\/"},"pt_PT":{"locale":"pt_PT","id":460266,"slug":"perturbacoes-de-ansiedade-e-depressao-na-adolescencia","post_title":"Perturba\u00e7\u00f5es de ansiedade e depress\u00e3o na adolesc\u00eancia","href":"https:\/\/medizinonline.com\/pt-pt\/perturbacoes-de-ansiedade-e-depressao-na-adolescencia\/"},"es_ES":{"locale":"es_ES","id":460227,"slug":"trastornos-de-ansiedad-y-depresion-en-la-adolescencia","post_title":"Trastornos de ansiedad y depresi\u00f3n en la adolescencia","href":"https:\/\/medizinonline.com\/es\/trastornos-de-ansiedad-y-depresion-en-la-adolescencia\/"}},"_links":{"self":[{"href":"https:\/\/medizinonline.com\/fr\/wp-json\/wp\/v2\/posts\/460272","targetHints":{"allow":["GET"]}}],"collection":[{"href":"https:\/\/medizinonline.com\/fr\/wp-json\/wp\/v2\/posts"}],"about":[{"href":"https:\/\/medizinonline.com\/fr\/wp-json\/wp\/v2\/types\/post"}],"author":[{"embeddable":true,"href":"https:\/\/medizinonline.com\/fr\/wp-json\/wp\/v2\/users\/7"}],"replies":[{"embeddable":true,"href":"https:\/\/medizinonline.com\/fr\/wp-json\/wp\/v2\/comments?post=460272"}],"version-history":[{"count":1,"href":"https:\/\/medizinonline.com\/fr\/wp-json\/wp\/v2\/posts\/460272\/revisions"}],"predecessor-version":[{"id":460274,"href":"https:\/\/medizinonline.com\/fr\/wp-json\/wp\/v2\/posts\/460272\/revisions\/460274"}],"wp:featuredmedia":[{"embeddable":true,"href":"https:\/\/medizinonline.com\/fr\/wp-json\/wp\/v2\/media\/460273"}],"wp:attachment":[{"href":"https:\/\/medizinonline.com\/fr\/wp-json\/wp\/v2\/media?parent=460272"}],"wp:term":[{"taxonomy":"category","embeddable":true,"href":"https:\/\/medizinonline.com\/fr\/wp-json\/wp\/v2\/category?post=460272"},{"taxonomy":"post_tag","embeddable":true,"href":"https:\/\/medizinonline.com\/fr\/wp-json\/wp\/v2\/tags?post=460272"},{"taxonomy":"powerkit_post_featured","embeddable":true,"href":"https:\/\/medizinonline.com\/fr\/wp-json\/wp\/v2\/powerkit_post_featured?post=460272"}],"curies":[{"name":"wp","href":"https:\/\/api.w.org\/{rel}","templated":true}]}}