{"id":460497,"date":"2026-02-13T21:39:23","date_gmt":"2026-02-13T20:39:23","guid":{"rendered":"https:\/\/medizinonline.com\/immunosenescence-et-inflammation\/"},"modified":"2026-02-13T21:39:31","modified_gmt":"2026-02-13T20:39:31","slug":"immunosenescence-et-inflammation","status":"publish","type":"post","link":"https:\/\/medizinonline.com\/fr\/immunosenescence-et-inflammation\/","title":{"rendered":"Immunos\u00e9nescence et inflammation"},"content":{"rendered":"\n<p><strong>L&#8217;immunos\u00e9nescence et l&#8217;inflammation sont aujourd&#8217;hui consid\u00e9r\u00e9es comme des m\u00e9canismes biologiques cl\u00e9s du vieillissement. Le syst\u00e8me immunitaire transform\u00e9 par l&#8217;\u00e2ge est \u00e0 la fois affaibli et chroniquement activ\u00e9 &#8211; avec des cons\u00e9quences sur la sensibilit\u00e9 aux infections, le d\u00e9veloppement de tumeurs et le grand groupe de maladies cardiom\u00e9taboliques induites par l&#8217;inflammation. Les paragraphes suivants r\u00e9sument les m\u00e9canismes mol\u00e9culaires cl\u00e9s, les manifestations cliniques et les approches d&#8217;intervention potentielles, en se basant sur des revues et des \u00e9tudes primaires r\u00e9centes sur l&#8217;immunos\u00e9nescence, l&#8217;inflammation chronique et les maladies li\u00e9es \u00e0 l&#8217;\u00e2ge.    <\/strong><\/p>\n\n<div class=\"pmpro\"><div class=\"pmpro_card pmpro_content_message\"><div class=\"pmpro_card_content\">Dieser Inhalt ist nur f\u00fcr Benutzer der Gruppe: Medizinische Fachperson zug\u00e4nglich <br \/><a href=\"https:\/\/medizinonline.com\/fr\/mon-compte\/paquets\/\">Jetzt beitreten<\/a><\/div><div class=\"pmpro_card_actions pmpro_font-medium\">Already a member? <a href=\"https:\/\/medizinonline.com\/fr\/se-connecter\/?redirect_to=https%3A%2F%2Fmedizinonline.com%2Ffr%2Fimmunosenescence-et-inflammation%2F\">Connectez-vous ici<\/a><\/div><\/div><\/div>","protected":false},"excerpt":{"rendered":"<p>L&#8217;immunos\u00e9nescence et l&#8217;inflammation sont aujourd&#8217;hui consid\u00e9r\u00e9es comme des m\u00e9canismes biologiques cl\u00e9s du vieillissement. Le syst\u00e8me immunitaire transform\u00e9 par l&#8217;\u00e2ge est \u00e0 la fois affaibli et chroniquement activ\u00e9 &#8211; avec des&#8230;&hellip;... <\/p>\n<div class=\"pmpro\"><div class=\"pmpro_card pmpro_content_message\"><div class=\"pmpro_card_content\">Dieser Inhalt ist nur f\u00fcr Benutzer der Gruppe: Medizinische Fachperson zug\u00e4nglich <br \/><a href=\"https:\/\/medizinonline.com\/fr\/mon-compte\/paquets\/\">Jetzt beitreten<\/a><\/div><div class=\"pmpro_card_actions pmpro_font-medium\">Already a member? <a href=\"https:\/\/medizinonline.com\/fr\/se-connecter\/?redirect_to=https%3A%2F%2Fmedizinonline.com%2Ffr%2Fimmunosenescence-et-inflammation%2F\">Connectez-vous ici<\/a><\/div><\/div><\/div>","protected":false},"author":7,"featured_media":460498,"comment_status":"closed","ping_status":"closed","sticky":false,"template":"","format":"standard","meta":{"_acf_changed":false,"pmpro_default_level":"","cat_1_feature_home_top":false,"cat_2_editor_pick":false,"csco_eyebrow_text":"L'inflammation chronique, moteur du vieillissement","footnotes":""},"category":[11527,11531,11417,11368,11315,11389,11482,11549],"tags":[],"powerkit_post_featured":[],"class_list":["post-460497","post","type-post","status-publish","format-standard","has-post-thumbnail","category-etudes","category-formation-continue","category-genetique","category-geriatrie-fr","category-medecine-interne-generale","category-oncologie","category-prevention-et-soins-de-sante","category-rx-fr","pmpro-level-required","pmpro-level-1","pmpro-no-access"],"acf":[],"publishpress_future_action":{"enabled":false,"date":"2026-05-04 21:01:13","action":"change-status","newStatus":"draft","terms":[],"taxonomy":"category","extraData":[]},"publishpress_future_workflow_manual_trigger":{"enabledWorkflows":[]},"wpml_current_locale":"fr_FR","wpml_translations":{"it_IT":{"locale":"it_IT","id":460563,"slug":"immunosenescenza-e-infiammazione","post_title":"Immunosenescenza e infiammazione","href":"https:\/\/medizinonline.com\/it\/immunosenescenza-e-infiammazione\/"},"pt_PT":{"locale":"pt_PT","id":460560,"slug":"imunossenescencia-e-inflamacao","post_title":"Imunossenesc\u00eancia e inflama\u00e7\u00e3o","href":"https:\/\/medizinonline.com\/pt-pt\/imunossenescencia-e-inflamacao\/"},"es_ES":{"locale":"es_ES","id":460581,"slug":"inmunosenescencia-e-inflamacion","post_title":"Inmunosenescencia e inflamaci\u00f3n","href":"https:\/\/medizinonline.com\/es\/inmunosenescencia-e-inflamacion\/"}},"_links":{"self":[{"href":"https:\/\/medizinonline.com\/fr\/wp-json\/wp\/v2\/posts\/460497","targetHints":{"allow":["GET"]}}],"collection":[{"href":"https:\/\/medizinonline.com\/fr\/wp-json\/wp\/v2\/posts"}],"about":[{"href":"https:\/\/medizinonline.com\/fr\/wp-json\/wp\/v2\/types\/post"}],"author":[{"embeddable":true,"href":"https:\/\/medizinonline.com\/fr\/wp-json\/wp\/v2\/users\/7"}],"replies":[{"embeddable":true,"href":"https:\/\/medizinonline.com\/fr\/wp-json\/wp\/v2\/comments?post=460497"}],"version-history":[{"count":1,"href":"https:\/\/medizinonline.com\/fr\/wp-json\/wp\/v2\/posts\/460497\/revisions"}],"predecessor-version":[{"id":460499,"href":"https:\/\/medizinonline.com\/fr\/wp-json\/wp\/v2\/posts\/460497\/revisions\/460499"}],"wp:featuredmedia":[{"embeddable":true,"href":"https:\/\/medizinonline.com\/fr\/wp-json\/wp\/v2\/media\/460498"}],"wp:attachment":[{"href":"https:\/\/medizinonline.com\/fr\/wp-json\/wp\/v2\/media?parent=460497"}],"wp:term":[{"taxonomy":"category","embeddable":true,"href":"https:\/\/medizinonline.com\/fr\/wp-json\/wp\/v2\/category?post=460497"},{"taxonomy":"post_tag","embeddable":true,"href":"https:\/\/medizinonline.com\/fr\/wp-json\/wp\/v2\/tags?post=460497"},{"taxonomy":"powerkit_post_featured","embeddable":true,"href":"https:\/\/medizinonline.com\/fr\/wp-json\/wp\/v2\/powerkit_post_featured?post=460497"}],"curies":[{"name":"wp","href":"https:\/\/api.w.org\/{rel}","templated":true}]}}