{"id":461521,"date":"2026-03-06T22:13:43","date_gmt":"2026-03-06T21:13:43","guid":{"rendered":"https:\/\/medizinonline.com\/profil-des-sphingolipides-dans-la-cholangite-biliaire-primitive-au-stade-precoce\/"},"modified":"2026-03-06T22:13:49","modified_gmt":"2026-03-06T21:13:49","slug":"profil-des-sphingolipides-dans-la-cholangite-biliaire-primitive-au-stade-precoce","status":"publish","type":"post","link":"https:\/\/medizinonline.com\/fr\/profil-des-sphingolipides-dans-la-cholangite-biliaire-primitive-au-stade-precoce\/","title":{"rendered":"Profil des sphingolipides dans la cholangite biliaire primitive au stade pr\u00e9coce"},"content":{"rendered":"\n<p><strong>En utilisant la chromatographie liquide \u00e0 ultra-haute performance coupl\u00e9e \u00e0 la spectrom\u00e9trie de masse en tandem (UHPLC-MS\/MS), une \u00e9quipe de recherche polonaise a d\u00e9couvert de nouvelles informations int\u00e9ressantes sur les modifications du m\u00e9tabolisme des sphingolipides chez les patients atteints de cholangite biliaire primitive (CBP) \u00e0 un stade pr\u00e9coce. Ces r\u00e9sultats encouragent \u00e0 poursuivre les recherches sur l&#8217;utilit\u00e9 potentielle des sphingolipides en tant que biomarqueurs et cibles dans les maladies h\u00e9patiques cholestatiques, concluent les auteurs.   <\/strong><\/p>\n\n<div class=\"pmpro\"><div class=\"pmpro_card pmpro_content_message\"><div class=\"pmpro_card_content\">Dieser Inhalt ist nur f\u00fcr Benutzer der Gruppe: Medizinische Fachperson zug\u00e4nglich <br \/><a href=\"https:\/\/medizinonline.com\/fr\/mon-compte\/paquets\/\">Jetzt beitreten<\/a><\/div><div class=\"pmpro_card_actions pmpro_font-medium\">Already a member? <a href=\"https:\/\/medizinonline.com\/fr\/se-connecter\/?redirect_to=https%3A%2F%2Fmedizinonline.com%2Ffr%2Fprofil-des-sphingolipides-dans-la-cholangite-biliaire-primitive-au-stade-precoce%2F\">Connectez-vous ici<\/a><\/div><\/div><\/div>","protected":false},"excerpt":{"rendered":"<p>En utilisant la chromatographie liquide \u00e0 ultra-haute performance coupl\u00e9e \u00e0 la spectrom\u00e9trie de masse en tandem (UHPLC-MS\/MS), une \u00e9quipe de recherche polonaise a d\u00e9couvert de nouvelles informations int\u00e9ressantes sur les&#8230;&hellip;... <\/p>\n<div class=\"pmpro\"><div class=\"pmpro_card pmpro_content_message\"><div class=\"pmpro_card_content\">Dieser Inhalt ist nur f\u00fcr Benutzer der Gruppe: Medizinische Fachperson zug\u00e4nglich <br \/><a href=\"https:\/\/medizinonline.com\/fr\/mon-compte\/paquets\/\">Jetzt beitreten<\/a><\/div><div class=\"pmpro_card_actions pmpro_font-medium\">Already a member? <a href=\"https:\/\/medizinonline.com\/fr\/se-connecter\/?redirect_to=https%3A%2F%2Fmedizinonline.com%2Ffr%2Fprofil-des-sphingolipides-dans-la-cholangite-biliaire-primitive-au-stade-precoce%2F\">Connectez-vous ici<\/a><\/div><\/div><\/div>","protected":false},"author":7,"featured_media":461522,"comment_status":"closed","ping_status":"closed","sticky":false,"template":"","format":"standard","meta":{"_acf_changed":false,"pmpro_default_level":"","cat_1_feature_home_top":false,"cat_2_editor_pick":false,"csco_eyebrow_text":"Rapport d'\u00e9tude  ","footnotes":""},"category":[11527,11531,11414,11315,11549],"tags":[85706,32536,88261,67788],"powerkit_post_featured":[],"class_list":["post-461521","post","type-post","status-publish","format-standard","has-post-thumbnail","category-etudes","category-formation-continue","category-gastro-enterologie-et-hepatologie","category-medecine-interne-generale","category-rx-fr","tag-cholangite-biliaire-primaire-2","tag-pbc-fr","tag-profil-des-sphingolipides","tag-stade-precoce","pmpro-level-required","pmpro-level-1","pmpro-no-access"],"acf":[],"publishpress_future_action":{"enabled":false,"date":"2026-05-02 07:26:20","action":"change-status","newStatus":"draft","terms":[],"taxonomy":"category","extraData":[]},"publishpress_future_workflow_manual_trigger":{"enabledWorkflows":[]},"wpml_current_locale":"fr_FR","wpml_translations":{"it_IT":{"locale":"it_IT","id":461582,"slug":"profilo-degli-sfingolipidi-nella-colangite-biliare-primaria-in-fase-iniziale","post_title":"Profilo degli sfingolipidi nella colangite biliare primaria in fase iniziale","href":"https:\/\/medizinonline.com\/it\/profilo-degli-sfingolipidi-nella-colangite-biliare-primaria-in-fase-iniziale\/"},"pt_PT":{"locale":"pt_PT","id":461496,"slug":"perfil-dos-esfingolipidos-na-colangite-biliar-primaria-em-fase-inicial","post_title":"Perfil dos esfingol\u00edpidos na colangite biliar prim\u00e1ria em fase inicial","href":"https:\/\/medizinonline.com\/pt-pt\/perfil-dos-esfingolipidos-na-colangite-biliar-primaria-em-fase-inicial\/"},"es_ES":{"locale":"es_ES","id":461606,"slug":"perfil-de-esfingolipidos-en-la-colangitis-biliar-primaria-en-fase-inicial","post_title":"Perfil de esfingol\u00edpidos en la colangitis biliar primaria en fase inicial","href":"https:\/\/medizinonline.com\/es\/perfil-de-esfingolipidos-en-la-colangitis-biliar-primaria-en-fase-inicial\/"}},"_links":{"self":[{"href":"https:\/\/medizinonline.com\/fr\/wp-json\/wp\/v2\/posts\/461521","targetHints":{"allow":["GET"]}}],"collection":[{"href":"https:\/\/medizinonline.com\/fr\/wp-json\/wp\/v2\/posts"}],"about":[{"href":"https:\/\/medizinonline.com\/fr\/wp-json\/wp\/v2\/types\/post"}],"author":[{"embeddable":true,"href":"https:\/\/medizinonline.com\/fr\/wp-json\/wp\/v2\/users\/7"}],"replies":[{"embeddable":true,"href":"https:\/\/medizinonline.com\/fr\/wp-json\/wp\/v2\/comments?post=461521"}],"version-history":[{"count":1,"href":"https:\/\/medizinonline.com\/fr\/wp-json\/wp\/v2\/posts\/461521\/revisions"}],"predecessor-version":[{"id":461523,"href":"https:\/\/medizinonline.com\/fr\/wp-json\/wp\/v2\/posts\/461521\/revisions\/461523"}],"wp:featuredmedia":[{"embeddable":true,"href":"https:\/\/medizinonline.com\/fr\/wp-json\/wp\/v2\/media\/461522"}],"wp:attachment":[{"href":"https:\/\/medizinonline.com\/fr\/wp-json\/wp\/v2\/media?parent=461521"}],"wp:term":[{"taxonomy":"category","embeddable":true,"href":"https:\/\/medizinonline.com\/fr\/wp-json\/wp\/v2\/category?post=461521"},{"taxonomy":"post_tag","embeddable":true,"href":"https:\/\/medizinonline.com\/fr\/wp-json\/wp\/v2\/tags?post=461521"},{"taxonomy":"powerkit_post_featured","embeddable":true,"href":"https:\/\/medizinonline.com\/fr\/wp-json\/wp\/v2\/powerkit_post_featured?post=461521"}],"curies":[{"name":"wp","href":"https:\/\/api.w.org\/{rel}","templated":true}]}}