{"id":461570,"date":"2026-02-20T12:05:19","date_gmt":"2026-02-20T11:05:19","guid":{"rendered":"https:\/\/medizinonline.com\/une-approche-individualisee-pour-une-prevention-et-des-soins-durables\/"},"modified":"2026-02-20T12:05:28","modified_gmt":"2026-02-20T11:05:28","slug":"une-approche-individualisee-pour-une-prevention-et-des-soins-durables","status":"publish","type":"post","link":"https:\/\/medizinonline.com\/fr\/une-approche-individualisee-pour-une-prevention-et-des-soins-durables\/","title":{"rendered":"Une approche individualis\u00e9e pour une pr\u00e9vention et des soins durables"},"content":{"rendered":"\n<p><strong>Les lignes directrices r\u00e9vis\u00e9es par l&#8217;EACS <em>(The European AIDS Clinical Society) <\/em>ont \u00e9t\u00e9 pr\u00e9sent\u00e9es l&#8217;automne dernier et refl\u00e8tent la volont\u00e9 d&#8217;adapter les recommandations aux r\u00e9alit\u00e9s cliniques actuelles et \u00e0 l&#8217;\u00e9volution des besoins des personnes vivant avec le VIH. Des progr\u00e8s importants ont \u00e9t\u00e9 r\u00e9alis\u00e9s r\u00e9cemment, tant en ce qui concerne les traitements antir\u00e9troviraux que le traitement des comorbidit\u00e9s. <\/strong><\/p>\n\n<div class=\"pmpro\"><div class=\"pmpro_card pmpro_content_message\"><div class=\"pmpro_card_content\">Dieser Inhalt ist nur f\u00fcr Benutzer der Gruppe: Medizinische Fachperson zug\u00e4nglich <br \/><a href=\"https:\/\/medizinonline.com\/fr\/mon-compte\/paquets\/\">Jetzt beitreten<\/a><\/div><div class=\"pmpro_card_actions pmpro_font-medium\">Already a member? <a href=\"https:\/\/medizinonline.com\/fr\/se-connecter\/?redirect_to=https%3A%2F%2Fmedizinonline.com%2Ffr%2Fune-approche-individualisee-pour-une-prevention-et-des-soins-durables%2F\">Connectez-vous ici<\/a><\/div><\/div><\/div>","protected":false},"excerpt":{"rendered":"<p>Les lignes directrices r\u00e9vis\u00e9es par l&#8217;EACS (The European AIDS Clinical Society) ont \u00e9t\u00e9 pr\u00e9sent\u00e9es l&#8217;automne dernier et refl\u00e8tent la volont\u00e9 d&#8217;adapter les recommandations aux r\u00e9alit\u00e9s cliniques actuelles et \u00e0 l&#8217;\u00e9volution&#8230;&hellip;... <\/p>\n<div class=\"pmpro\"><div class=\"pmpro_card pmpro_content_message\"><div class=\"pmpro_card_content\">Dieser Inhalt ist nur f\u00fcr Benutzer der Gruppe: Medizinische Fachperson zug\u00e4nglich <br \/><a href=\"https:\/\/medizinonline.com\/fr\/mon-compte\/paquets\/\">Jetzt beitreten<\/a><\/div><div class=\"pmpro_card_actions pmpro_font-medium\">Already a member? <a href=\"https:\/\/medizinonline.com\/fr\/se-connecter\/?redirect_to=https%3A%2F%2Fmedizinonline.com%2Ffr%2Fune-approche-individualisee-pour-une-prevention-et-des-soins-durables%2F\">Connectez-vous ici<\/a><\/div><\/div><\/div>","protected":false},"author":7,"featured_media":461571,"comment_status":"closed","ping_status":"closed","sticky":false,"template":"","format":"standard","meta":{"_acf_changed":false,"pmpro_default_level":"","cat_1_feature_home_top":false,"cat_2_editor_pick":false,"csco_eyebrow_text":"VIH : mise \u00e0 jour des lignes directrices de l'EACS  ","footnotes":""},"category":[11378,11527,11531,11428,11315,11482,11549],"tags":[88385,88386,88383,55833,88387,88384,88373,88381,88375,88377,88379,88376,88372,88380,88378,88374,18422,88382],"powerkit_post_featured":[],"class_list":["post-461570","post","type-post","status-publish","format-standard","has-post-thumbnail","category-cardiologie","category-etudes","category-formation-continue","category-infectiologie","category-medecine-interne-generale","category-prevention-et-soins-de-sante","category-rx-fr","tag-bic","tag-bictegravir","tag-dolutegravir","tag-dor-fr","tag-doravirine","tag-dtg","tag-eacs","tag-emtricitabine","tag-fumarate-de-tenofovir-et-de-disoproxil","tag-la-societe-clinique-europeenne-du-sida","tag-lamivudine","tag-ligne-directrice-de-leacs","tag-prep","tag-taf","tag-tdf","tag-tenofovir-alafenamide","tag-vih","tag-xtc","pmpro-level-required","pmpro-level-1","pmpro-no-access"],"acf":[],"publishpress_future_action":{"enabled":false,"date":"2026-05-07 08:53:54","action":"change-status","newStatus":"draft","terms":[],"taxonomy":"category","extraData":[]},"publishpress_future_workflow_manual_trigger":{"enabledWorkflows":[]},"wpml_current_locale":"fr_FR","wpml_translations":{"it_IT":{"locale":"it_IT","id":461567,"slug":"approccio-individualizzato-alla-prevenzione-e-allassistenza-sostenibile","post_title":"Approccio individualizzato alla prevenzione e all'assistenza sostenibile","href":"https:\/\/medizinonline.com\/it\/approccio-individualizzato-alla-prevenzione-e-allassistenza-sostenibile\/"},"pt_PT":{"locale":"pt_PT","id":461549,"slug":"abordagem-individualizada-da-prevencao-e-dos-cuidados-sustentaveis","post_title":"Abordagem individualizada da preven\u00e7\u00e3o e dos cuidados sustent\u00e1veis","href":"https:\/\/medizinonline.com\/pt-pt\/abordagem-individualizada-da-prevencao-e-dos-cuidados-sustentaveis\/"},"es_ES":{"locale":"es_ES","id":461546,"slug":"enfoque-individualizado-de-la-prevencion-y-la-atencion-sostenibles","post_title":"Enfoque individualizado de la prevenci\u00f3n y la atenci\u00f3n sostenibles","href":"https:\/\/medizinonline.com\/es\/enfoque-individualizado-de-la-prevencion-y-la-atencion-sostenibles\/"}},"_links":{"self":[{"href":"https:\/\/medizinonline.com\/fr\/wp-json\/wp\/v2\/posts\/461570","targetHints":{"allow":["GET"]}}],"collection":[{"href":"https:\/\/medizinonline.com\/fr\/wp-json\/wp\/v2\/posts"}],"about":[{"href":"https:\/\/medizinonline.com\/fr\/wp-json\/wp\/v2\/types\/post"}],"author":[{"embeddable":true,"href":"https:\/\/medizinonline.com\/fr\/wp-json\/wp\/v2\/users\/7"}],"replies":[{"embeddable":true,"href":"https:\/\/medizinonline.com\/fr\/wp-json\/wp\/v2\/comments?post=461570"}],"version-history":[{"count":1,"href":"https:\/\/medizinonline.com\/fr\/wp-json\/wp\/v2\/posts\/461570\/revisions"}],"predecessor-version":[{"id":461572,"href":"https:\/\/medizinonline.com\/fr\/wp-json\/wp\/v2\/posts\/461570\/revisions\/461572"}],"wp:featuredmedia":[{"embeddable":true,"href":"https:\/\/medizinonline.com\/fr\/wp-json\/wp\/v2\/media\/461571"}],"wp:attachment":[{"href":"https:\/\/medizinonline.com\/fr\/wp-json\/wp\/v2\/media?parent=461570"}],"wp:term":[{"taxonomy":"category","embeddable":true,"href":"https:\/\/medizinonline.com\/fr\/wp-json\/wp\/v2\/category?post=461570"},{"taxonomy":"post_tag","embeddable":true,"href":"https:\/\/medizinonline.com\/fr\/wp-json\/wp\/v2\/tags?post=461570"},{"taxonomy":"powerkit_post_featured","embeddable":true,"href":"https:\/\/medizinonline.com\/fr\/wp-json\/wp\/v2\/powerkit_post_featured?post=461570"}],"curies":[{"name":"wp","href":"https:\/\/api.w.org\/{rel}","templated":true}]}}