{"id":461626,"date":"2026-02-05T12:33:18","date_gmt":"2026-02-05T11:33:18","guid":{"rendered":"https:\/\/medizinonline.com\/?p=461626"},"modified":"2026-02-05T12:33:48","modified_gmt":"2026-02-05T11:33:48","slug":"protection-contre-le-vrs-des-le-debut-de-la-vie%c2%b9","status":"publish","type":"post","link":"https:\/\/medizinonline.com\/fr\/protection-contre-le-vrs-des-le-debut-de-la-vie%c2%b9\/","title":{"rendered":"Protection contre le VRS d\u00e8s le d\u00e9but de la vie\u00b9"},"content":{"rendered":"\n<p><strong><br>L&#8217;infection par le virus respiratoire syncytial (VRS) est la cause la plus fr\u00e9quente d&#8217;hospitalisation du nourrisson pendant la saison hivernale <sup>1<\/sup>. Les strat\u00e9gies de pr\u00e9vention telles que la vaccination des femmes enceintes et l&#8217;anticorps monoclonal \u00e0 action prolong\u00e9e nirs\u00e9vimab offrent des options efficaces pour r\u00e9duire consid\u00e9rablement le risque d&#8217;\u00e9volution s\u00e9v\u00e8re <sup>1<\/sup>. Le nirs\u00e9vimab (Beyfortus\u00ae) a re\u00e7u le Prix Galien Suisse 2025 dans la cat\u00e9gorie Primary &amp; Specialty.<\/strong><\/p>\n\n\n\n<div class=\"pmpro\"><div class=\"pmpro_card pmpro_content_message\"><div class=\"pmpro_card_content\">Dieser Inhalt ist nur f\u00fcr Benutzer der Gruppe: Medizinische Fachperson zug\u00e4nglich <br \/><a href=\"https:\/\/medizinonline.com\/fr\/mon-compte\/paquets\/\">Jetzt beitreten<\/a><\/div><div class=\"pmpro_card_actions pmpro_font-medium\">Already a member? <a href=\"https:\/\/medizinonline.com\/fr\/se-connecter\/?redirect_to=https%3A%2F%2Fmedizinonline.com%2Ffr%2Fprotection-contre-le-vrs-des-le-debut-de-la-vie%25c2%25b9%2F\">Connectez-vous ici<\/a><\/div><\/div><\/div>","protected":false},"excerpt":{"rendered":"<p>L&#8217;infection par le virus respiratoire syncytial (VRS) est la cause la plus fr\u00e9quente d&#8217;hospitalisation du nourrisson pendant la saison hivernale 1. Les strat\u00e9gies de pr\u00e9vention telles que la vaccination des&#8230;&hellip;... <\/p>\n<div class=\"pmpro\"><div class=\"pmpro_card pmpro_content_message\"><div class=\"pmpro_card_content\">Dieser Inhalt ist nur f\u00fcr Benutzer der Gruppe: Medizinische Fachperson zug\u00e4nglich <br \/><a href=\"https:\/\/medizinonline.com\/fr\/mon-compte\/paquets\/\">Jetzt beitreten<\/a><\/div><div class=\"pmpro_card_actions pmpro_font-medium\">Already a member? <a href=\"https:\/\/medizinonline.com\/fr\/se-connecter\/?redirect_to=https%3A%2F%2Fmedizinonline.com%2Ffr%2Fprotection-contre-le-vrs-des-le-debut-de-la-vie%25c2%25b9%2F\">Connectez-vous ici<\/a><\/div><\/div><\/div>","protected":false},"author":17461,"featured_media":461630,"comment_status":"closed","ping_status":"closed","sticky":false,"template":"","format":"standard","meta":{"_acf_changed":false,"pmpro_default_level":"","cat_1_feature_home_top":false,"cat_2_editor_pick":false,"csco_eyebrow_text":"Strat\u00e9gies de pr\u00e9vention anti-VRS pour tous les nourrissons\u00b9","footnotes":""},"category":[],"tags":[],"powerkit_post_featured":[],"class_list":["post-461626","post","type-post","status-publish","format-standard","has-post-thumbnail","pmpro-level-required","pmpro-level-1","pmpro-no-access"],"acf":[],"publishpress_future_action":{"enabled":false,"date":"2026-05-08 22:55:17","action":"change-status","newStatus":"draft","terms":[],"taxonomy":"category","extraData":[]},"publishpress_future_workflow_manual_trigger":{"enabledWorkflows":[]},"wpml_current_locale":"fr_FR","wpml_translations":[],"_links":{"self":[{"href":"https:\/\/medizinonline.com\/fr\/wp-json\/wp\/v2\/posts\/461626","targetHints":{"allow":["GET"]}}],"collection":[{"href":"https:\/\/medizinonline.com\/fr\/wp-json\/wp\/v2\/posts"}],"about":[{"href":"https:\/\/medizinonline.com\/fr\/wp-json\/wp\/v2\/types\/post"}],"author":[{"embeddable":true,"href":"https:\/\/medizinonline.com\/fr\/wp-json\/wp\/v2\/users\/17461"}],"replies":[{"embeddable":true,"href":"https:\/\/medizinonline.com\/fr\/wp-json\/wp\/v2\/comments?post=461626"}],"version-history":[{"count":3,"href":"https:\/\/medizinonline.com\/fr\/wp-json\/wp\/v2\/posts\/461626\/revisions"}],"predecessor-version":[{"id":527575,"href":"https:\/\/medizinonline.com\/fr\/wp-json\/wp\/v2\/posts\/461626\/revisions\/527575"}],"wp:featuredmedia":[{"embeddable":true,"href":"https:\/\/medizinonline.com\/fr\/wp-json\/wp\/v2\/media\/461630"}],"wp:attachment":[{"href":"https:\/\/medizinonline.com\/fr\/wp-json\/wp\/v2\/media?parent=461626"}],"wp:term":[{"taxonomy":"category","embeddable":true,"href":"https:\/\/medizinonline.com\/fr\/wp-json\/wp\/v2\/category?post=461626"},{"taxonomy":"post_tag","embeddable":true,"href":"https:\/\/medizinonline.com\/fr\/wp-json\/wp\/v2\/tags?post=461626"},{"taxonomy":"powerkit_post_featured","embeddable":true,"href":"https:\/\/medizinonline.com\/fr\/wp-json\/wp\/v2\/powerkit_post_featured?post=461626"}],"curies":[{"name":"wp","href":"https:\/\/api.w.org\/{rel}","templated":true}]}}