{"id":549965,"date":"2026-03-23T22:10:42","date_gmt":"2026-03-23T21:10:42","guid":{"rendered":"https:\/\/medizinonline.com\/limportance-de-la-vancomycine-et-de-la-fidaxomicine-a-augmente\/"},"modified":"2026-02-13T16:50:15","modified_gmt":"2026-02-13T15:50:15","slug":"limportance-de-la-vancomycine-et-de-la-fidaxomicine-a-augmente","status":"publish","type":"post","link":"https:\/\/medizinonline.com\/fr\/limportance-de-la-vancomycine-et-de-la-fidaxomicine-a-augmente\/","title":{"rendered":"L&#8217;importance de la vancomycine et de la fidaxomicine a augment\u00e9"},"content":{"rendered":"\n<p><strong>L&#8217;<em>infection \u00e0 C. difficile<\/em>(CDI) est la cause la plus fr\u00e9quente de diarrh\u00e9e nosocomiale li\u00e9e \u00e0 un agent pathog\u00e8ne, mais elle peut \u00e9galement survenir chez des patients ambulatoires en pr\u00e9sence de facteurs de risque. En raison des risques de morbidit\u00e9 et de mortalit\u00e9 associ\u00e9s, une CDI diagnostiqu\u00e9e est g\u00e9n\u00e9ralement indiqu\u00e9e pour un traitement sp\u00e9cifique. L&#8217;utilisation d&#8217;antibiotiques oraux reste la mesure la plus importante, bien qu&#8217;un traitement antibiotique ant\u00e9rieur soit le principal facteur de risque de d\u00e9veloppement d&#8217;une CDI.  <\/strong><\/p>\n\n<div class=\"pmpro\"><div class=\"pmpro_card pmpro_content_message\"><div class=\"pmpro_card_content\">Dieser Inhalt ist nur f\u00fcr Benutzer der Gruppe: Medizinische Fachperson zug\u00e4nglich <br \/><a href=\"https:\/\/medizinonline.com\/fr\/mon-compte\/paquets\/\">Jetzt beitreten<\/a><\/div><div class=\"pmpro_card_actions pmpro_font-medium\">Already a member? <a href=\"https:\/\/medizinonline.com\/fr\/se-connecter\/?redirect_to=https%3A%2F%2Fmedizinonline.com%2Ffr%2Flimportance-de-la-vancomycine-et-de-la-fidaxomicine-a-augmente%2F\">Connectez-vous ici<\/a><\/div><\/div><\/div>","protected":false},"excerpt":{"rendered":"<p>L&#8217;infection \u00e0 C. difficile(CDI) est la cause la plus fr\u00e9quente de diarrh\u00e9e nosocomiale li\u00e9e \u00e0 un agent pathog\u00e8ne, mais elle peut \u00e9galement survenir chez des patients ambulatoires en pr\u00e9sence de&#8230;&hellip;... <\/p>\n<div class=\"pmpro\"><div class=\"pmpro_card pmpro_content_message\"><div class=\"pmpro_card_content\">Dieser Inhalt ist nur f\u00fcr Benutzer der Gruppe: Medizinische Fachperson zug\u00e4nglich <br \/><a href=\"https:\/\/medizinonline.com\/fr\/mon-compte\/paquets\/\">Jetzt beitreten<\/a><\/div><div class=\"pmpro_card_actions pmpro_font-medium\">Already a member? <a href=\"https:\/\/medizinonline.com\/fr\/se-connecter\/?redirect_to=https%3A%2F%2Fmedizinonline.com%2Ffr%2Flimportance-de-la-vancomycine-et-de-la-fidaxomicine-a-augmente%2F\">Connectez-vous ici<\/a><\/div><\/div><\/div>","protected":false},"author":7,"featured_media":549968,"comment_status":"closed","ping_status":"closed","sticky":false,"template":"","format":"standard","meta":{"_acf_changed":false,"pmpro_default_level":"","cat_1_feature_home_top":false,"cat_2_editor_pick":false,"csco_eyebrow_text":"Infection \u00e0 Clostridioides difficile : traitement sp\u00e9cifique  ","footnotes":""},"category":[11527,11414,11315,11535,11549],"tags":[12235,29126,88643,88637,88638,88646,20199,88634,88641,88645],"powerkit_post_featured":[],"class_list":["post-549965","post","type-post","status-publish","format-standard","has-post-thumbnail","category-etudes","category-gastro-enterologie-et-hepatologie","category-medecine-interne-generale","category-rapports-de-congres","category-rx-fr","tag-antibiotiques","tag-cdi-fr","tag-clostridioides-difficile","tag-diarrhee-nosocomiale","tag-fidaxomicine","tag-fmt","tag-infection-fr","tag-infection-a-c-difficile","tag-transfert-de-microbiome-fecal","tag-vancomycine","pmpro-level-required","pmpro-level-1","pmpro-no-access"],"acf":[],"publishpress_future_action":{"enabled":false,"date":"2026-05-06 03:26:37","action":"change-status","newStatus":"draft","terms":[],"taxonomy":"category","extraData":[]},"publishpress_future_workflow_manual_trigger":{"enabledWorkflows":[]},"wpml_current_locale":"fr_FR","wpml_translations":{"it_IT":{"locale":"it_IT","id":549976,"slug":"limportanza-della-vancomicina-e-della-fidaxomicina-e-aumentata","post_title":"L'importanza della vancomicina e della fidaxomicina \u00e8 aumentata","href":"https:\/\/medizinonline.com\/it\/limportanza-della-vancomicina-e-della-fidaxomicina-e-aumentata\/"},"pt_PT":{"locale":"pt_PT","id":549966,"slug":"a-importancia-da-vancomicina-e-da-fidaxomicina-aumentou","post_title":"A import\u00e2ncia da vancomicina e da fidaxomicina aumentou","href":"https:\/\/medizinonline.com\/pt-pt\/a-importancia-da-vancomicina-e-da-fidaxomicina-aumentou\/"},"es_ES":{"locale":"es_ES","id":549971,"slug":"la-importancia-de-la-vancomicina-y-la-fidaxomicina-ha-aumentado","post_title":"La importancia de la vancomicina y la fidaxomicina ha aumentado","href":"https:\/\/medizinonline.com\/es\/la-importancia-de-la-vancomicina-y-la-fidaxomicina-ha-aumentado\/"}},"_links":{"self":[{"href":"https:\/\/medizinonline.com\/fr\/wp-json\/wp\/v2\/posts\/549965","targetHints":{"allow":["GET"]}}],"collection":[{"href":"https:\/\/medizinonline.com\/fr\/wp-json\/wp\/v2\/posts"}],"about":[{"href":"https:\/\/medizinonline.com\/fr\/wp-json\/wp\/v2\/types\/post"}],"author":[{"embeddable":true,"href":"https:\/\/medizinonline.com\/fr\/wp-json\/wp\/v2\/users\/7"}],"replies":[{"embeddable":true,"href":"https:\/\/medizinonline.com\/fr\/wp-json\/wp\/v2\/comments?post=549965"}],"version-history":[{"count":3,"href":"https:\/\/medizinonline.com\/fr\/wp-json\/wp\/v2\/posts\/549965\/revisions"}],"predecessor-version":[{"id":549980,"href":"https:\/\/medizinonline.com\/fr\/wp-json\/wp\/v2\/posts\/549965\/revisions\/549980"}],"wp:featuredmedia":[{"embeddable":true,"href":"https:\/\/medizinonline.com\/fr\/wp-json\/wp\/v2\/media\/549968"}],"wp:attachment":[{"href":"https:\/\/medizinonline.com\/fr\/wp-json\/wp\/v2\/media?parent=549965"}],"wp:term":[{"taxonomy":"category","embeddable":true,"href":"https:\/\/medizinonline.com\/fr\/wp-json\/wp\/v2\/category?post=549965"},{"taxonomy":"post_tag","embeddable":true,"href":"https:\/\/medizinonline.com\/fr\/wp-json\/wp\/v2\/tags?post=549965"},{"taxonomy":"powerkit_post_featured","embeddable":true,"href":"https:\/\/medizinonline.com\/fr\/wp-json\/wp\/v2\/powerkit_post_featured?post=549965"}],"curies":[{"name":"wp","href":"https:\/\/api.w.org\/{rel}","templated":true}]}}