{"id":550647,"date":"2026-03-20T23:06:15","date_gmt":"2026-03-20T22:06:15","guid":{"rendered":"https:\/\/medizinonline.com\/situation-de-lapprovisionnement-en-suisse-mise-a-jour\/"},"modified":"2026-03-20T23:06:21","modified_gmt":"2026-03-20T22:06:21","slug":"situation-de-lapprovisionnement-en-suisse-mise-a-jour","status":"publish","type":"post","link":"https:\/\/medizinonline.com\/fr\/situation-de-lapprovisionnement-en-suisse-mise-a-jour\/","title":{"rendered":"Situation de l&#8217;approvisionnement en Suisse : mise \u00e0 jour"},"content":{"rendered":"\n<p><strong>L&#8217;atlas des services de sant\u00e9, r\u00e9alis\u00e9 sous la direction de l&#8217;Obsan, documente et visualise la fr\u00e9quence des traitements m\u00e9dicaux et des diagnostics entre les cantons, les r\u00e9gions, les groupes d&#8217;\u00e2ge et au fil du temps. Il constitue une bonne base pour une discussion fond\u00e9e sur des donn\u00e9es probantes concernant les causes des diff\u00e9rences r\u00e9gionales en mati\u00e8re de soins. L&#8217;atlas est mis \u00e0 jour en permanence et a r\u00e9cemment \u00e9t\u00e9 enrichi de nouvelles donn\u00e9es.  <\/strong><\/p>\n\n<div class=\"pmpro\"><div class=\"pmpro_card pmpro_content_message\"><div class=\"pmpro_card_content\">Dieser Inhalt ist nur f\u00fcr Benutzer der Gruppe: Medizinische Fachperson zug\u00e4nglich <br \/><a href=\"https:\/\/medizinonline.com\/fr\/mon-compte\/paquets\/\">Jetzt beitreten<\/a><\/div><div class=\"pmpro_card_actions pmpro_font-medium\">Already a member? <a href=\"https:\/\/medizinonline.com\/fr\/se-connecter\/?redirect_to=https%3A%2F%2Fmedizinonline.com%2Ffr%2Fsituation-de-lapprovisionnement-en-suisse-mise-a-jour%2F\">Connectez-vous ici<\/a><\/div><\/div><\/div>","protected":false},"excerpt":{"rendered":"<p>L&#8217;atlas des services de sant\u00e9, r\u00e9alis\u00e9 sous la direction de l&#8217;Obsan, documente et visualise la fr\u00e9quence des traitements m\u00e9dicaux et des diagnostics entre les cantons, les r\u00e9gions, les groupes d&#8217;\u00e2ge&#8230;&hellip;... <\/p>\n<div class=\"pmpro\"><div class=\"pmpro_card pmpro_content_message\"><div class=\"pmpro_card_content\">Dieser Inhalt ist nur f\u00fcr Benutzer der Gruppe: Medizinische Fachperson zug\u00e4nglich <br \/><a href=\"https:\/\/medizinonline.com\/fr\/mon-compte\/paquets\/\">Jetzt beitreten<\/a><\/div><div class=\"pmpro_card_actions pmpro_font-medium\">Already a member? <a href=\"https:\/\/medizinonline.com\/fr\/se-connecter\/?redirect_to=https%3A%2F%2Fmedizinonline.com%2Ffr%2Fsituation-de-lapprovisionnement-en-suisse-mise-a-jour%2F\">Connectez-vous ici<\/a><\/div><\/div><\/div>","protected":false},"author":7,"featured_media":550648,"comment_status":"closed","ping_status":"closed","sticky":false,"template":"","format":"standard","meta":{"_acf_changed":false,"pmpro_default_level":"","cat_1_feature_home_top":false,"cat_2_editor_pick":false,"csco_eyebrow_text":"\"Atlas suisse des soins de sant\u00e9\"  ","footnotes":""},"category":[11546,11315,11482,11549],"tags":[83668,88994],"powerkit_post_featured":[],"class_list":["post-550647","post","type-post","status-publish","format-standard","has-post-thumbnail","category-gestion-du-cabinet-medical","category-medecine-interne-generale","category-prevention-et-soins-de-sante","category-rx-fr","tag-atlas-suisse-des-soins-de-sante","tag-situation-de-lapprovisionnement-en-suisse","pmpro-level-required","pmpro-level-1","pmpro-no-access"],"acf":[],"publishpress_future_action":{"enabled":false,"date":"2026-05-03 23:11:39","action":"change-status","newStatus":"draft","terms":[],"taxonomy":"category","extraData":[]},"publishpress_future_workflow_manual_trigger":{"enabledWorkflows":[]},"wpml_current_locale":"fr_FR","wpml_translations":{"it_IT":{"locale":"it_IT","id":550644,"slug":"situazione-dellapprovvigionamento-in-svizzera-aggiornamento","post_title":"Situazione dell'approvvigionamento in Svizzera: aggiornamento","href":"https:\/\/medizinonline.com\/it\/situazione-dellapprovvigionamento-in-svizzera-aggiornamento\/"},"pt_PT":{"locale":"pt_PT","id":550641,"slug":"situacao-do-aprovisionamento-na-suica-atualizacao","post_title":"Situa\u00e7\u00e3o do aprovisionamento na Su\u00ed\u00e7a: Atualiza\u00e7\u00e3o","href":"https:\/\/medizinonline.com\/pt-pt\/situacao-do-aprovisionamento-na-suica-atualizacao\/"},"es_ES":{"locale":"es_ES","id":550638,"slug":"situacion-del-suministro-en-suiza-actualizacion","post_title":"Situaci\u00f3n del suministro en Suiza: Actualizaci\u00f3n","href":"https:\/\/medizinonline.com\/es\/situacion-del-suministro-en-suiza-actualizacion\/"}},"_links":{"self":[{"href":"https:\/\/medizinonline.com\/fr\/wp-json\/wp\/v2\/posts\/550647","targetHints":{"allow":["GET"]}}],"collection":[{"href":"https:\/\/medizinonline.com\/fr\/wp-json\/wp\/v2\/posts"}],"about":[{"href":"https:\/\/medizinonline.com\/fr\/wp-json\/wp\/v2\/types\/post"}],"author":[{"embeddable":true,"href":"https:\/\/medizinonline.com\/fr\/wp-json\/wp\/v2\/users\/7"}],"replies":[{"embeddable":true,"href":"https:\/\/medizinonline.com\/fr\/wp-json\/wp\/v2\/comments?post=550647"}],"version-history":[{"count":1,"href":"https:\/\/medizinonline.com\/fr\/wp-json\/wp\/v2\/posts\/550647\/revisions"}],"predecessor-version":[{"id":550649,"href":"https:\/\/medizinonline.com\/fr\/wp-json\/wp\/v2\/posts\/550647\/revisions\/550649"}],"wp:featuredmedia":[{"embeddable":true,"href":"https:\/\/medizinonline.com\/fr\/wp-json\/wp\/v2\/media\/550648"}],"wp:attachment":[{"href":"https:\/\/medizinonline.com\/fr\/wp-json\/wp\/v2\/media?parent=550647"}],"wp:term":[{"taxonomy":"category","embeddable":true,"href":"https:\/\/medizinonline.com\/fr\/wp-json\/wp\/v2\/category?post=550647"},{"taxonomy":"post_tag","embeddable":true,"href":"https:\/\/medizinonline.com\/fr\/wp-json\/wp\/v2\/tags?post=550647"},{"taxonomy":"powerkit_post_featured","embeddable":true,"href":"https:\/\/medizinonline.com\/fr\/wp-json\/wp\/v2\/powerkit_post_featured?post=550647"}],"curies":[{"name":"wp","href":"https:\/\/api.w.org\/{rel}","templated":true}]}}