{"id":550895,"date":"2026-03-28T23:18:27","date_gmt":"2026-03-28T22:18:27","guid":{"rendered":"https:\/\/medizinonline.com\/?p=550895"},"modified":"2026-03-28T23:18:35","modified_gmt":"2026-03-28T22:18:35","slug":"agents-topiques-et-systemiques-approches-therapeutiques-eprouvees-et-nouvelles","status":"publish","type":"post","link":"https:\/\/medizinonline.com\/fr\/agents-topiques-et-systemiques-approches-therapeutiques-eprouvees-et-nouvelles\/","title":{"rendered":"Agents topiques et syst\u00e9miques : approches th\u00e9rapeutiques \u00e9prouv\u00e9es et nouvelles"},"content":{"rendered":"\n<p><strong>On sait qu&#8217;il existe plusieurs facteurs de risque et d\u00e9clencheurs qui contribuent aux diff\u00e9rentes manifestations cliniques de la rosac\u00e9e en activant ou en modulant les processus neurovasculaires ou immunologiques. Gr\u00e2ce aux progr\u00e8s de la recherche sur les facteurs impliqu\u00e9s dans la pathogen\u00e8se, la complexit\u00e9 de la maladie est de mieux en mieux comprise, y compris au niveau mol\u00e9culaire. Cela se refl\u00e8te dans le fait que des donn\u00e9es de phase III sont disponibles pour plusieurs candidats m\u00e9dicaments contre la rosac\u00e9e. Plusieurs de ces mol\u00e9cules innovantes ont \u00e9t\u00e9 approuv\u00e9es aux \u00c9tats-Unis.   <\/strong><\/p>\n\n<div class=\"pmpro\"><div class=\"pmpro_card pmpro_content_message\"><div class=\"pmpro_card_content\">Dieser Inhalt ist nur f\u00fcr Benutzer der Gruppe: Medizinische Fachperson zug\u00e4nglich <br \/><a href=\"https:\/\/medizinonline.com\/fr\/mon-compte\/paquets\/\">Jetzt beitreten<\/a><\/div><div class=\"pmpro_card_actions pmpro_font-medium\">Already a member? <a href=\"https:\/\/medizinonline.com\/fr\/se-connecter\/?redirect_to=https%3A%2F%2Fmedizinonline.com%2Ffr%2Fagents-topiques-et-systemiques-approches-therapeutiques-eprouvees-et-nouvelles%2F\">Connectez-vous ici<\/a><\/div><\/div><\/div>","protected":false},"excerpt":{"rendered":"<p>On sait qu&#8217;il existe plusieurs facteurs de risque et d\u00e9clencheurs qui contribuent aux diff\u00e9rentes manifestations cliniques de la rosac\u00e9e en activant ou en modulant les processus neurovasculaires ou immunologiques. Gr\u00e2ce&#8230;&hellip;... <\/p>\n<div class=\"pmpro\"><div class=\"pmpro_card pmpro_content_message\"><div class=\"pmpro_card_content\">Dieser Inhalt ist nur f\u00fcr Benutzer der Gruppe: Medizinische Fachperson zug\u00e4nglich <br \/><a href=\"https:\/\/medizinonline.com\/fr\/mon-compte\/paquets\/\">Jetzt beitreten<\/a><\/div><div class=\"pmpro_card_actions pmpro_font-medium\">Already a member? <a href=\"https:\/\/medizinonline.com\/fr\/se-connecter\/?redirect_to=https%3A%2F%2Fmedizinonline.com%2Ffr%2Fagents-topiques-et-systemiques-approches-therapeutiques-eprouvees-et-nouvelles%2F\">Connectez-vous ici<\/a><\/div><\/div><\/div>","protected":false},"author":7,"featured_media":550900,"comment_status":"closed","ping_status":"closed","sticky":false,"template":"","format":"standard","meta":{"_acf_changed":false,"pmpro_default_level":"","cat_1_feature_home_top":false,"cat_2_editor_pick":false,"csco_eyebrow_text":"La rosac\u00e9e - multiforme et multifactorielle  ","footnotes":""},"category":[11362,11527,11531,11428,11464,11549],"tags":[89169,89171,58697,89175,16936,47361,89174,89165,89167,89182,89173,13671,89177,89180,12617],"powerkit_post_featured":[],"class_list":["post-550895","post","type-post","status-publish","format-standard","has-post-thumbnail","category-dermatologie-et-venerologie","category-etudes","category-formation-continue","category-infectiologie","category-pharmacologie-et-toxicologie","category-rx-fr","tag-agents-systemiques","tag-brimonidine","tag-doxycycline-fr","tag-immunologique-2","tag-ivermectine","tag-metronidazole-fr","tag-mirvaso","tag-neurovasculaire","tag-omiganan","tag-oracea","tag-perilox","tag-rosacee","tag-rosalox","tag-soolantra","tag-therapie-topique","pmpro-level-required","pmpro-level-1","pmpro-no-access"],"acf":[],"publishpress_future_action":{"enabled":false,"date":"2026-05-07 04:41:22","action":"change-status","newStatus":"draft","terms":[],"taxonomy":"category","extraData":[]},"publishpress_future_workflow_manual_trigger":{"enabledWorkflows":[]},"wpml_current_locale":"fr_FR","wpml_translations":{"it_IT":{"locale":"it_IT","id":550920,"slug":"principi-attivi-topici-e-sistemici-approcci-terapeutici-collaudati-e-nuovi","post_title":"Principi attivi topici e sistemici: approcci terapeutici collaudati e nuovi","href":"https:\/\/medizinonline.com\/it\/principi-attivi-topici-e-sistemici-approcci-terapeutici-collaudati-e-nuovi\/"},"pt_PT":{"locale":"pt_PT","id":550916,"slug":"principios-activos-topicos-e-sistemicos-abordagens-terapeuticas-comprovadas-e-novas","post_title":"Princ\u00edpios activos t\u00f3picos e sist\u00e9micos: abordagens terap\u00eauticas comprovadas e novas","href":"https:\/\/medizinonline.com\/pt-pt\/principios-activos-topicos-e-sistemicos-abordagens-terapeuticas-comprovadas-e-novas\/"},"es_ES":{"locale":"es_ES","id":550897,"slug":"principios-activos-topicos-y-sistemicos-enfoques-terapeuticos-probados-y-nuevos","post_title":"Principios activos t\u00f3picos y sist\u00e9micos: enfoques terap\u00e9uticos probados y nuevos","href":"https:\/\/medizinonline.com\/es\/principios-activos-topicos-y-sistemicos-enfoques-terapeuticos-probados-y-nuevos\/"}},"_links":{"self":[{"href":"https:\/\/medizinonline.com\/fr\/wp-json\/wp\/v2\/posts\/550895","targetHints":{"allow":["GET"]}}],"collection":[{"href":"https:\/\/medizinonline.com\/fr\/wp-json\/wp\/v2\/posts"}],"about":[{"href":"https:\/\/medizinonline.com\/fr\/wp-json\/wp\/v2\/types\/post"}],"author":[{"embeddable":true,"href":"https:\/\/medizinonline.com\/fr\/wp-json\/wp\/v2\/users\/7"}],"replies":[{"embeddable":true,"href":"https:\/\/medizinonline.com\/fr\/wp-json\/wp\/v2\/comments?post=550895"}],"version-history":[{"count":1,"href":"https:\/\/medizinonline.com\/fr\/wp-json\/wp\/v2\/posts\/550895\/revisions"}],"predecessor-version":[{"id":550902,"href":"https:\/\/medizinonline.com\/fr\/wp-json\/wp\/v2\/posts\/550895\/revisions\/550902"}],"wp:featuredmedia":[{"embeddable":true,"href":"https:\/\/medizinonline.com\/fr\/wp-json\/wp\/v2\/media\/550900"}],"wp:attachment":[{"href":"https:\/\/medizinonline.com\/fr\/wp-json\/wp\/v2\/media?parent=550895"}],"wp:term":[{"taxonomy":"category","embeddable":true,"href":"https:\/\/medizinonline.com\/fr\/wp-json\/wp\/v2\/category?post=550895"},{"taxonomy":"post_tag","embeddable":true,"href":"https:\/\/medizinonline.com\/fr\/wp-json\/wp\/v2\/tags?post=550895"},{"taxonomy":"powerkit_post_featured","embeddable":true,"href":"https:\/\/medizinonline.com\/fr\/wp-json\/wp\/v2\/powerkit_post_featured?post=550895"}],"curies":[{"name":"wp","href":"https:\/\/api.w.org\/{rel}","templated":true}]}}