{"id":5512,"date":"2015-04-02T16:08:42","date_gmt":"2015-04-02T14:08:42","guid":{"rendered":"http:\/\/127.0.0.1\/mig\/le-plus-important-est-de-renforcer-la-confiance-en-soi\/"},"modified":"2023-01-08T17:00:38","modified_gmt":"2023-01-08T16:00:38","slug":"le-plus-important-est-de-renforcer-la-confiance-en-soi","status":"publish","type":"post","link":"https:\/\/medizinonline.com\/fr\/le-plus-important-est-de-renforcer-la-confiance-en-soi\/","title":{"rendered":"Le plus important est de renforcer la \u00adconfiance en soi"},"content":{"rendered":"<p><strong>DERMATOLOGIE PRAXIS a interrog\u00e9 Hannes L\u00fcthi, directeur des services professionnels du Centre d\u2019Allergie Suisse aha!, sur les possibilit\u00e9s actuellement offertes aux patients dans le domaine de la neurodermite. Les possibilit\u00e9s pour les enfants et leurs proches sont multiples et vont du cours intensif jusqu\u2019au camp de vacances pour enfants. Dans la relation avec les jeunes patients, il est important de s\u2019adapter \u00e0 son interlocuteur pour transmettre l\u2019information.<\/strong><\/p>\n<p><!--more--><\/p>\n<p><strong>Monsieur L\u00fcthi, la neurodermite se manifeste la plupart du temps de mani\u00e8re pr\u00e9coce, avec 85% des patients montrant des signes de la maladie avant l\u2019\u00e2ge de cinq ans. Comment les formations sur la neurodermite sont-elles mises en \u0153uvre chez de si jeunes patients?<br \/>\n<em>Hannes L\u00fcthi:<\/em><\/strong> La formation pour enfants sur la neurodermite enseigne par le jeu aux enfants de quatre \u00e0 sept ans \u00e0 assumer leur responsabilit\u00e9 vis-\u00e0-vis d\u2019eux-m\u00eames, de leur peau et de la maladie. Les enfants soignent leur peau et apprennent \u00e0 appliquer des strat\u00e9gies pour g\u00e9rer ces d\u00e9mangeaisons si d\u00e9sagr\u00e9ables et les r\u00e9actions n\u00e9gatives issues de leur entourage. Ils apprennent \u00e9galement \u00e0 se d\u00e9tendre, \u00e0 \u00e9viter les allerg\u00e8nes et sont encourag\u00e9s \u00e0 reconna\u00eetre leurs propres points forts.<br \/>\nLa marionnette \u00abPhil\u00bb et son ami \u00e0 quatre pattes \u00abBo\u00bb sont les h\u00e9ros des formations pour enfants; ils accompagnent le groupe tout au long de la journ\u00e9e. Chaque enfant repart chez lui avec plusieurs \u00abcadeaux\u00bb qui l\u2019aideront \u00e0 g\u00e9rer sa maladie: \u00abBo\u00bb, le compagnon \u00e0 quatre pattes, le livre de motivation \u00abDas Rucks\u00e4ckchen\u00bb en allemand (\u00abLe petit sac \u00e0 dos\u00bb), ainsi que de nombreux autres tr\u00e9sors que les enfants peuvent emmener dans leur propre sac \u00e0 dos.<\/p>\n<p><strong>Chez les enfants, il est \u00e9galement important que les parents et les autres encadrants sachent comment g\u00e9rer la maladie. Les parents sont-ils pr\u00e9sents durant les cours?<\/strong><br \/>\nOui, les parents sont \u00e9galement pr\u00e9sents: pendant que les enfants d\u00e9couvrent en groupe une foule de choses int\u00e9ressantes au sujet de leur peau, les parents re\u00e7oivent des informations int\u00e9ressantes sur le tableau clinique de la neurodermite dans le cadre d\u2019expos\u00e9s et ils participent \u00e0 des ateliers pratiques. Cette journ\u00e9e donne \u00e9galement aux parents la possibilit\u00e9 d\u2019\u00e9changer entre eux de pr\u00e9cieuses exp\u00e9riences.<\/p>\n<p><strong>Proposez-vous \u00e9galement des cours exclusivement destin\u00e9s aux adultes de l\u2019entourage proche?<\/strong><br \/>\nOui, nous proposons aussi des formations sur la neurodermite aux parents. Ces cours sont destin\u00e9s aux parents et \u00e0 d\u2019autres personnes de r\u00e9f\u00e9rence s\u2019occupant d\u2019enfants de 0 \u00e0 7 ans touch\u00e9s par la maladie.<\/p>\n<p><strong>En quoi le contenu de ces formations se distingue-t-il de celui des personnes directement touch\u00e9es par la maladie?<\/strong><br \/>\nLes enfants ne sont pas pr\u00e9sents lors de la form\u00ad\u00adation sur la neurodermite pour parents. Les parents d\u00e9couvrent les bases m\u00e9dicales et on leur transmet de nombreuses connaissances sur la structure et les soins de la peau. D\u2019autres sujets tels que l\u2019alimentation, la pr\u00e9vention, les strat\u00e9gies au quotidien et les m\u00e9thodes th\u00e9rapeutiques compl\u00e9mentaires sont \u00e9galement abord\u00e9s.<\/p>\n<p><strong>Collaborez-vous \u00e9troitement avec des m\u00e9decins lors de la planification et prenez-vous en compte les derniers r\u00e9sultats de la recherche, par exemple s\u2019agissant de nouvelles formes de traitement?<\/strong><br \/>\nLes formations sont dirig\u00e9es par une \u00e9quipe interdisciplinaire compos\u00e9e de sp\u00e9cialistes des domaines de la m\u00e9decine, de la psychologie et de la nutrition. Le contenu et les offres de aha! Centre d\u2019Allergie Suisse sont bas\u00e9s sur les connaissances scientifiques actuelles. Nous collaborons \u00e9galement \u00e9troitement avec un conseil scientifique compos\u00e9 de personnalit\u00e9s du milieu m\u00e9dico-scientifique.<\/p>\n<p><strong>Il peut \u00eatre important pour les dermatologues et les m\u00e9decins traitants d\u2019informer les personnes touch\u00e9es sur les offres d\u2019assistance et de pouvoir les transmettre \u00e0 un organisme comp\u00e9tent. Dans quels cantons les formations sont-elles propos\u00e9es et comment peut-on s\u2019y inscrire?<\/strong><br \/>\nLes formations sur la neurodermite pour enfants sont organis\u00e9es \u00e0 Berne, Zurich et Lucerne. Les formations pour parents se d\u00e9roulent au printemps et en automne \u00e0 Aarau, B\u00e2le, Berne, Lucerne et Zurich.<br \/>\nDes cours sont \u00e9galement propos\u00e9s en Suisse romande \u00e0 Lausanne et \u00e0 Gen\u00e8ve. Il est possible de s\u2019inscrire directement sur le site web: www.aha.ch \u00e0 la rubrique formations et cours ou au 031 359 90 00.<\/p>\n<p><strong>Quelles sont les autres offres existant pour les enfants touch\u00e9s par la maladie? Votre site web mentionne des camps pour les enfants et les adolescents, de quoi s\u2019agit-il?<\/strong><br \/>\nCes offres de vacances sont destin\u00e9es aux enfants et aux adolescents souffrant d\u2019allergies, d\u2019asthme ou de neurodermite. Le camp pour enfants entre huit et douze ans propose une semaine de vacances pleine de jeux, de divertissements et d\u2019aventure. Le camp pour adolescents entre 13 et 16 ans est un camp de sports d\u2019hiver. Gr\u00e2ce \u00e0 un encadrement sp\u00e9cialis\u00e9, les enfants et les adolescents sont encourag\u00e9s \u00e0 g\u00e9rer de mani\u00e8re responsable les contraintes qui d\u00e9coulent de leur \u00e9tat de sant\u00e9. L\u2019\u00e9quipe de moniteurs conna\u00eet les ant\u00e9c\u00e9dents m\u00e9dicaux des participants et leurs besoins particuliers sont pris en compte, notamment au niveau de l\u2019alimentation. Tous les camps de vacances ont lieu dans la r\u00e9gion de Davos\/Klosters.<\/p>\n<p><strong>Comment peut-on aider les enfants qui sont, en raison de la visibilit\u00e9 de leur maladie cutan\u00e9e, mis \u00e0 l\u2019\u00e9cart ou victimes de mobbing \u00e0 l\u2019\u00e9cole?<\/strong><br \/>\nLes parents et les enseignants doivent dans ces cas particuli\u00e8rement s\u2019impliquer. Les enfants touch\u00e9s doivent d\u2019une part \u00eatre soutenus dans la gestion des r\u00e9actions n\u00e9gatives. Il est avant tout important qu\u2019ils d\u00e9veloppent une saine confiance en soi. Les parents apportent dans ce domaine une contribution essentielle. Cet aspect fait d\u2019ailleurs \u00e9galement partie des sujets abord\u00e9s dans le cadre des cours. Les enseignants doivent d\u2019autre part prendre des mesures de pr\u00e9vention adapt\u00e9es, se positionner clairement et pouvoir r\u00e9agir syst\u00e9matiquement \u00e0 de tels incidents. L\u2019assistante sociale en milieu scolaire peut \u00e9galement vous offrir un soutien dans ces situations et les sp\u00e9cialistes d\u2019aha! Centre d\u2019Allergie Suisse sont \u00e0 vos c\u00f4t\u00e9s pour vous conseiller.<\/p>\n<p><em><strong>Interview: Andreas Grossmann<\/strong><\/em><\/p>\n","protected":false},"excerpt":{"rendered":"<p>DERMATOLOGIE PRAXIS a interrog\u00e9 Hannes L\u00fcthi, directeur des services professionnels du Centre d\u2019Allergie Suisse aha!, sur les possibilit\u00e9s actuellement offertes aux patients dans le domaine de la neurodermite. Les possibilit\u00e9s&hellip;<\/p>\n","protected":false},"author":8,"featured_media":5511,"comment_status":"closed","ping_status":"closed","sticky":false,"template":"","format":"standard","meta":{"_acf_changed":false,"pmpro_default_level":"","cat_1_feature_home_top":false,"cat_2_editor_pick":false,"csco_eyebrow_text":"Formations sur la neurodermite","footnotes":""},"category":[],"tags":[12972,13131,12584],"powerkit_post_featured":[],"class_list":["post-5512","post","type-post","status-publish","format-standard","has-post-thumbnail","tag-allergie-fr","tag-dermatite-atopique-fr-2","tag-enfants","pmpro-has-access"],"acf":[],"publishpress_future_action":{"enabled":false,"date":"2026-05-02 07:23:27","action":"change-status","newStatus":"draft","terms":[],"taxonomy":"category","extraData":[]},"publishpress_future_workflow_manual_trigger":{"enabledWorkflows":[]},"wpml_current_locale":"fr_FR","wpml_translations":{"it_IT":{"locale":"it_IT","id":321771,"slug":"la-cosa-piu-importante-e-costruire-la-fiducia-in-se-stessi","post_title":"La cosa pi\u00f9 importante \u00e8 costruire la fiducia in se stessi.","href":"https:\/\/medizinonline.com\/it\/la-cosa-piu-importante-e-costruire-la-fiducia-in-se-stessi\/"},"pt_PT":{"locale":"pt_PT","id":321772,"slug":"o-mais-importante-e-construir-a-autoconfianca","post_title":"O mais importante \u00e9 construir a autoconfian\u00e7a","href":"https:\/\/medizinonline.com\/pt-pt\/o-mais-importante-e-construir-a-autoconfianca\/"},"es_ES":{"locale":"es_ES","id":321769,"slug":"lo-mas-importante-es-fomentar-la-confianza-en-uno-mismo","post_title":"Lo m\u00e1s importante es fomentar la confianza en uno mismo","href":"https:\/\/medizinonline.com\/es\/lo-mas-importante-es-fomentar-la-confianza-en-uno-mismo\/"}},"_links":{"self":[{"href":"https:\/\/medizinonline.com\/fr\/wp-json\/wp\/v2\/posts\/5512","targetHints":{"allow":["GET"]}}],"collection":[{"href":"https:\/\/medizinonline.com\/fr\/wp-json\/wp\/v2\/posts"}],"about":[{"href":"https:\/\/medizinonline.com\/fr\/wp-json\/wp\/v2\/types\/post"}],"author":[{"embeddable":true,"href":"https:\/\/medizinonline.com\/fr\/wp-json\/wp\/v2\/users\/8"}],"replies":[{"embeddable":true,"href":"https:\/\/medizinonline.com\/fr\/wp-json\/wp\/v2\/comments?post=5512"}],"version-history":[{"count":3,"href":"https:\/\/medizinonline.com\/fr\/wp-json\/wp\/v2\/posts\/5512\/revisions"}],"predecessor-version":[{"id":321841,"href":"https:\/\/medizinonline.com\/fr\/wp-json\/wp\/v2\/posts\/5512\/revisions\/321841"}],"wp:featuredmedia":[{"embeddable":true,"href":"https:\/\/medizinonline.com\/fr\/wp-json\/wp\/v2\/media\/5511"}],"wp:attachment":[{"href":"https:\/\/medizinonline.com\/fr\/wp-json\/wp\/v2\/media?parent=5512"}],"wp:term":[{"taxonomy":"category","embeddable":true,"href":"https:\/\/medizinonline.com\/fr\/wp-json\/wp\/v2\/category?post=5512"},{"taxonomy":"post_tag","embeddable":true,"href":"https:\/\/medizinonline.com\/fr\/wp-json\/wp\/v2\/tags?post=5512"},{"taxonomy":"powerkit_post_featured","embeddable":true,"href":"https:\/\/medizinonline.com\/fr\/wp-json\/wp\/v2\/powerkit_post_featured?post=5512"}],"curies":[{"name":"wp","href":"https:\/\/api.w.org\/{rel}","templated":true}]}}