{"id":552065,"date":"2026-03-22T15:04:06","date_gmt":"2026-03-22T14:04:06","guid":{"rendered":"https:\/\/medizinonline.com\/la-protection-des-organes-cardiorespiratoires-est-de-plus-en-plus-mise-en-avant\/"},"modified":"2026-03-22T15:04:36","modified_gmt":"2026-03-22T14:04:36","slug":"la-protection-des-organes-cardiorespiratoires-est-de-plus-en-plus-mise-en-avant","status":"publish","type":"post","link":"https:\/\/medizinonline.com\/fr\/la-protection-des-organes-cardiorespiratoires-est-de-plus-en-plus-mise-en-avant\/","title":{"rendered":"La protection des organes cardiorespiratoires est de plus en plus mise en avant"},"content":{"rendered":"\n<p><strong>Aujourd&#8217;hui, l&#8217;am\u00e9lioration du pronostic cardiorespiratoire chez les patients atteints de diab\u00e8te de type 2 est en grande partie ind\u00e9pendante de l&#8217;\u00e9tat m\u00e9tabolique actuel. La qualit\u00e9 de vie et la protection des organes sont au c\u0153ur d&#8217;un traitement orient\u00e9 vers le patient. Cela se refl\u00e8te dans les recommandations actuelles des associations europ\u00e9ennes et am\u00e9ricaines du diab\u00e8te (EASD\/ADA) ainsi que dans les recommandations pratiques de l&#8217;Association allemande du diab\u00e8te (DDG). En outre, la Soci\u00e9t\u00e9 europ\u00e9enne de cardiologie (ESC) a publi\u00e9 des directives fond\u00e9es sur des preuves pour la prise en charge cardiorespiratoire des diab\u00e9tiques de type 2.   <\/strong><\/p>\n\n<div class=\"pmpro\"><div class=\"pmpro_card pmpro_content_message\"><div class=\"pmpro_card_content\">Dieser Inhalt ist nur f\u00fcr Benutzer der Gruppe: Medizinische Fachperson zug\u00e4nglich <br \/><a href=\"https:\/\/medizinonline.com\/fr\/mon-compte\/paquets\/\">Jetzt beitreten<\/a><\/div><div class=\"pmpro_card_actions pmpro_font-medium\">Already a member? <a href=\"https:\/\/medizinonline.com\/fr\/se-connecter\/?redirect_to=https%3A%2F%2Fmedizinonline.com%2Ffr%2Fla-protection-des-organes-cardiorespiratoires-est-de-plus-en-plus-mise-en-avant%2F\">Connectez-vous ici<\/a><\/div><\/div><\/div>","protected":false},"excerpt":{"rendered":"<p>Aujourd&#8217;hui, l&#8217;am\u00e9lioration du pronostic cardiorespiratoire chez les patients atteints de diab\u00e8te de type 2 est en grande partie ind\u00e9pendante de l&#8217;\u00e9tat m\u00e9tabolique actuel. La qualit\u00e9 de vie et la protection&#8230;&hellip;... <\/p>\n<div class=\"pmpro\"><div class=\"pmpro_card pmpro_content_message\"><div class=\"pmpro_card_content\">Dieser Inhalt ist nur f\u00fcr Benutzer der Gruppe: Medizinische Fachperson zug\u00e4nglich <br \/><a href=\"https:\/\/medizinonline.com\/fr\/mon-compte\/paquets\/\">Jetzt beitreten<\/a><\/div><div class=\"pmpro_card_actions pmpro_font-medium\">Already a member? <a href=\"https:\/\/medizinonline.com\/fr\/se-connecter\/?redirect_to=https%3A%2F%2Fmedizinonline.com%2Ffr%2Fla-protection-des-organes-cardiorespiratoires-est-de-plus-en-plus-mise-en-avant%2F\">Connectez-vous ici<\/a><\/div><\/div><\/div>","protected":false},"author":7,"featured_media":552069,"comment_status":"closed","ping_status":"closed","sticky":false,"template":"","format":"standard","meta":{"_acf_changed":false,"pmpro_default_level":"","cat_1_feature_home_top":false,"cat_2_editor_pick":false,"csco_eyebrow_text":"Traitement du diab\u00e8te de type 2 : le changement de paradigme se poursuit  ","footnotes":"[{\"id\":\"6466059a-1672-405a-9f36-47ea67139930\",\"content\":\"<em>\\u00e9v\\u00e9nement cardiovasculaire majeur (MACE-3), d\\u00e9fini comme une combinaison de d\\u00e9c\\u00e8s d'origine cardiovasculaire, d'infarctus du myocarde (IDM) non fatal ou d'accident vasculaire c\\u00e9r\\u00e9bral (AVC) non fatal<\\\/em>\"},{\"id\":\"3d63edeb-c4f0-4d46-8bb9-6c0bd6759db5\",\"content\":\"<em>correspond \\u00e0 la FC avec fraction d'\\u00e9jection l\\u00e9g\\u00e8rement r\\u00e9duite (HFmrEF) ou pr\\u00e9serv\\u00e9e (HFpEF)<\\\/em>\"},{\"id\":\"5feb8c72-d781-4bae-85b8-cd2801bb52dd\",\"content\":\"<em>Aggravation de l'insuffisance cardiaque et d\\u00e9c\\u00e8s d'origine cardiovasculaire<\\\/em>\"}]"},"category":[11378,11404,11527,11535,11549],"tags":[52072,16370,90531,12050,90530,90528,23440,90529,16372,90527],"powerkit_post_featured":[],"class_list":["post-552065","post","type-post","status-publish","format-standard","has-post-thumbnail","category-cardiologie","category-endocrinologie-et-diabetologie","category-etudes","category-rapports-de-congres","category-rx-fr","tag-analogues-du-glp-1","tag-coeur","tag-confidence","tag-diabete-de-type-2","tag-diabetologie-sans-frontieres","tag-finearts-hf","tag-inhibiteurs-de-sglt-2-fr","tag-protection-des-organes-cardiorespiratoires","tag-rein","tag-surpass-cvot","pmpro-level-required","pmpro-level-1","pmpro-no-access"],"acf":[],"publishpress_future_action":{"enabled":false,"date":"2026-05-07 14:15:27","action":"change-status","newStatus":"draft","terms":[],"taxonomy":"category","extraData":[]},"publishpress_future_workflow_manual_trigger":{"enabledWorkflows":[]},"wpml_current_locale":"fr_FR","wpml_translations":{"it_IT":{"locale":"it_IT","id":552066,"slug":"la-protezione-degli-organi-cardiorenali-sta-venendo-sempre-piu-alla-ribalta","post_title":"La protezione degli organi cardiorenali sta venendo sempre pi\u00f9 alla ribalta","href":"https:\/\/medizinonline.com\/it\/la-protezione-degli-organi-cardiorenali-sta-venendo-sempre-piu-alla-ribalta\/"},"pt_PT":{"locale":"pt_PT","id":552075,"slug":"a-protecao-dos-orgaos-cardiorrenais-esta-cada-vez-mais-em-destaque","post_title":"A prote\u00e7\u00e3o dos \u00f3rg\u00e3os cardiorrenais est\u00e1 cada vez mais em destaque","href":"https:\/\/medizinonline.com\/pt-pt\/a-protecao-dos-orgaos-cardiorrenais-esta-cada-vez-mais-em-destaque\/"},"es_ES":{"locale":"es_ES","id":552068,"slug":"la-proteccion-de-los-organos-cardiorrenales-cobra-cada-vez-mas-protagonismo","post_title":"La protecci\u00f3n de los \u00f3rganos cardiorrenales cobra cada vez m\u00e1s protagonismo","href":"https:\/\/medizinonline.com\/es\/la-proteccion-de-los-organos-cardiorrenales-cobra-cada-vez-mas-protagonismo\/"}},"_links":{"self":[{"href":"https:\/\/medizinonline.com\/fr\/wp-json\/wp\/v2\/posts\/552065","targetHints":{"allow":["GET"]}}],"collection":[{"href":"https:\/\/medizinonline.com\/fr\/wp-json\/wp\/v2\/posts"}],"about":[{"href":"https:\/\/medizinonline.com\/fr\/wp-json\/wp\/v2\/types\/post"}],"author":[{"embeddable":true,"href":"https:\/\/medizinonline.com\/fr\/wp-json\/wp\/v2\/users\/7"}],"replies":[{"embeddable":true,"href":"https:\/\/medizinonline.com\/fr\/wp-json\/wp\/v2\/comments?post=552065"}],"version-history":[{"count":1,"href":"https:\/\/medizinonline.com\/fr\/wp-json\/wp\/v2\/posts\/552065\/revisions"}],"predecessor-version":[{"id":552070,"href":"https:\/\/medizinonline.com\/fr\/wp-json\/wp\/v2\/posts\/552065\/revisions\/552070"}],"wp:featuredmedia":[{"embeddable":true,"href":"https:\/\/medizinonline.com\/fr\/wp-json\/wp\/v2\/media\/552069"}],"wp:attachment":[{"href":"https:\/\/medizinonline.com\/fr\/wp-json\/wp\/v2\/media?parent=552065"}],"wp:term":[{"taxonomy":"category","embeddable":true,"href":"https:\/\/medizinonline.com\/fr\/wp-json\/wp\/v2\/category?post=552065"},{"taxonomy":"post_tag","embeddable":true,"href":"https:\/\/medizinonline.com\/fr\/wp-json\/wp\/v2\/tags?post=552065"},{"taxonomy":"powerkit_post_featured","embeddable":true,"href":"https:\/\/medizinonline.com\/fr\/wp-json\/wp\/v2\/powerkit_post_featured?post=552065"}],"curies":[{"name":"wp","href":"https:\/\/api.w.org\/{rel}","templated":true}]}}