{"id":552331,"date":"2026-04-08T12:14:49","date_gmt":"2026-04-08T10:14:49","guid":{"rendered":"https:\/\/medizinonline.com\/anticoagulation-apres-ablation-par-catheter-pour-combien-de-temps\/"},"modified":"2026-04-08T12:15:02","modified_gmt":"2026-04-08T10:15:02","slug":"anticoagulation-apres-ablation-par-catheter-pour-combien-de-temps","status":"publish","type":"post","link":"https:\/\/medizinonline.com\/fr\/anticoagulation-apres-ablation-par-catheter-pour-combien-de-temps\/","title":{"rendered":"Anticoagulation apr\u00e8s ablation par cath\u00e9ter &#8211; pour combien de temps ?"},"content":{"rendered":"\n<p><strong>Chez des groupes de patients s\u00e9lectionn\u00e9s souffrant de fibrillation auriculaire, l&#8217;ablation peut entra\u00eener une am\u00e9lioration des sympt\u00f4mes et\/ou du pronostic. Pour \u00e9viter les complications, l&#8217;anticoagulation avant, pendant et apr\u00e8s l&#8217;ablation doit \u00eatre guid\u00e9e par des crit\u00e8res. Il existe un consensus sur le fait que l&#8217;anticoagulation orale (AO) p\u00e9riproc\u00e9durale est g\u00e9n\u00e9ralement recommand\u00e9e, quel que soit le risque thromboembolique. En revanche, la poursuite de l&#8217;ACO \u00e0 plus long terme fait l&#8217;objet de controverses. L&#8217;\u00e9tude ALONE-AF, publi\u00e9e en 2025, a apport\u00e9 de nouvelles preuves \u00e0 ce sujet.    <\/strong><\/p>\n\n<div class=\"pmpro\"><div class=\"pmpro_card pmpro_content_message\"><div class=\"pmpro_card_content\">Dieser Inhalt ist nur f\u00fcr Benutzer der Gruppe: Medizinische Fachperson zug\u00e4nglich <br \/><a href=\"https:\/\/medizinonline.com\/fr\/mon-compte\/paquets\/\">Jetzt beitreten<\/a><\/div><div class=\"pmpro_card_actions pmpro_font-medium\">Already a member? <a href=\"https:\/\/medizinonline.com\/fr\/se-connecter\/?redirect_to=https%3A%2F%2Fmedizinonline.com%2Ffr%2Fanticoagulation-apres-ablation-par-catheter-pour-combien-de-temps%2F\">Connectez-vous ici<\/a><\/div><\/div><\/div>","protected":false},"excerpt":{"rendered":"<p>Chez des groupes de patients s\u00e9lectionn\u00e9s souffrant de fibrillation auriculaire, l&#8217;ablation peut entra\u00eener une am\u00e9lioration des sympt\u00f4mes et\/ou du pronostic. Pour \u00e9viter les complications, l&#8217;anticoagulation avant, pendant et apr\u00e8s l&#8217;ablation&#8230;&hellip;... <\/p>\n<div class=\"pmpro\"><div class=\"pmpro_card pmpro_content_message\"><div class=\"pmpro_card_content\">Dieser Inhalt ist nur f\u00fcr Benutzer der Gruppe: Medizinische Fachperson zug\u00e4nglich <br \/><a href=\"https:\/\/medizinonline.com\/fr\/mon-compte\/paquets\/\">Jetzt beitreten<\/a><\/div><div class=\"pmpro_card_actions pmpro_font-medium\">Already a member? <a href=\"https:\/\/medizinonline.com\/fr\/se-connecter\/?redirect_to=https%3A%2F%2Fmedizinonline.com%2Ffr%2Fanticoagulation-apres-ablation-par-catheter-pour-combien-de-temps%2F\">Connectez-vous ici<\/a><\/div><\/div><\/div>","protected":false},"author":7,"featured_media":552332,"comment_status":"closed","ping_status":"closed","sticky":false,"template":"","format":"standard","meta":{"_acf_changed":false,"pmpro_default_level":"","cat_1_feature_home_top":false,"cat_2_editor_pick":false,"csco_eyebrow_text":"Fibrillation auriculaire  ","footnotes":"[{\"id\":\"820568a2-f877-46aa-9cd3-4ea1abaef7c8\",\"content\":\"<em>Les directives internationales actuelles privil\\u00e9gient les DOAK aux antagonistes de la vitamine K pour l'initiation d'un ACO [12].<\\\/em>\"},{\"id\":\"205024e4-65b0-4484-bd8e-fc21995fea78\",\"content\":\"<em>d\\u00e9fini comme un score <sub>CHA2DS2-VASc<\\\/sub> de 1 pour les hommes et de 2 pour les femmes.<\\\/em>\"},{\"id\":\"10e7912f-dae4-4066-b708-ed9557cbfd58\",\"content\":\"<em>dans le groupe ACO, 78% des patients ont re\\u00e7u 5 mg d'apixaban, 8,7% 15 mg de rivaroxaban et 7,3% 20 mg de rivaroxaban<\\\/em>\"}]"},"category":[11378,11527,11535,11549],"tags":[90754,15492,19622,90758,14861,90756],"powerkit_post_featured":[],"class_list":["post-552331","post","type-post","status-publish","format-standard","has-post-thumbnail","category-cardiologie","category-etudes","category-rapports-de-congres","category-rx-fr","tag-ablation-par-catheter-2","tag-anticoagulation-fr","tag-anticoagulation-orale","tag-etude-alone-af","tag-fibrillation-auriculaire","tag-risque-thromboembolique","pmpro-level-required","pmpro-level-1","pmpro-no-access"],"acf":[],"publishpress_future_action":{"enabled":false,"date":"2026-05-03 18:33:27","action":"change-status","newStatus":"draft","terms":[],"taxonomy":"category","extraData":[]},"publishpress_future_workflow_manual_trigger":{"enabledWorkflows":[]},"wpml_current_locale":"fr_FR","wpml_translations":{"it_IT":{"locale":"it_IT","id":552342,"slug":"anticoagulazione-dopo-lablazione-con-catetere-per-quanto-tempo","post_title":"Anticoagulazione dopo l'ablazione con catetere: per quanto tempo?","href":"https:\/\/medizinonline.com\/it\/anticoagulazione-dopo-lablazione-con-catetere-per-quanto-tempo\/"},"pt_PT":{"locale":"pt_PT","id":552333,"slug":"anticoagulacao-apos-ablacao-por-cateter-durante-quanto-tempo","post_title":"Anticoagula\u00e7\u00e3o ap\u00f3s abla\u00e7\u00e3o por cateter - durante quanto tempo?","href":"https:\/\/medizinonline.com\/pt-pt\/anticoagulacao-apos-ablacao-por-cateter-durante-quanto-tempo\/"},"es_ES":{"locale":"es_ES","id":552316,"slug":"anticoagulacion-tras-la-ablacion-con-cateter-durante-cuanto-tiempo","post_title":"Anticoagulaci\u00f3n tras la ablaci\u00f3n con cat\u00e9ter: \u00bfdurante cu\u00e1nto tiempo?","href":"https:\/\/medizinonline.com\/es\/anticoagulacion-tras-la-ablacion-con-cateter-durante-cuanto-tiempo\/"}},"_links":{"self":[{"href":"https:\/\/medizinonline.com\/fr\/wp-json\/wp\/v2\/posts\/552331","targetHints":{"allow":["GET"]}}],"collection":[{"href":"https:\/\/medizinonline.com\/fr\/wp-json\/wp\/v2\/posts"}],"about":[{"href":"https:\/\/medizinonline.com\/fr\/wp-json\/wp\/v2\/types\/post"}],"author":[{"embeddable":true,"href":"https:\/\/medizinonline.com\/fr\/wp-json\/wp\/v2\/users\/7"}],"replies":[{"embeddable":true,"href":"https:\/\/medizinonline.com\/fr\/wp-json\/wp\/v2\/comments?post=552331"}],"version-history":[{"count":1,"href":"https:\/\/medizinonline.com\/fr\/wp-json\/wp\/v2\/posts\/552331\/revisions"}],"predecessor-version":[{"id":552334,"href":"https:\/\/medizinonline.com\/fr\/wp-json\/wp\/v2\/posts\/552331\/revisions\/552334"}],"wp:featuredmedia":[{"embeddable":true,"href":"https:\/\/medizinonline.com\/fr\/wp-json\/wp\/v2\/media\/552332"}],"wp:attachment":[{"href":"https:\/\/medizinonline.com\/fr\/wp-json\/wp\/v2\/media?parent=552331"}],"wp:term":[{"taxonomy":"category","embeddable":true,"href":"https:\/\/medizinonline.com\/fr\/wp-json\/wp\/v2\/category?post=552331"},{"taxonomy":"post_tag","embeddable":true,"href":"https:\/\/medizinonline.com\/fr\/wp-json\/wp\/v2\/tags?post=552331"},{"taxonomy":"powerkit_post_featured","embeddable":true,"href":"https:\/\/medizinonline.com\/fr\/wp-json\/wp\/v2\/powerkit_post_featured?post=552331"}],"curies":[{"name":"wp","href":"https:\/\/api.w.org\/{rel}","templated":true}]}}