{"id":555176,"date":"2026-04-19T05:00:00","date_gmt":"2026-04-19T03:00:00","guid":{"rendered":"https:\/\/medizinonline.com\/les-trajectoires-de-la-da-synthese-des-connaissances-actuelles\/"},"modified":"2026-04-23T13:33:01","modified_gmt":"2026-04-23T11:33:01","slug":"les-trajectoires-de-la-da-synthese-des-connaissances-actuelles","status":"publish","type":"post","link":"https:\/\/medizinonline.com\/fr\/les-trajectoires-de-la-da-synthese-des-connaissances-actuelles\/","title":{"rendered":"Les trajectoires de la DA : Synth\u00e8se des connaissances actuelles"},"content":{"rendered":"\n<p><strong>Les analyses \u00e9pid\u00e9miologiques et les \u00e9tudes longitudinales montrent que la majorit\u00e9 des jeunes enfants atteints de DA sont asymptomatiques \u00e0 l&#8217;\u00e2ge adulte, mais que chez certains, la DA persiste \u00e0 l&#8217;\u00e2ge adulte. Cela s&#8217;accompagne d&#8217;un risque accru de d\u00e9velopper des comorbidit\u00e9s atopiques m\u00e9di\u00e9es par les IgE. Des \u00e9tudes de cohorte ont permis de d\u00e9crypter ces liens. Les connaissances ainsi acquises peuvent \u00eatre utiles pour conseiller les personnes atteintes de la DA et leurs familles.   <\/strong><\/p>\n\n<div class=\"pmpro\"><div class=\"pmpro_card pmpro_content_message\"><div class=\"pmpro_card_content\">Dieser Inhalt ist nur f\u00fcr Benutzer der Gruppe: Medizinische Fachperson zug\u00e4nglich <br \/><a href=\"https:\/\/medizinonline.com\/fr\/mon-compte\/paquets\/\">Jetzt beitreten<\/a><\/div><div class=\"pmpro_card_actions pmpro_font-medium\">Already a member? <a href=\"https:\/\/medizinonline.com\/fr\/se-connecter\/?redirect_to=https%3A%2F%2Fmedizinonline.com%2Ffr%2Fles-trajectoires-de-la-da-synthese-des-connaissances-actuelles%2F\">Connectez-vous ici<\/a><\/div><\/div><\/div>","protected":false},"excerpt":{"rendered":"<p>Les analyses \u00e9pid\u00e9miologiques et les \u00e9tudes longitudinales montrent que la majorit\u00e9 des jeunes enfants atteints de DA sont asymptomatiques \u00e0 l&#8217;\u00e2ge adulte, mais que chez certains, la DA persiste \u00e0&#8230;&hellip;... <\/p>\n<div class=\"pmpro\"><div class=\"pmpro_card pmpro_content_message\"><div class=\"pmpro_card_content\">Dieser Inhalt ist nur f\u00fcr Benutzer der Gruppe: Medizinische Fachperson zug\u00e4nglich <br \/><a href=\"https:\/\/medizinonline.com\/fr\/mon-compte\/paquets\/\">Jetzt beitreten<\/a><\/div><div class=\"pmpro_card_actions pmpro_font-medium\">Already a member? <a href=\"https:\/\/medizinonline.com\/fr\/se-connecter\/?redirect_to=https%3A%2F%2Fmedizinonline.com%2Ffr%2Fles-trajectoires-de-la-da-synthese-des-connaissances-actuelles%2F\">Connectez-vous ici<\/a><\/div><\/div><\/div>","protected":false},"author":7,"featured_media":555177,"comment_status":"closed","ping_status":"closed","sticky":false,"template":"","format":"standard","meta":{"_acf_changed":false,"pmpro_default_level":"","cat_1_feature_home_top":false,"cat_2_editor_pick":false,"csco_eyebrow_text":"La dermatite atopique, une porte ouverte \u00e0 la cascade atopique ?  ","footnotes":""},"category":[11349,11362,11527,11535,11549],"tags":[91605,91602,12636,77780,91601,91603,17477,12408,91604],"powerkit_post_featured":[],"class_list":["post-555176","post","type-post","status-publish","format-standard","has-post-thumbnail","category-allergologie-et-immunologie-clinique","category-dermatologie-et-venerologie","category-etudes","category-rapports-de-congres","category-rx-fr","tag-cascade-atopique","tag-comorbidites-atopiques","tag-dermatite-atopique-fr","tag-etudes-de-cohorte","tag-etudes-longitudinales","tag-gestion-proactive","tag-inhibiteurs-jak","tag-medicaments-biologiques","tag-trajectoires-ad","pmpro-level-required","pmpro-level-1","pmpro-no-access"],"acf":[],"publishpress_future_action":{"enabled":false,"date":"2026-05-04 07:13:32","action":"change-status","newStatus":"draft","terms":[],"taxonomy":"category","extraData":[]},"publishpress_future_workflow_manual_trigger":{"enabledWorkflows":[]},"wpml_current_locale":"fr_FR","wpml_translations":{"it_IT":{"locale":"it_IT","id":555137,"slug":"traiettorie-di-ad-sintesi-delle-scoperte-attuali","post_title":"Traiettorie di AD: Sintesi delle scoperte attuali","href":"https:\/\/medizinonline.com\/it\/traiettorie-di-ad-sintesi-delle-scoperte-attuali\/"},"pt_PT":{"locale":"pt_PT","id":555134,"slug":"trajectorias-da-doenca-de-alzheimer-resumo-dos-resultados-actuais","post_title":"Traject\u00f3rias da doen\u00e7a de Alzheimer: Resumo dos resultados actuais","href":"https:\/\/medizinonline.com\/pt-pt\/trajectorias-da-doenca-de-alzheimer-resumo-dos-resultados-actuais\/"},"es_ES":{"locale":"es_ES","id":555131,"slug":"trayectorias-de-la-ea-resumen-de-los-hallazgos-actuales","post_title":"Trayectorias de la EA: Resumen de los hallazgos actuales","href":"https:\/\/medizinonline.com\/es\/trayectorias-de-la-ea-resumen-de-los-hallazgos-actuales\/"}},"_links":{"self":[{"href":"https:\/\/medizinonline.com\/fr\/wp-json\/wp\/v2\/posts\/555176","targetHints":{"allow":["GET"]}}],"collection":[{"href":"https:\/\/medizinonline.com\/fr\/wp-json\/wp\/v2\/posts"}],"about":[{"href":"https:\/\/medizinonline.com\/fr\/wp-json\/wp\/v2\/types\/post"}],"author":[{"embeddable":true,"href":"https:\/\/medizinonline.com\/fr\/wp-json\/wp\/v2\/users\/7"}],"replies":[{"embeddable":true,"href":"https:\/\/medizinonline.com\/fr\/wp-json\/wp\/v2\/comments?post=555176"}],"version-history":[{"count":1,"href":"https:\/\/medizinonline.com\/fr\/wp-json\/wp\/v2\/posts\/555176\/revisions"}],"predecessor-version":[{"id":555178,"href":"https:\/\/medizinonline.com\/fr\/wp-json\/wp\/v2\/posts\/555176\/revisions\/555178"}],"wp:featuredmedia":[{"embeddable":true,"href":"https:\/\/medizinonline.com\/fr\/wp-json\/wp\/v2\/media\/555177"}],"wp:attachment":[{"href":"https:\/\/medizinonline.com\/fr\/wp-json\/wp\/v2\/media?parent=555176"}],"wp:term":[{"taxonomy":"category","embeddable":true,"href":"https:\/\/medizinonline.com\/fr\/wp-json\/wp\/v2\/category?post=555176"},{"taxonomy":"post_tag","embeddable":true,"href":"https:\/\/medizinonline.com\/fr\/wp-json\/wp\/v2\/tags?post=555176"},{"taxonomy":"powerkit_post_featured","embeddable":true,"href":"https:\/\/medizinonline.com\/fr\/wp-json\/wp\/v2\/powerkit_post_featured?post=555176"}],"curies":[{"name":"wp","href":"https:\/\/api.w.org\/{rel}","templated":true}]}}