{"id":559662,"date":"2026-08-05T21:56:33","date_gmt":"2026-08-05T19:56:33","guid":{"rendered":"https:\/\/medizinonline.com\/la-stratification-complete-des-risques-nest-pas-une-mince-affaire-quelles-sont-les-dernieres-avancees\/"},"modified":"2026-08-05T21:56:41","modified_gmt":"2026-08-05T19:56:41","slug":"la-stratification-complete-des-risques-nest-pas-une-mince-affaire-quelles-sont-les-dernieres-avancees","status":"publish","type":"post","link":"https:\/\/medizinonline.com\/fr\/la-stratification-complete-des-risques-nest-pas-une-mince-affaire-quelles-sont-les-dernieres-avancees\/","title":{"rendered":"La stratification compl\u00e8te des risques n&#8217;est pas une mince affaire : quelles sont les derni\u00e8res avanc\u00e9es ?"},"content":{"rendered":"\n<p class=\"wp-block-paragraph\"><strong>Le carcinome \u00e9pidermo\u00efde cutan\u00e9 (cSCC) est actuellement le deuxi\u00e8me type de cancer de la peau le plus fr\u00e9quent, et le nombre de cas continue d&#8217;augmenter. Alors que, pour la plupart des tumeurs \u00e0 faible risque, la r\u00e9section chirurgicale seule est consid\u00e9r\u00e9e comme la r\u00e9f\u00e9rence, des approches th\u00e9rapeutiques individualis\u00e9es sont n\u00e9cessaires, en particulier pour les patients \u00e0 haut risque. \u00c0 cet \u00e9gard, il existe de nouvelles approches en mati\u00e8re de classification des risques qui \u00e9largissent les syst\u00e8mes de classification internationalement reconnus, tels que ceux de l\u2019AJCC, NCCN et BWH, en y ajoutant d\u2019autres facteurs de risque cliniques, histologiques et li\u00e9s au patient. Cela pourrait avoir des implications majeures pour l\u2019optimisation des strat\u00e9gies th\u00e9rapeutiques et du suivi.    <\/strong><\/p>\n\n<div class=\"pmpro\"><div class=\"pmpro_card pmpro_content_message\"><div class=\"pmpro_card_content\">Dieser Inhalt ist nur f\u00fcr Benutzer der Gruppe: Medizinische Fachperson zug\u00e4nglich <br \/><a href=\"https:\/\/medizinonline.com\/fr\/mon-compte\/paquets\/\">Jetzt beitreten<\/a><\/div><div class=\"pmpro_card_actions pmpro_font-medium\">Already a member? <a href=\"https:\/\/medizinonline.com\/fr\/se-connecter\/?redirect_to=https%3A%2F%2Fmedizinonline.com%2Ffr%2Fla-stratification-complete-des-risques-nest-pas-une-mince-affaire-quelles-sont-les-dernieres-avancees%2F\">Connectez-vous ici<\/a><\/div><\/div><\/div>","protected":false},"excerpt":{"rendered":"<p>Le carcinome \u00e9pidermo\u00efde cutan\u00e9 (cSCC) est actuellement le deuxi\u00e8me type de cancer de la peau le plus fr\u00e9quent, et le nombre de cas continue d&#8217;augmenter. Alors que, pour la plupart&#8230;&hellip;... <\/p>\n<div class=\"pmpro\"><div class=\"pmpro_card pmpro_content_message\"><div class=\"pmpro_card_content\">Dieser Inhalt ist nur f\u00fcr Benutzer der Gruppe: Medizinische Fachperson zug\u00e4nglich <br \/><a href=\"https:\/\/medizinonline.com\/fr\/mon-compte\/paquets\/\">Jetzt beitreten<\/a><\/div><div class=\"pmpro_card_actions pmpro_font-medium\">Already a member? <a href=\"https:\/\/medizinonline.com\/fr\/se-connecter\/?redirect_to=https%3A%2F%2Fmedizinonline.com%2Ffr%2Fla-stratification-complete-des-risques-nest-pas-une-mince-affaire-quelles-sont-les-dernieres-avancees%2F\">Connectez-vous ici<\/a><\/div><\/div><\/div>","protected":false},"author":7,"featured_media":559664,"comment_status":"closed","ping_status":"closed","sticky":false,"template":"","format":"standard","meta":{"_acf_changed":false,"pmpro_default_level":"","cat_1_feature_home_top":false,"cat_2_editor_pick":false,"csco_eyebrow_text":"cSCC : personnaliser la strat\u00e9gie th\u00e9rapeutique et le suivi  ","footnotes":"","_members_access_role":[],"_members_access_error":""},"category":[11549,11362,11527,11389,11535],"tags":[42975,95077,95079,78124,95076,78123,23873,45362,14157,95072,93185,95082,95074,95070],"powerkit_post_featured":[],"class_list":["post-559662","post","type-post","status-publish","format-standard","has-post-thumbnail","category-rx-fr","category-dermatologie-et-venerologie","category-etudes","category-oncologie","category-rapports-de-congres","tag-ajcc-fr","tag-approches-therapeutiques-personnalisees","tag-bwh","tag-carcinome-epidermoide-cutane","tag-classification-des-risques","tag-cscc-fr","tag-facteurs-de-risque","tag-nccn-fr","tag-patients-a-haut-risque","tag-reference-absolue","tag-resection-chirurgicale","tag-strategies-therapeutiques-et-suivi","tag-systemes-de-classification","tag-tumeurs-a-faible-risque","pmpro-level-required","pmpro-level-1","pmpro-no-access"],"acf":[],"publishpress_future_action":{"enabled":false,"date":"2026-09-08 15:41:20","action":"change-status","newStatus":"draft","terms":[],"taxonomy":"category","extraData":[]},"publishpress_future_workflow_manual_trigger":{"enabledWorkflows":[]},"wpml_current_locale":"fr_FR","wpml_translations":{"it_IT":{"locale":"it_IT","id":559667,"slug":"la-stratificazione-completa-del-rischio-non-e-un-argomento-banale-quali-sono-le-novita","post_title":"La stratificazione completa del rischio non \u00e8 un argomento banale: quali sono le novit\u00e0?","href":"https:\/\/medizinonline.com\/it\/la-stratificazione-completa-del-rischio-non-e-un-argomento-banale-quali-sono-le-novita\/"},"pt_PT":{"locale":"pt_PT","id":559673,"slug":"a-estratificacao-abrangente-do-risco-nao-e-uma-tarefa-trivial-quais-sao-as-novidades","post_title":"A estratifica\u00e7\u00e3o abrangente do risco n\u00e3o \u00e9 uma tarefa trivial: quais s\u00e3o as novidades?","href":"https:\/\/medizinonline.com\/pt-pt\/a-estratificacao-abrangente-do-risco-nao-e-uma-tarefa-trivial-quais-sao-as-novidades\/"},"es_ES":{"locale":"es_ES","id":559651,"slug":"la-estratificacion-exhaustiva-del-riesgo-no-es-una-tarea-sencilla-que-novedades-hay-al-respecto","post_title":"La estratificaci\u00f3n exhaustiva del riesgo no es una tarea sencilla: \u00bfqu\u00e9 novedades hay al respecto?","href":"https:\/\/medizinonline.com\/es\/la-estratificacion-exhaustiva-del-riesgo-no-es-una-tarea-sencilla-que-novedades-hay-al-respecto\/"}},"_links":{"self":[{"href":"https:\/\/medizinonline.com\/fr\/wp-json\/wp\/v2\/posts\/559662","targetHints":{"allow":["GET"]}}],"collection":[{"href":"https:\/\/medizinonline.com\/fr\/wp-json\/wp\/v2\/posts"}],"about":[{"href":"https:\/\/medizinonline.com\/fr\/wp-json\/wp\/v2\/types\/post"}],"author":[{"embeddable":true,"href":"https:\/\/medizinonline.com\/fr\/wp-json\/wp\/v2\/users\/7"}],"replies":[{"embeddable":true,"href":"https:\/\/medizinonline.com\/fr\/wp-json\/wp\/v2\/comments?post=559662"}],"version-history":[{"count":1,"href":"https:\/\/medizinonline.com\/fr\/wp-json\/wp\/v2\/posts\/559662\/revisions"}],"predecessor-version":[{"id":561828,"href":"https:\/\/medizinonline.com\/fr\/wp-json\/wp\/v2\/posts\/559662\/revisions\/561828"}],"wp:featuredmedia":[{"embeddable":true,"href":"https:\/\/medizinonline.com\/fr\/wp-json\/wp\/v2\/media\/559664"}],"wp:attachment":[{"href":"https:\/\/medizinonline.com\/fr\/wp-json\/wp\/v2\/media?parent=559662"}],"wp:term":[{"taxonomy":"category","embeddable":true,"href":"https:\/\/medizinonline.com\/fr\/wp-json\/wp\/v2\/category?post=559662"},{"taxonomy":"post_tag","embeddable":true,"href":"https:\/\/medizinonline.com\/fr\/wp-json\/wp\/v2\/tags?post=559662"},{"taxonomy":"powerkit_post_featured","embeddable":true,"href":"https:\/\/medizinonline.com\/fr\/wp-json\/wp\/v2\/powerkit_post_featured?post=559662"}],"curies":[{"name":"wp","href":"https:\/\/api.w.org\/{rel}","templated":true}]}}