{"id":561522,"date":"2026-08-11T12:52:35","date_gmt":"2026-08-11T10:52:35","guid":{"rendered":"https:\/\/medizinonline.com\/eviter-les-limitations-fonctionnelles-permanentes\/"},"modified":"2026-08-11T12:52:51","modified_gmt":"2026-08-11T10:52:51","slug":"eviter-les-limitations-fonctionnelles-permanentes","status":"publish","type":"post","link":"https:\/\/medizinonline.com\/fr\/eviter-les-limitations-fonctionnelles-permanentes\/","title":{"rendered":"\u00c9viter les limitations fonctionnelles permanentes"},"content":{"rendered":"\n<p class=\"wp-block-paragraph\"><strong>Au fil des ans, un changement de paradigme s&#8217;est op\u00e9r\u00e9 dans le domaine de la chirurgie moderne de la main. L&#8217;accent est d\u00e9sormais mis sur le traitement conservateur, qui privil\u00e9gie la mobilisation pr\u00e9coce sous suivi ergoth\u00e9rapeutique, pour autant que la stabilit\u00e9 et la fonction soient assur\u00e9es. Dans certains cas, une intervention chirurgicale peut toutefois s&#8217;av\u00e9rer n\u00e9cessaire.    <\/strong><\/p>\n\n<div class=\"pmpro\"><div class=\"pmpro_card pmpro_content_message\"><div class=\"pmpro_card_content\">Dieser Inhalt ist nur f\u00fcr Benutzer der Gruppe: Medizinische Fachperson zug\u00e4nglich <br \/><a href=\"https:\/\/medizinonline.com\/fr\/mon-compte\/paquets\/\">Jetzt beitreten<\/a><\/div><div class=\"pmpro_card_actions pmpro_font-medium\">Already a member? <a href=\"https:\/\/medizinonline.com\/fr\/se-connecter\/?redirect_to=https%3A%2F%2Fmedizinonline.com%2Ffr%2Feviter-les-limitations-fonctionnelles-permanentes%2F\">Connectez-vous ici<\/a><\/div><\/div><\/div>","protected":false},"excerpt":{"rendered":"<p>Au fil des ans, un changement de paradigme s&#8217;est op\u00e9r\u00e9 dans le domaine de la chirurgie moderne de la main. L&#8217;accent est d\u00e9sormais mis sur le traitement conservateur, qui privil\u00e9gie&#8230;&hellip;... <\/p>\n<div class=\"pmpro\"><div class=\"pmpro_card pmpro_content_message\"><div class=\"pmpro_card_content\">Dieser Inhalt ist nur f\u00fcr Benutzer der Gruppe: Medizinische Fachperson zug\u00e4nglich <br \/><a href=\"https:\/\/medizinonline.com\/fr\/mon-compte\/paquets\/\">Jetzt beitreten<\/a><\/div><div class=\"pmpro_card_actions pmpro_font-medium\">Already a member? <a href=\"https:\/\/medizinonline.com\/fr\/se-connecter\/?redirect_to=https%3A%2F%2Fmedizinonline.com%2Ffr%2Feviter-les-limitations-fonctionnelles-permanentes%2F\">Connectez-vous ici<\/a><\/div><\/div><\/div>","protected":false},"author":7,"featured_media":561530,"comment_status":"closed","ping_status":"closed","sticky":false,"template":"","format":"standard","meta":{"_acf_changed":false,"pmpro_default_level":"","cat_1_feature_home_top":false,"cat_2_editor_pick":false,"csco_eyebrow_text":"Blessures \u00e0 la main et aux doigts  ","footnotes":"","_members_access_role":[],"_members_access_error":""},"category":[11549,11399,11329,11315,11472,11454,11535],"tags":[98681,98683,98675,98677,41296,98688,98678,98687,98690,98684,98686,98674,98689,98691,34839],"powerkit_post_featured":[],"class_list":["post-561522","post","type-post","status-publish","format-standard","has-post-thumbnail","category-rx-fr","category-chirurgie-fr","category-medecine-du-sport","category-medecine-interne-generale","category-medecine-physique-et-de-readaptation","category-orthopedie","category-rapports-de-congres","tag-blessures-aux-doigts","tag-blessures-aux-mains","tag-chirurgie-de-la-main","tag-doigt-en-marteau","tag-ergotherapie-fr","tag-fracture-du-boxeur","tag-fracture-du-metacarpe","tag-fracture-du-metacarpe-v","tag-lesion-du-ligament-collateral-ulnaire","tag-limitations-fonctionnelles","tag-luxation-de-larticulation-mediane","tag-luxation-du-pip","tag-pouce-du-skieur","tag-rail","tag-traitement-conservateur","pmpro-level-required","pmpro-level-1","pmpro-no-access"],"acf":[],"publishpress_future_action":{"enabled":false,"date":"2026-09-07 09:33:15","action":"change-status","newStatus":"draft","terms":[],"taxonomy":"category","extraData":[]},"publishpress_future_workflow_manual_trigger":{"enabledWorkflows":[]},"wpml_current_locale":"fr_FR","wpml_translations":{"it_IT":{"locale":"it_IT","id":561533,"slug":"prevenire-limitazioni-funzionali-permanenti","post_title":"Prevenire limitazioni funzionali permanenti","href":"https:\/\/medizinonline.com\/it\/prevenire-limitazioni-funzionali-permanenti\/"},"pt_PT":{"locale":"pt_PT","id":561550,"slug":"evitar-limitacoes-funcionais-permanentes","post_title":"Evitar limita\u00e7\u00f5es funcionais permanentes","href":"https:\/\/medizinonline.com\/pt-pt\/evitar-limitacoes-funcionais-permanentes\/"},"es_ES":{"locale":"es_ES","id":561556,"slug":"evitar-las-limitaciones-funcionales-permanentes","post_title":"Evitar las limitaciones funcionales permanentes","href":"https:\/\/medizinonline.com\/es\/evitar-las-limitaciones-funcionales-permanentes\/"}},"_links":{"self":[{"href":"https:\/\/medizinonline.com\/fr\/wp-json\/wp\/v2\/posts\/561522","targetHints":{"allow":["GET"]}}],"collection":[{"href":"https:\/\/medizinonline.com\/fr\/wp-json\/wp\/v2\/posts"}],"about":[{"href":"https:\/\/medizinonline.com\/fr\/wp-json\/wp\/v2\/types\/post"}],"author":[{"embeddable":true,"href":"https:\/\/medizinonline.com\/fr\/wp-json\/wp\/v2\/users\/7"}],"replies":[{"embeddable":true,"href":"https:\/\/medizinonline.com\/fr\/wp-json\/wp\/v2\/comments?post=561522"}],"version-history":[{"count":1,"href":"https:\/\/medizinonline.com\/fr\/wp-json\/wp\/v2\/posts\/561522\/revisions"}],"predecessor-version":[{"id":561873,"href":"https:\/\/medizinonline.com\/fr\/wp-json\/wp\/v2\/posts\/561522\/revisions\/561873"}],"wp:featuredmedia":[{"embeddable":true,"href":"https:\/\/medizinonline.com\/fr\/wp-json\/wp\/v2\/media\/561530"}],"wp:attachment":[{"href":"https:\/\/medizinonline.com\/fr\/wp-json\/wp\/v2\/media?parent=561522"}],"wp:term":[{"taxonomy":"category","embeddable":true,"href":"https:\/\/medizinonline.com\/fr\/wp-json\/wp\/v2\/category?post=561522"},{"taxonomy":"post_tag","embeddable":true,"href":"https:\/\/medizinonline.com\/fr\/wp-json\/wp\/v2\/tags?post=561522"},{"taxonomy":"powerkit_post_featured","embeddable":true,"href":"https:\/\/medizinonline.com\/fr\/wp-json\/wp\/v2\/powerkit_post_featured?post=561522"}],"curies":[{"name":"wp","href":"https:\/\/api.w.org\/{rel}","templated":true}]}}