{"id":562191,"date":"2026-09-04T21:07:14","date_gmt":"2026-09-04T19:07:14","guid":{"rendered":"https:\/\/medizinonline.com\/?p=562191"},"modified":"2026-09-04T21:07:19","modified_gmt":"2026-09-04T19:07:19","slug":"tableau-clinique-diagnostic-et-traitement","status":"publish","type":"post","link":"https:\/\/medizinonline.com\/fr\/tableau-clinique-diagnostic-et-traitement\/","title":{"rendered":"Tableau clinique, diagnostic et traitement"},"content":{"rendered":"\n<p class=\"wp-block-paragraph\"><strong>Les sympt\u00f4mes typiques de cette ost\u00e9ochondrose et de cette inflammation de la tub\u00e9rosit\u00e9 tibiale sont des douleurs li\u00e9es \u00e0 l&#8217;effort chez les jeunes sportifs. Les enfants \u00e2g\u00e9s de 10 \u00e0 15 ans sont les plus fr\u00e9quemment touch\u00e9s. Les sympt\u00f4mes comprennent des douleurs, un gonflement et une sensibilit\u00e9 au niveau du tubercule tibial, \u00e0 l&#8217;insertion du tendon rotulien. Le diagnostic repose sur les ant\u00e9c\u00e9dents m\u00e9dicaux, l&#8217;examen clinique et l&#8217;imagerie m\u00e9dicale. Le traitement est g\u00e9n\u00e9ralement conservateur.<\/strong><\/p>\n\n<div class=\"pmpro\"><div class=\"pmpro_card pmpro_content_message\"><div class=\"pmpro_card_content\">Dieser Inhalt ist nur f\u00fcr Benutzer der Gruppe: Medizinische Fachperson zug\u00e4nglich <br \/><a href=\"https:\/\/medizinonline.com\/fr\/mon-compte\/paquets\/\">Jetzt beitreten<\/a><\/div><div class=\"pmpro_card_actions pmpro_font-medium\">Already a member? <a href=\"https:\/\/medizinonline.com\/fr\/se-connecter\/?redirect_to=https%3A%2F%2Fmedizinonline.com%2Ffr%2Ftableau-clinique-diagnostic-et-traitement%2F\">Connectez-vous ici<\/a><\/div><\/div><\/div>","protected":false},"excerpt":{"rendered":"<p>Les sympt\u00f4mes typiques de cette ost\u00e9ochondrose et de cette inflammation de la tub\u00e9rosit\u00e9 tibiale sont des douleurs li\u00e9es \u00e0 l&#8217;effort chez les jeunes sportifs. Les enfants \u00e2g\u00e9s de 10 \u00e0&#8230;&hellip;... <\/p>\n<div class=\"pmpro\"><div class=\"pmpro_card pmpro_content_message\"><div class=\"pmpro_card_content\">Dieser Inhalt ist nur f\u00fcr Benutzer der Gruppe: Medizinische Fachperson zug\u00e4nglich <br \/><a href=\"https:\/\/medizinonline.com\/fr\/mon-compte\/paquets\/\">Jetzt beitreten<\/a><\/div><div class=\"pmpro_card_actions pmpro_font-medium\">Already a member? <a href=\"https:\/\/medizinonline.com\/fr\/se-connecter\/?redirect_to=https%3A%2F%2Fmedizinonline.com%2Ffr%2Ftableau-clinique-diagnostic-et-traitement%2F\">Connectez-vous ici<\/a><\/div><\/div><\/div>","protected":false},"author":7,"featured_media":562194,"comment_status":"closed","ping_status":"closed","sticky":false,"template":"","format":"standard","meta":{"_acf_changed":false,"pmpro_default_level":"","cat_1_feature_home_top":false,"cat_2_editor_pick":false,"csco_eyebrow_text":"Maladie d'Osgood-Schlatter  ","footnotes":"","_members_access_role":[],"_members_access_error":""},"category":[11549,11541,11531,11454,11458],"tags":[12244,14937,99048,99045,99046,99041,20515,99050,99040,12600,99043],"powerkit_post_featured":[],"class_list":["post-562191","post","type-post","status-publish","format-standard","has-post-thumbnail","category-rx-fr","category-cases-fr","category-formation-continue","category-orthopedie","category-pediatrie","tag-diagnostic","tag-douleurs","tag-gonflement","tag-inflammation-de-la-tuberosite-tibiale","tag-jeunes-sportifs","tag-maladie-dosgood-schlatter","tag-osteochondrose","tag-point-dinsertion-du-tendon-rotulien","tag-tableau-clinique","tag-traitement-fr","tag-troubles-lies-a-leffort","pmpro-level-required","pmpro-level-1","pmpro-no-access"],"acf":[],"publishpress_future_action":{"enabled":false,"date":"2026-09-11 22:49:34","action":"change-status","newStatus":"draft","terms":[],"taxonomy":"category","extraData":[]},"publishpress_future_workflow_manual_trigger":{"enabledWorkflows":[]},"wpml_current_locale":"fr_FR","wpml_translations":{"it_IT":{"locale":"it_IT","id":562197,"slug":"quadro-clinico-diagnosi-e-trattamento","post_title":"Quadro clinico, diagnosi e trattamento","href":"https:\/\/medizinonline.com\/it\/quadro-clinico-diagnosi-e-trattamento\/"},"pt_PT":{"locale":"pt_PT","id":562206,"slug":"quadro-clinico-diagnostico-e-tratamento","post_title":"Quadro cl\u00ednico, diagn\u00f3stico e tratamento","href":"https:\/\/medizinonline.com\/pt-pt\/quadro-clinico-diagnostico-e-tratamento\/"},"es_ES":{"locale":"es_ES","id":562217,"slug":"cuadro-clinico-diagnostico-y-tratamiento","post_title":"Cuadro cl\u00ednico, diagn\u00f3stico y tratamiento","href":"https:\/\/medizinonline.com\/es\/cuadro-clinico-diagnostico-y-tratamiento\/"}},"_links":{"self":[{"href":"https:\/\/medizinonline.com\/fr\/wp-json\/wp\/v2\/posts\/562191","targetHints":{"allow":["GET"]}}],"collection":[{"href":"https:\/\/medizinonline.com\/fr\/wp-json\/wp\/v2\/posts"}],"about":[{"href":"https:\/\/medizinonline.com\/fr\/wp-json\/wp\/v2\/types\/post"}],"author":[{"embeddable":true,"href":"https:\/\/medizinonline.com\/fr\/wp-json\/wp\/v2\/users\/7"}],"replies":[{"embeddable":true,"href":"https:\/\/medizinonline.com\/fr\/wp-json\/wp\/v2\/comments?post=562191"}],"version-history":[{"count":1,"href":"https:\/\/medizinonline.com\/fr\/wp-json\/wp\/v2\/posts\/562191\/revisions"}],"predecessor-version":[{"id":564486,"href":"https:\/\/medizinonline.com\/fr\/wp-json\/wp\/v2\/posts\/562191\/revisions\/564486"}],"wp:featuredmedia":[{"embeddable":true,"href":"https:\/\/medizinonline.com\/fr\/wp-json\/wp\/v2\/media\/562194"}],"wp:attachment":[{"href":"https:\/\/medizinonline.com\/fr\/wp-json\/wp\/v2\/media?parent=562191"}],"wp:term":[{"taxonomy":"category","embeddable":true,"href":"https:\/\/medizinonline.com\/fr\/wp-json\/wp\/v2\/category?post=562191"},{"taxonomy":"post_tag","embeddable":true,"href":"https:\/\/medizinonline.com\/fr\/wp-json\/wp\/v2\/tags?post=562191"},{"taxonomy":"powerkit_post_featured","embeddable":true,"href":"https:\/\/medizinonline.com\/fr\/wp-json\/wp\/v2\/powerkit_post_featured?post=562191"}],"curies":[{"name":"wp","href":"https:\/\/api.w.org\/{rel}","templated":true}]}}